{"id":3012,"date":"2014-08-04T17:36:06","date_gmt":"2014-08-04T16:36:06","guid":{"rendered":"http:\/\/www.voilco-aster.fr\/blog-sejours-vacances\/?p=3012"},"modified":"2014-08-05T09:03:06","modified_gmt":"2014-08-05T08:03:06","slug":"sejour-juillet-11-14-ans","status":"publish","type":"post","link":"https:\/\/www.voilco-aster.fr\/blog-sejours-vacances\/2014\/08\/04\/sejour-juillet-11-14-ans\/","title":{"rendered":"S\u00e9jour Juillet 11\/14 ans"},"content":{"rendered":"<p>Bonjour \u00e0 toutes et tous&#8230;&#8230;<\/p>\n<p>Chose promise, chose d\u00fbe!<\/p>\n<p>Ce message s&rsquo;adresse aux jeunes et parents du mois de juillet \u00e0 Viam (s\u00e9jour 11\/14ans).<\/p>\n<p>Merci aux participants et participantes pour la r\u00e9daction de ce sujet!!!<\/p>\n<p>VOILCO-ASTER 2014, C&rsquo;EST QUOI?<\/p>\n<p><span style=\"text-decoration: underline;\">Le fonctionnement, l&rsquo;organisation:<\/span><\/p>\n<ul>\n<li>la journ\u00e9e type (top, blague d&rsquo;Otis) :<\/li>\n<\/ul>\n<p>Le matin nous pouvons nous lever lorsqu&rsquo;un tabouret est pos\u00e9 au milieu de notre chambre (vers 7h30), sinon un animateur vient nous lever vers 8h30. Nous trouvons \u00e7a bien, on peut se r\u00e9veiller quand on veut dans ce cr\u00e9neau horaire. Et le r\u00e9veil n&rsquo;est pas brutal.<\/p>\n<p>Apr\u00e8s le petit d\u00e9jeuner, nous allons faire notre toilette et nous habiller en fonction des activit\u00e9s que nous avons choisi par inscription pr\u00e9c\u00e9demment.<\/p>\n<p>Apr\u00e8s le midi, nous avons un temps calme d&rsquo;environ une heure. Ensuite activit\u00e9 de l&rsquo;apr\u00e8m soit tous ensemble soit en petits groupes.<\/p>\n<p>Nous rentrons pour go\u00fbter (avant on se lave les mains \ud83d\ude42 ) et on fait des mini forums qui permettent de donner notre avis sur les activit\u00e9s ou le fonctionnement et de proposer des choses que nous rediscutons ensemble avec tous les jeunes en grand forum.<\/p>\n<p>Puis arrive le temps des douches avant le souper.<\/p>\n<p>Et nous repartons en veill\u00e9e avant d&rsquo;aller reposer nos yeux pour \u00eatre en forme la journ\u00e9e suivante.<\/p>\n<ul>\n<li>Les repas :<\/li>\n<\/ul>\n<p>A VOILCO-ASTER, nous avons un cuisinier qui nous pr\u00e9pare nos repas bien \u00e9quilibr\u00e9 et bien bons!!! Nous mangeons des entr\u00e9es fra\u00eeches, des plats chauds \u00e9quilibr\u00e9s et des desserts tr\u00e8s bons!<\/p>\n<p>Au petit d\u00e9j, nous avons des jus de fruits, des tartines avec du beurre, miel, confitures de fraises, d&rsquo;abricots. En boisson, nous avons aussi du chocolat chaud ou froid, de la ricor\u00e9e, du th\u00e9.<\/p>\n<p><span style=\"text-decoration: underline;\">La vie en collectivit\u00e9 :<\/span><\/p>\n<ul>\n<li>Les animateurs :<\/li>\n<\/ul>\n<p>Ils sont hyper sympas, au d\u00e9but on les vouvoyait mais 2\/3 jours apr\u00e8s on les tutoyait. Il y a L\u00e9na, Axel, Rapha\u00ebl, C\u00e9lia, Manon, S\u00e9bastien et Sim\u00e9on.<\/p>\n<ul>\n<li>Les activit\u00e9s :<\/li>\n<\/ul>\n<p>Cuisine \/ chasse aux tr\u00e9sors \/ chabada \/ bataille navale \/ d\u00e9-guis\u00e9 \/ loup garou \/ cano\u00eb-kayak \/ ambassadeur \/ escalad&rsquo;arbres \/ voile \/ baignade \/ rallye choco \/ sagamore \/ \u00e0 la conqu\u00eate de cheetah \/ \u00e0 l&rsquo;attaque de la forteresse \/ rallye patate \/ time&rsquo;s up&#8230;<\/p>\n<ul>\n<li>Les projets :<\/li>\n<\/ul>\n<p>Rando : un groupe part en rando pour vivre en groupe sous tentes. On fait tout nous m\u00eames : la nourriture, la vaisselle, aller chercher l&rsquo;eau&#8230;<\/p>\n<p>Jeux Olympiques : un groupe a pr\u00e9par\u00e9 des jeux \u00e0 la presqu&rsquo;\u00eele. Il y avait de la corde \u00e0 sauter, un jeu de cailloux, un police\/voleur, des balles.<\/p>\n<p>Th\u00e9\u00e2tre : un groupe a fait des improvisations et des petits jeux pour pr\u00e9parer une repr\u00e9sentation devant la colo.<\/p>\n<p>Sciences :\u00a0 On a fait des exp\u00e9riences et appris plein de choses de la vie courante. On a fait les savants fous!<\/p>\n<p>P\u00eache : un groupe a appris \u00e0 construire des cannes. On a essay\u00e9 de p\u00eacher mais on est rentr\u00e9 bredouille!<\/p>\n<p><span style=\"text-decoration: underline;\">Rubrique musique :<\/span><\/p>\n<p>Bien s\u00fbr comme dans chaque colo, il y a un hymne! Nous cette ann\u00e9e, c&rsquo;\u00e9tait \u00ab\u00a0ti amor ti\u00a0\u00bb ou encore un r\u00e9giment de fromage blanc, la m\u00e8re Michelle version we were rock you, la petite mandarine&#8230;<\/p>\n<p>BREF : beaucoup de rigolades, de jeux collectifs, de la bonne ambiance&#8230;<\/p>\n<p>MERCI \u00e0 vous les jeunes, prenez soin de vous et bonnes vacances!!!!<\/p>\n<p><a href=\"http:\/\/www.voilco-aster.fr\/blog-sejours-vacances\/2014\/07\/25\/des-nouvelles-de-viam-2\/img_0693\/\" rel=\"attachment wp-att-2836\"><img loading=\"lazy\" decoding=\"async\" class=\"alignleft size-thumbnail wp-image-2836\" alt=\"IMG_0693\" src=\"http:\/\/www.voilco-aster.fr\/blog-sejours-vacances\/files\/2014\/07\/IMG_0693-150x150.jpg\" width=\"150\" height=\"150\" \/><\/a><\/p>\n<p>&nbsp;<\/p>\n<p>&nbsp;<\/p>\n<p><a href=\"http:\/\/www.voilco-aster.fr\/blog-sejours-vacances\/2014\/07\/25\/des-nouvelles-de-viam-2\/img_0732\/\" rel=\"attachment wp-att-2860\"><img loading=\"lazy\" decoding=\"async\" class=\"alignleft size-thumbnail wp-image-2860\" alt=\"IMG_0732\" src=\"http:\/\/www.voilco-aster.fr\/blog-sejours-vacances\/files\/2014\/07\/IMG_0732-150x150.jpg\" width=\"150\" height=\"150\" \/><\/a><a href=\"http:\/\/www.voilco-aster.fr\/blog-sejours-vacances\/2014\/07\/25\/des-nouvelles-de-viam-2\/img_0735\/\" rel=\"attachment wp-att-2861\"><img loading=\"lazy\" decoding=\"async\" class=\"alignleft size-thumbnail wp-image-2861\" alt=\"IMG_0735\" src=\"http:\/\/www.voilco-aster.fr\/blog-sejours-vacances\/files\/2014\/07\/IMG_0735-150x150.jpg\" width=\"150\" height=\"150\" \/><\/a><a href=\"http:\/\/www.voilco-aster.fr\/blog-sejours-vacances\/2014\/07\/25\/des-nouvelles-de-viam-2\/img_0672\/\" rel=\"attachment wp-att-2818\"><img loading=\"lazy\" decoding=\"async\" class=\"alignleft size-thumbnail wp-image-2818\" alt=\"IMG_0672\" src=\"http:\/\/www.voilco-aster.fr\/blog-sejours-vacances\/files\/2014\/07\/IMG_0672-150x150.jpg\" width=\"150\" height=\"150\" \/><\/a><a href=\"http:\/\/www.voilco-aster.fr\/blog-sejours-vacances\/2014\/07\/25\/des-nouvelles-de-viam-2\/img_0670\/\" rel=\"attachment wp-att-2816\"><img loading=\"lazy\" decoding=\"async\" class=\"alignleft size-thumbnail wp-image-2816\" alt=\"IMG_0670\" src=\"http:\/\/www.voilco-aster.fr\/blog-sejours-vacances\/files\/2014\/07\/IMG_0670-150x150.jpg\" width=\"150\" height=\"150\" \/><\/a><\/p>\n<p>&nbsp;<\/p>\n<p>&nbsp;<\/p>\n<p>&nbsp;<\/p>\n<p>&nbsp;<\/p>\n<p>&nbsp;<\/p>\n","protected":false},"excerpt":{"rendered":"<p>Bonjour \u00e0 toutes et tous&#8230;&#8230; Chose promise, chose d\u00fbe! Ce message s&rsquo;adresse aux jeunes et parents du mois de juillet \u00e0 Viam (s\u00e9jour 11\/14ans). Merci aux participants et participantes pour la r\u00e9daction de ce sujet!!! VOILCO-ASTER 2014, C&rsquo;EST QUOI? Le fonctionnement, l&rsquo;organisation: la journ\u00e9e type (top, blague d&rsquo;Otis) : Le matin nous pouvons nous lever &hellip; <a href=\"https:\/\/www.voilco-aster.fr\/blog-sejours-vacances\/2014\/08\/04\/sejour-juillet-11-14-ans\/\" class=\"more-link\">Continuer la lecture de <span class=\"screen-reader-text\">S\u00e9jour Juillet 11\/14 ans<\/span><\/a><\/p>\n","protected":false},"author":3,"featured_media":0,"comment_status":"open","ping_status":"closed","sticky":false,"template":"","format":"standard","meta":{"footnotes":""},"categories":[6],"tags":[],"class_list":["post-3012","post","type-post","status-publish","format-standard","hentry","category-sejours-11-14-ans"],"_links":{"self":[{"href":"https:\/\/www.voilco-aster.fr\/blog-sejours-vacances\/wp-json\/wp\/v2\/posts\/3012","targetHints":{"allow":["GET"]}}],"collection":[{"href":"https:\/\/www.voilco-aster.fr\/blog-sejours-vacances\/wp-json\/wp\/v2\/posts"}],"about":[{"href":"https:\/\/www.voilco-aster.fr\/blog-sejours-vacances\/wp-json\/wp\/v2\/types\/post"}],"author":[{"embeddable":true,"href":"https:\/\/www.voilco-aster.fr\/blog-sejours-vacances\/wp-json\/wp\/v2\/users\/3"}],"replies":[{"embeddable":true,"href":"https:\/\/www.voilco-aster.fr\/blog-sejours-vacances\/wp-json\/wp\/v2\/comments?post=3012"}],"version-history":[{"count":7,"href":"https:\/\/www.voilco-aster.fr\/blog-sejours-vacances\/wp-json\/wp\/v2\/posts\/3012\/revisions"}],"predecessor-version":[{"id":3047,"href":"https:\/\/www.voilco-aster.fr\/blog-sejours-vacances\/wp-json\/wp\/v2\/posts\/3012\/revisions\/3047"}],"wp:attachment":[{"href":"https:\/\/www.voilco-aster.fr\/blog-sejours-vacances\/wp-json\/wp\/v2\/media?parent=3012"}],"wp:term":[{"taxonomy":"category","embeddable":true,"href":"https:\/\/www.voilco-aster.fr\/blog-sejours-vacances\/wp-json\/wp\/v2\/categories?post=3012"},{"taxonomy":"post_tag","embeddable":true,"href":"https:\/\/www.voilco-aster.fr\/blog-sejours-vacances\/wp-json\/wp\/v2\/tags?post=3012"}],"curies":[{"name":"wp","href":"https:\/\/api.w.org\/{rel}","templated":true}]}}