{"id":3023,"date":"2014-08-04T19:02:57","date_gmt":"2014-08-04T18:02:57","guid":{"rendered":"http:\/\/www.voilco-aster.fr\/blog-sejours-vacances\/?p=3023"},"modified":"2015-07-05T15:20:42","modified_gmt":"2015-07-05T14:20:42","slug":"jour-2-brivezac-liourdres-3","status":"publish","type":"post","link":"https:\/\/www.voilco-aster.fr\/blog-sejours-vacances\/2014\/08\/04\/jour-2-brivezac-liourdres-3\/","title":{"rendered":"Jour 2 : Brivezac &#8211; Liourdres"},"content":{"rendered":"<p>Hier, les jeunes et les animateurs ont rejoint Liourdres. Le village est situ\u00e9 tout au sud de la Corr\u00e8ze, \u00e0 les fronti\u00e8re du Lot.<\/p>\n<p>C&rsquo;\u00e9tait une belle journ\u00e9e avec quelques gouttes. Le passage \u00e0 Beaulieu \u00e9tait tr\u00e8s joli.<\/p>\n<p>Le soir au camping, un groupe pr\u00e9parait le repas tandis que d&rsquo;autres jouaient \u00e0 la p\u00e9tanque.<br \/>\n<br \/><a href=\"http:\/\/www.voilco-aster.fr\/blog-sejours-vacances\/files\/2014\/08\/20140804-200312-72192928.jpg\"><img decoding=\"async\" src=\"http:\/\/www.voilco-aster.fr\/blog-sejours-vacances\/files\/2014\/08\/20140804-200312-72192928.jpg\" alt=\"20140804-200312-72192928.jpg\" class=\"alignnone size-full\" \/><\/a><\/p>\n","protected":false},"excerpt":{"rendered":"<p>Hier, les jeunes et les animateurs ont rejoint Liourdres. Le village est situ\u00e9 tout au sud de la Corr\u00e8ze, \u00e0 les fronti\u00e8re du Lot. C&rsquo;\u00e9tait une belle journ\u00e9e avec quelques gouttes. Le passage \u00e0 Beaulieu \u00e9tait tr\u00e8s joli. Le soir au camping, un groupe pr\u00e9parait le repas tandis que d&rsquo;autres jouaient \u00e0 la p\u00e9tanque.<\/p>\n","protected":false},"author":1,"featured_media":0,"comment_status":"open","ping_status":"closed","sticky":false,"template":"","format":"standard","meta":{"footnotes":""},"categories":[7],"tags":[],"class_list":["post-3023","post","type-post","status-publish","format-standard","hentry","category-sejour-itinerant-dordogne"],"_links":{"self":[{"href":"https:\/\/www.voilco-aster.fr\/blog-sejours-vacances\/wp-json\/wp\/v2\/posts\/3023","targetHints":{"allow":["GET"]}}],"collection":[{"href":"https:\/\/www.voilco-aster.fr\/blog-sejours-vacances\/wp-json\/wp\/v2\/posts"}],"about":[{"href":"https:\/\/www.voilco-aster.fr\/blog-sejours-vacances\/wp-json\/wp\/v2\/types\/post"}],"author":[{"embeddable":true,"href":"https:\/\/www.voilco-aster.fr\/blog-sejours-vacances\/wp-json\/wp\/v2\/users\/1"}],"replies":[{"embeddable":true,"href":"https:\/\/www.voilco-aster.fr\/blog-sejours-vacances\/wp-json\/wp\/v2\/comments?post=3023"}],"version-history":[{"count":2,"href":"https:\/\/www.voilco-aster.fr\/blog-sejours-vacances\/wp-json\/wp\/v2\/posts\/3023\/revisions"}],"predecessor-version":[{"id":3026,"href":"https:\/\/www.voilco-aster.fr\/blog-sejours-vacances\/wp-json\/wp\/v2\/posts\/3023\/revisions\/3026"}],"wp:attachment":[{"href":"https:\/\/www.voilco-aster.fr\/blog-sejours-vacances\/wp-json\/wp\/v2\/media?parent=3023"}],"wp:term":[{"taxonomy":"category","embeddable":true,"href":"https:\/\/www.voilco-aster.fr\/blog-sejours-vacances\/wp-json\/wp\/v2\/categories?post=3023"},{"taxonomy":"post_tag","embeddable":true,"href":"https:\/\/www.voilco-aster.fr\/blog-sejours-vacances\/wp-json\/wp\/v2\/tags?post=3023"}],"curies":[{"name":"wp","href":"https:\/\/api.w.org\/{rel}","templated":true}]}}