{"id":3028,"date":"2014-08-05T10:00:06","date_gmt":"2014-08-05T09:00:06","guid":{"rendered":"http:\/\/www.voilco-aster.fr\/blog-sejours-vacances\/?p=3028"},"modified":"2015-07-05T15:20:41","modified_gmt":"2015-07-05T14:20:41","slug":"jour-3-liourdres-vayrac-2","status":"publish","type":"post","link":"https:\/\/www.voilco-aster.fr\/blog-sejours-vacances\/2014\/08\/05\/jour-3-liourdres-vayrac-2\/","title":{"rendered":"Jour 3 : Liourdres &#8211; Vayrac"},"content":{"rendered":"<p>Ce matin, tout le monde a pris le petit d\u00e9jeuner au bord de la Dordogne. C&rsquo;\u00e9tait tr\u00e8s sympa !<\/p>\n<p>Aujourd&rsquo;hui, \u00a0le groupe a pass\u00e9 la digue de Carennac par une glissi\u00e8re. Cela fait comme un toboggan ! Il suffit de lever la pagaie et on re\u00e7oit plein d&rsquo;eau en bas !<\/p>\n<p>Arriv\u00e9s \u00e0 Vayrac, le montage du camps a \u00e9t\u00e9 rapide et tout le monde est all\u00e9 \u00e0 la douche !<\/p>\n<p><a href=\"http:\/\/www.voilco-aster.fr\/blog-sejours-vacances\/files\/2014\/08\/20140804-200742-72462643.jpg\"><img decoding=\"async\" class=\"alignnone size-full\" alt=\"20140804-200742-72462643.jpg\" src=\"http:\/\/www.voilco-aster.fr\/blog-sejours-vacances\/files\/2014\/08\/20140804-200742-72462643.jpg\" \/><\/a><\/p>\n","protected":false},"excerpt":{"rendered":"<p>Ce matin, tout le monde a pris le petit d\u00e9jeuner au bord de la Dordogne. C&rsquo;\u00e9tait tr\u00e8s sympa ! Aujourd&rsquo;hui, \u00a0le groupe a pass\u00e9 la digue de Carennac par une glissi\u00e8re. Cela fait comme un toboggan ! Il suffit de lever la pagaie et on re\u00e7oit plein d&rsquo;eau en bas ! Arriv\u00e9s \u00e0 Vayrac, le &hellip; <a href=\"https:\/\/www.voilco-aster.fr\/blog-sejours-vacances\/2014\/08\/05\/jour-3-liourdres-vayrac-2\/\" class=\"more-link\">Continuer la lecture de <span class=\"screen-reader-text\">Jour 3 : Liourdres &#8211; Vayrac<\/span><\/a><\/p>\n","protected":false},"author":1,"featured_media":0,"comment_status":"open","ping_status":"closed","sticky":false,"template":"","format":"standard","meta":{"footnotes":""},"categories":[7],"tags":[],"class_list":["post-3028","post","type-post","status-publish","format-standard","hentry","category-sejour-itinerant-dordogne"],"_links":{"self":[{"href":"https:\/\/www.voilco-aster.fr\/blog-sejours-vacances\/wp-json\/wp\/v2\/posts\/3028","targetHints":{"allow":["GET"]}}],"collection":[{"href":"https:\/\/www.voilco-aster.fr\/blog-sejours-vacances\/wp-json\/wp\/v2\/posts"}],"about":[{"href":"https:\/\/www.voilco-aster.fr\/blog-sejours-vacances\/wp-json\/wp\/v2\/types\/post"}],"author":[{"embeddable":true,"href":"https:\/\/www.voilco-aster.fr\/blog-sejours-vacances\/wp-json\/wp\/v2\/users\/1"}],"replies":[{"embeddable":true,"href":"https:\/\/www.voilco-aster.fr\/blog-sejours-vacances\/wp-json\/wp\/v2\/comments?post=3028"}],"version-history":[{"count":3,"href":"https:\/\/www.voilco-aster.fr\/blog-sejours-vacances\/wp-json\/wp\/v2\/posts\/3028\/revisions"}],"predecessor-version":[{"id":3043,"href":"https:\/\/www.voilco-aster.fr\/blog-sejours-vacances\/wp-json\/wp\/v2\/posts\/3028\/revisions\/3043"}],"wp:attachment":[{"href":"https:\/\/www.voilco-aster.fr\/blog-sejours-vacances\/wp-json\/wp\/v2\/media?parent=3028"}],"wp:term":[{"taxonomy":"category","embeddable":true,"href":"https:\/\/www.voilco-aster.fr\/blog-sejours-vacances\/wp-json\/wp\/v2\/categories?post=3028"},{"taxonomy":"post_tag","embeddable":true,"href":"https:\/\/www.voilco-aster.fr\/blog-sejours-vacances\/wp-json\/wp\/v2\/tags?post=3028"}],"curies":[{"name":"wp","href":"https:\/\/api.w.org\/{rel}","templated":true}]}}