{"id":3061,"date":"2014-08-05T23:09:08","date_gmt":"2014-08-05T22:09:08","guid":{"rendered":"http:\/\/www.voilco-aster.fr\/blog-sejours-vacances\/?p=3061"},"modified":"2014-08-05T23:09:08","modified_gmt":"2014-08-05T22:09:08","slug":"encore-une-belle-journee-2","status":"publish","type":"post","link":"https:\/\/www.voilco-aster.fr\/blog-sejours-vacances\/2014\/08\/05\/encore-une-belle-journee-2\/","title":{"rendered":"Encore une belle journ\u00e9e"},"content":{"rendered":"<p>Cat apr\u00e8s-midi nous avons termin\u00e9 nos cerfs volants et nos moulins \u00e0 eau. Nous avons pu nous baigner et surtout au go\u00fbter nos avons fait chauffer nos pommes au chocolat gr\u00e2ce aux fours solaires que nos copains ont fabriqu\u00e9s.<\/p>\n<div id='gallery-1' class='gallery galleryid-3061 gallery-columns-3 gallery-size-thumbnail'><figure class='gallery-item'>\n\t\t\t<div class='gallery-icon landscape'>\n\t\t\t\t<a href='https:\/\/www.voilco-aster.fr\/blog-sejours-vacances\/2014\/08\/05\/encore-une-belle-journee-2\/dsc_9894\/'><img loading=\"lazy\" decoding=\"async\" width=\"150\" height=\"150\" src=\"https:\/\/www.voilco-aster.fr\/blog-sejours-vacances\/files\/2014\/08\/DSC_9894-150x150.jpg\" class=\"attachment-thumbnail size-thumbnail\" alt=\"\" \/><\/a>\n\t\t\t<\/div><\/figure><figure class='gallery-item'>\n\t\t\t<div class='gallery-icon landscape'>\n\t\t\t\t<a href='https:\/\/www.voilco-aster.fr\/blog-sejours-vacances\/2014\/08\/05\/encore-une-belle-journee-2\/dsc_9896\/'><img loading=\"lazy\" decoding=\"async\" width=\"150\" height=\"150\" src=\"https:\/\/www.voilco-aster.fr\/blog-sejours-vacances\/files\/2014\/08\/DSC_9896-150x150.jpg\" class=\"attachment-thumbnail size-thumbnail\" alt=\"\" \/><\/a>\n\t\t\t<\/div><\/figure><figure class='gallery-item'>\n\t\t\t<div class='gallery-icon landscape'>\n\t\t\t\t<a href='https:\/\/www.voilco-aster.fr\/blog-sejours-vacances\/2014\/08\/05\/encore-une-belle-journee-2\/dsc_9897\/'><img loading=\"lazy\" decoding=\"async\" width=\"150\" height=\"150\" src=\"https:\/\/www.voilco-aster.fr\/blog-sejours-vacances\/files\/2014\/08\/DSC_9897-150x150.jpg\" class=\"attachment-thumbnail size-thumbnail\" alt=\"\" \/><\/a>\n\t\t\t<\/div><\/figure><figure class='gallery-item'>\n\t\t\t<div class='gallery-icon landscape'>\n\t\t\t\t<a href='https:\/\/www.voilco-aster.fr\/blog-sejours-vacances\/2014\/08\/05\/encore-une-belle-journee-2\/dsc_9898\/'><img loading=\"lazy\" decoding=\"async\" width=\"150\" height=\"150\" src=\"https:\/\/www.voilco-aster.fr\/blog-sejours-vacances\/files\/2014\/08\/DSC_9898-150x150.jpg\" class=\"attachment-thumbnail size-thumbnail\" alt=\"\" \/><\/a>\n\t\t\t<\/div><\/figure><figure class='gallery-item'>\n\t\t\t<div class='gallery-icon landscape'>\n\t\t\t\t<a href='https:\/\/www.voilco-aster.fr\/blog-sejours-vacances\/2014\/08\/05\/encore-une-belle-journee-2\/dsc_9899\/'><img loading=\"lazy\" decoding=\"async\" width=\"150\" height=\"150\" src=\"https:\/\/www.voilco-aster.fr\/blog-sejours-vacances\/files\/2014\/08\/DSC_9899-150x150.jpg\" class=\"attachment-thumbnail size-thumbnail\" alt=\"\" \/><\/a>\n\t\t\t<\/div><\/figure><figure class='gallery-item'>\n\t\t\t<div class='gallery-icon landscape'>\n\t\t\t\t<a href='https:\/\/www.voilco-aster.fr\/blog-sejours-vacances\/2014\/08\/05\/encore-une-belle-journee-2\/dsc_9901\/'><img loading=\"lazy\" decoding=\"async\" width=\"150\" height=\"150\" src=\"https:\/\/www.voilco-aster.fr\/blog-sejours-vacances\/files\/2014\/08\/DSC_9901-150x150.jpg\" class=\"attachment-thumbnail size-thumbnail\" alt=\"\" \/><\/a>\n\t\t\t<\/div><\/figure><figure class='gallery-item'>\n\t\t\t<div class='gallery-icon landscape'>\n\t\t\t\t<a href='https:\/\/www.voilco-aster.fr\/blog-sejours-vacances\/2014\/08\/05\/encore-une-belle-journee-2\/dsc_9907\/'><img loading=\"lazy\" decoding=\"async\" width=\"150\" height=\"150\" src=\"https:\/\/www.voilco-aster.fr\/blog-sejours-vacances\/files\/2014\/08\/DSC_9907-150x150.jpg\" class=\"attachment-thumbnail size-thumbnail\" alt=\"\" \/><\/a>\n\t\t\t<\/div><\/figure><figure class='gallery-item'>\n\t\t\t<div class='gallery-icon landscape'>\n\t\t\t\t<a href='https:\/\/www.voilco-aster.fr\/blog-sejours-vacances\/2014\/08\/05\/encore-une-belle-journee-2\/dsc_9910\/'><img loading=\"lazy\" decoding=\"async\" width=\"150\" height=\"150\" src=\"https:\/\/www.voilco-aster.fr\/blog-sejours-vacances\/files\/2014\/08\/DSC_9910-150x150.jpg\" class=\"attachment-thumbnail size-thumbnail\" alt=\"\" \/><\/a>\n\t\t\t<\/div><\/figure><figure class='gallery-item'>\n\t\t\t<div class='gallery-icon landscape'>\n\t\t\t\t<a href='https:\/\/www.voilco-aster.fr\/blog-sejours-vacances\/2014\/08\/05\/encore-une-belle-journee-2\/dsc_9913\/'><img loading=\"lazy\" decoding=\"async\" width=\"150\" height=\"150\" src=\"https:\/\/www.voilco-aster.fr\/blog-sejours-vacances\/files\/2014\/08\/DSC_9913-150x150.jpg\" class=\"attachment-thumbnail size-thumbnail\" alt=\"\" \/><\/a>\n\t\t\t<\/div><\/figure><figure class='gallery-item'>\n\t\t\t<div class='gallery-icon landscape'>\n\t\t\t\t<a href='https:\/\/www.voilco-aster.fr\/blog-sejours-vacances\/2014\/08\/05\/encore-une-belle-journee-2\/dsc_9915\/'><img loading=\"lazy\" decoding=\"async\" width=\"150\" height=\"150\" src=\"https:\/\/www.voilco-aster.fr\/blog-sejours-vacances\/files\/2014\/08\/DSC_9915-150x150.jpg\" class=\"attachment-thumbnail size-thumbnail\" alt=\"\" \/><\/a>\n\t\t\t<\/div><\/figure><figure class='gallery-item'>\n\t\t\t<div class='gallery-icon landscape'>\n\t\t\t\t<a href='https:\/\/www.voilco-aster.fr\/blog-sejours-vacances\/2014\/08\/05\/encore-une-belle-journee-2\/dsc_9916\/'><img loading=\"lazy\" decoding=\"async\" width=\"150\" height=\"150\" src=\"https:\/\/www.voilco-aster.fr\/blog-sejours-vacances\/files\/2014\/08\/DSC_9916-150x150.jpg\" class=\"attachment-thumbnail size-thumbnail\" alt=\"\" \/><\/a>\n\t\t\t<\/div><\/figure><figure class='gallery-item'>\n\t\t\t<div class='gallery-icon landscape'>\n\t\t\t\t<a href='https:\/\/www.voilco-aster.fr\/blog-sejours-vacances\/2014\/08\/05\/encore-une-belle-journee-2\/dsc_9917\/'><img loading=\"lazy\" decoding=\"async\" width=\"150\" height=\"150\" src=\"https:\/\/www.voilco-aster.fr\/blog-sejours-vacances\/files\/2014\/08\/DSC_9917-150x150.jpg\" class=\"attachment-thumbnail size-thumbnail\" alt=\"\" \/><\/a>\n\t\t\t<\/div><\/figure><figure class='gallery-item'>\n\t\t\t<div class='gallery-icon landscape'>\n\t\t\t\t<a href='https:\/\/www.voilco-aster.fr\/blog-sejours-vacances\/2014\/08\/05\/encore-une-belle-journee-2\/dsc_9920\/'><img loading=\"lazy\" decoding=\"async\" width=\"150\" height=\"150\" src=\"https:\/\/www.voilco-aster.fr\/blog-sejours-vacances\/files\/2014\/08\/DSC_9920-150x150.jpg\" class=\"attachment-thumbnail size-thumbnail\" alt=\"\" \/><\/a>\n\t\t\t<\/div><\/figure><figure class='gallery-item'>\n\t\t\t<div class='gallery-icon landscape'>\n\t\t\t\t<a href='https:\/\/www.voilco-aster.fr\/blog-sejours-vacances\/2014\/08\/05\/encore-une-belle-journee-2\/dsc_9923\/'><img loading=\"lazy\" decoding=\"async\" width=\"150\" height=\"150\" src=\"https:\/\/www.voilco-aster.fr\/blog-sejours-vacances\/files\/2014\/08\/DSC_9923-150x150.jpg\" class=\"attachment-thumbnail size-thumbnail\" alt=\"\" \/><\/a>\n\t\t\t<\/div><\/figure>\n\t\t<\/div>\n\n<p>&nbsp;<\/p>\n","protected":false},"excerpt":{"rendered":"<p>Cat apr\u00e8s-midi nous avons termin\u00e9 nos cerfs volants et nos moulins \u00e0 eau. Nous avons pu nous baigner et surtout au go\u00fbter nos avons fait chauffer nos pommes au chocolat gr\u00e2ce aux fours solaires que nos copains ont fabriqu\u00e9s. &nbsp;<\/p>\n","protected":false},"author":6,"featured_media":0,"comment_status":"open","ping_status":"closed","sticky":false,"template":"","format":"standard","meta":{"footnotes":""},"categories":[5,1],"tags":[],"class_list":["post-3061","post","type-post","status-publish","format-standard","hentry","category-sejours-6-11-ans","category-sejours-ete"],"_links":{"self":[{"href":"https:\/\/www.voilco-aster.fr\/blog-sejours-vacances\/wp-json\/wp\/v2\/posts\/3061","targetHints":{"allow":["GET"]}}],"collection":[{"href":"https:\/\/www.voilco-aster.fr\/blog-sejours-vacances\/wp-json\/wp\/v2\/posts"}],"about":[{"href":"https:\/\/www.voilco-aster.fr\/blog-sejours-vacances\/wp-json\/wp\/v2\/types\/post"}],"author":[{"embeddable":true,"href":"https:\/\/www.voilco-aster.fr\/blog-sejours-vacances\/wp-json\/wp\/v2\/users\/6"}],"replies":[{"embeddable":true,"href":"https:\/\/www.voilco-aster.fr\/blog-sejours-vacances\/wp-json\/wp\/v2\/comments?post=3061"}],"version-history":[{"count":1,"href":"https:\/\/www.voilco-aster.fr\/blog-sejours-vacances\/wp-json\/wp\/v2\/posts\/3061\/revisions"}],"predecessor-version":[{"id":3082,"href":"https:\/\/www.voilco-aster.fr\/blog-sejours-vacances\/wp-json\/wp\/v2\/posts\/3061\/revisions\/3082"}],"wp:attachment":[{"href":"https:\/\/www.voilco-aster.fr\/blog-sejours-vacances\/wp-json\/wp\/v2\/media?parent=3061"}],"wp:term":[{"taxonomy":"category","embeddable":true,"href":"https:\/\/www.voilco-aster.fr\/blog-sejours-vacances\/wp-json\/wp\/v2\/categories?post=3061"},{"taxonomy":"post_tag","embeddable":true,"href":"https:\/\/www.voilco-aster.fr\/blog-sejours-vacances\/wp-json\/wp\/v2\/tags?post=3061"}],"curies":[{"name":"wp","href":"https:\/\/api.w.org\/{rel}","templated":true}]}}