{"id":3065,"date":"2014-08-05T18:58:26","date_gmt":"2014-08-05T17:58:26","guid":{"rendered":"http:\/\/www.voilco-aster.fr\/blog-sejours-vacances\/?p=3065"},"modified":"2015-07-05T15:20:41","modified_gmt":"2015-07-05T14:20:41","slug":"jour-4-vayrac-meyronne-2","status":"publish","type":"post","link":"https:\/\/www.voilco-aster.fr\/blog-sejours-vacances\/2014\/08\/05\/jour-4-vayrac-meyronne-2\/","title":{"rendered":"Jour 4 : Vayrac &#8211; Meyronne"},"content":{"rendered":"<p>D\u00e9j\u00e0 le 4\u00e8me jour sur l&rsquo;eau !<br \/>\nLes paysages ont chang\u00e9, il y a plus de falaises.<br \/>\nLe groupe a pass\u00e9 une tr\u00e8s bonne journ\u00e9e suivi dune baignade.<br \/>\nAu menu de ce soir, c&rsquo;est steak hach\u00e9 et haricots verts.<br \/>\nEt demain, ce sera une bonne journ\u00e9e de repos !<\/p>\n<p><a href=\"http:\/\/www.voilco-aster.fr\/blog-sejours-vacances\/files\/2014\/08\/20140805-195823-71903504.jpg\"><img decoding=\"async\" src=\"http:\/\/www.voilco-aster.fr\/blog-sejours-vacances\/files\/2014\/08\/20140805-195823-71903504.jpg\" alt=\"20140805-195823-71903504.jpg\" class=\"alignnone size-full\" \/><\/a><\/p>\n<p><a href=\"http:\/\/www.voilco-aster.fr\/blog-sejours-vacances\/files\/2014\/08\/20140805-195823-71903201.jpg\"><img decoding=\"async\" src=\"http:\/\/www.voilco-aster.fr\/blog-sejours-vacances\/files\/2014\/08\/20140805-195823-71903201.jpg\" alt=\"20140805-195823-71903201.jpg\" class=\"alignnone size-full\" \/><\/a><\/p>\n","protected":false},"excerpt":{"rendered":"<p>D\u00e9j\u00e0 le 4\u00e8me jour sur l&rsquo;eau ! Les paysages ont chang\u00e9, il y a plus de falaises. Le groupe a pass\u00e9 une tr\u00e8s bonne journ\u00e9e suivi dune baignade. Au menu de ce soir, c&rsquo;est steak hach\u00e9 et haricots verts. Et demain, ce sera une bonne journ\u00e9e de repos !<\/p>\n","protected":false},"author":1,"featured_media":0,"comment_status":"open","ping_status":"closed","sticky":false,"template":"","format":"standard","meta":{"footnotes":""},"categories":[7],"tags":[],"class_list":["post-3065","post","type-post","status-publish","format-standard","hentry","category-sejour-itinerant-dordogne"],"_links":{"self":[{"href":"https:\/\/www.voilco-aster.fr\/blog-sejours-vacances\/wp-json\/wp\/v2\/posts\/3065","targetHints":{"allow":["GET"]}}],"collection":[{"href":"https:\/\/www.voilco-aster.fr\/blog-sejours-vacances\/wp-json\/wp\/v2\/posts"}],"about":[{"href":"https:\/\/www.voilco-aster.fr\/blog-sejours-vacances\/wp-json\/wp\/v2\/types\/post"}],"author":[{"embeddable":true,"href":"https:\/\/www.voilco-aster.fr\/blog-sejours-vacances\/wp-json\/wp\/v2\/users\/1"}],"replies":[{"embeddable":true,"href":"https:\/\/www.voilco-aster.fr\/blog-sejours-vacances\/wp-json\/wp\/v2\/comments?post=3065"}],"version-history":[{"count":1,"href":"https:\/\/www.voilco-aster.fr\/blog-sejours-vacances\/wp-json\/wp\/v2\/posts\/3065\/revisions"}],"predecessor-version":[{"id":3066,"href":"https:\/\/www.voilco-aster.fr\/blog-sejours-vacances\/wp-json\/wp\/v2\/posts\/3065\/revisions\/3066"}],"wp:attachment":[{"href":"https:\/\/www.voilco-aster.fr\/blog-sejours-vacances\/wp-json\/wp\/v2\/media?parent=3065"}],"wp:term":[{"taxonomy":"category","embeddable":true,"href":"https:\/\/www.voilco-aster.fr\/blog-sejours-vacances\/wp-json\/wp\/v2\/categories?post=3065"},{"taxonomy":"post_tag","embeddable":true,"href":"https:\/\/www.voilco-aster.fr\/blog-sejours-vacances\/wp-json\/wp\/v2\/tags?post=3065"}],"curies":[{"name":"wp","href":"https:\/\/api.w.org\/{rel}","templated":true}]}}