{"id":3098,"date":"2014-08-06T22:40:04","date_gmt":"2014-08-06T21:40:04","guid":{"rendered":"http:\/\/www.voilco-aster.fr\/blog-sejours-vacances\/?p=3098"},"modified":"2015-07-05T15:20:41","modified_gmt":"2015-07-05T14:20:41","slug":"jour-5-meyronne-3","status":"publish","type":"post","link":"https:\/\/www.voilco-aster.fr\/blog-sejours-vacances\/2014\/08\/06\/jour-5-meyronne-3\/","title":{"rendered":"Jour 5 : Meyronne"},"content":{"rendered":"<p>Aujourd&rsquo;hui \u00e0 Meyronne, c&rsquo;\u00e9tait une petite journ\u00e9e de repos bien accueillie par les petits pagayeurs en herbe !<br \/>\nIls en ont profit\u00e9 pour dormir un peu plus et faire des activit\u00e9s plus reposantes, sans oublier la baignade quand m\u00eame !<\/p>\n<p>Et ce soir un bon barbecue avant de reprendre le fil de l&rsquo;eau demain !<\/p>\n<p><a href=\"http:\/\/www.voilco-aster.fr\/blog-sejours-vacances\/files\/2014\/08\/20140806-144002-52802383.jpg\"><img decoding=\"async\" src=\"http:\/\/www.voilco-aster.fr\/blog-sejours-vacances\/files\/2014\/08\/20140806-144002-52802383.jpg\" alt=\"20140806-144002-52802383.jpg\" class=\"alignnone size-full\" \/><\/a><\/p>\n<p><a href=\"http:\/\/www.voilco-aster.fr\/blog-sejours-vacances\/files\/2014\/08\/IMG_3225.jpg\"><img decoding=\"async\" src=\"http:\/\/www.voilco-aster.fr\/blog-sejours-vacances\/files\/2014\/08\/IMG_3225.jpg\" alt=\"IMG_3225.JPG\" class=\"alignnone size-full\" \/><\/a><\/p>\n","protected":false},"excerpt":{"rendered":"<p>Aujourd&rsquo;hui \u00e0 Meyronne, c&rsquo;\u00e9tait une petite journ\u00e9e de repos bien accueillie par les petits pagayeurs en herbe ! Ils en ont profit\u00e9 pour dormir un peu plus et faire des activit\u00e9s plus reposantes, sans oublier la baignade quand m\u00eame ! Et ce soir un bon barbecue avant de reprendre le fil de l&rsquo;eau demain !<\/p>\n","protected":false},"author":1,"featured_media":0,"comment_status":"open","ping_status":"closed","sticky":false,"template":"","format":"standard","meta":{"footnotes":""},"categories":[7],"tags":[],"class_list":["post-3098","post","type-post","status-publish","format-standard","hentry","category-sejour-itinerant-dordogne"],"_links":{"self":[{"href":"https:\/\/www.voilco-aster.fr\/blog-sejours-vacances\/wp-json\/wp\/v2\/posts\/3098","targetHints":{"allow":["GET"]}}],"collection":[{"href":"https:\/\/www.voilco-aster.fr\/blog-sejours-vacances\/wp-json\/wp\/v2\/posts"}],"about":[{"href":"https:\/\/www.voilco-aster.fr\/blog-sejours-vacances\/wp-json\/wp\/v2\/types\/post"}],"author":[{"embeddable":true,"href":"https:\/\/www.voilco-aster.fr\/blog-sejours-vacances\/wp-json\/wp\/v2\/users\/1"}],"replies":[{"embeddable":true,"href":"https:\/\/www.voilco-aster.fr\/blog-sejours-vacances\/wp-json\/wp\/v2\/comments?post=3098"}],"version-history":[{"count":3,"href":"https:\/\/www.voilco-aster.fr\/blog-sejours-vacances\/wp-json\/wp\/v2\/posts\/3098\/revisions"}],"predecessor-version":[{"id":3103,"href":"https:\/\/www.voilco-aster.fr\/blog-sejours-vacances\/wp-json\/wp\/v2\/posts\/3098\/revisions\/3103"}],"wp:attachment":[{"href":"https:\/\/www.voilco-aster.fr\/blog-sejours-vacances\/wp-json\/wp\/v2\/media?parent=3098"}],"wp:term":[{"taxonomy":"category","embeddable":true,"href":"https:\/\/www.voilco-aster.fr\/blog-sejours-vacances\/wp-json\/wp\/v2\/categories?post=3098"},{"taxonomy":"post_tag","embeddable":true,"href":"https:\/\/www.voilco-aster.fr\/blog-sejours-vacances\/wp-json\/wp\/v2\/tags?post=3098"}],"curies":[{"name":"wp","href":"https:\/\/api.w.org\/{rel}","templated":true}]}}