{"id":3124,"date":"2014-08-07T21:15:17","date_gmt":"2014-08-07T20:15:17","guid":{"rendered":"http:\/\/www.voilco-aster.fr\/blog-sejours-vacances\/?p=3124"},"modified":"2015-07-05T15:20:41","modified_gmt":"2015-07-05T14:20:41","slug":"jour-6-meyronne-lanzac-3","status":"publish","type":"post","link":"https:\/\/www.voilco-aster.fr\/blog-sejours-vacances\/2014\/08\/07\/jour-6-meyronne-lanzac-3\/","title":{"rendered":"Jour 6 : Meyronne &#8211; Lanzac"},"content":{"rendered":"<p>C&rsquo;est la reprise et il ne fait pas tr\u00e8s beau contrairement \u00e0 hier&#8230; Mais les jeunes et les animateurs sont motiv\u00e9s et ont descendu tranquillement la Dordogne !<br \/>\nIls ont pris une grosse averse ce matin et \u00e7a s&rsquo;est arr\u00eat\u00e9 jute avant le pique-nique.<\/p>\n<p>Ce soir, une bonne assiette de p\u00e2tes \u00e0 la carbonara a requinqu\u00e9 tout le monde. C&rsquo;est bon !<br \/>\nLa soir\u00e9e sera plus courte avec quelques jeux et un coucher avanc\u00e9 pour bien de reposer.<\/p>\n<p><a href=\"http:\/\/www.voilco-aster.fr\/blog-sejours-vacances\/files\/2014\/08\/IMG_3227.jpg\"><img decoding=\"async\" src=\"http:\/\/www.voilco-aster.fr\/blog-sejours-vacances\/files\/2014\/08\/IMG_3227.jpg\" alt=\"IMG_3227.JPG\" class=\"alignnone size-full\" \/><\/a><\/p>\n<p><a href=\"http:\/\/www.voilco-aster.fr\/blog-sejours-vacances\/files\/2014\/08\/IMG_3228.jpg\"><img decoding=\"async\" src=\"http:\/\/www.voilco-aster.fr\/blog-sejours-vacances\/files\/2014\/08\/IMG_3228.jpg\" alt=\"IMG_3228.JPG\" class=\"alignnone size-full\" \/><\/a><\/p>\n","protected":false},"excerpt":{"rendered":"<p>C&rsquo;est la reprise et il ne fait pas tr\u00e8s beau contrairement \u00e0 hier&#8230; Mais les jeunes et les animateurs sont motiv\u00e9s et ont descendu tranquillement la Dordogne ! Ils ont pris une grosse averse ce matin et \u00e7a s&rsquo;est arr\u00eat\u00e9 jute avant le pique-nique. Ce soir, une bonne assiette de p\u00e2tes \u00e0 la carbonara a &hellip; <a href=\"https:\/\/www.voilco-aster.fr\/blog-sejours-vacances\/2014\/08\/07\/jour-6-meyronne-lanzac-3\/\" class=\"more-link\">Continuer la lecture de <span class=\"screen-reader-text\">Jour 6 : Meyronne &#8211; Lanzac<\/span><\/a><\/p>\n","protected":false},"author":1,"featured_media":0,"comment_status":"open","ping_status":"closed","sticky":false,"template":"","format":"standard","meta":{"footnotes":""},"categories":[7],"tags":[],"class_list":["post-3124","post","type-post","status-publish","format-standard","hentry","category-sejour-itinerant-dordogne"],"_links":{"self":[{"href":"https:\/\/www.voilco-aster.fr\/blog-sejours-vacances\/wp-json\/wp\/v2\/posts\/3124","targetHints":{"allow":["GET"]}}],"collection":[{"href":"https:\/\/www.voilco-aster.fr\/blog-sejours-vacances\/wp-json\/wp\/v2\/posts"}],"about":[{"href":"https:\/\/www.voilco-aster.fr\/blog-sejours-vacances\/wp-json\/wp\/v2\/types\/post"}],"author":[{"embeddable":true,"href":"https:\/\/www.voilco-aster.fr\/blog-sejours-vacances\/wp-json\/wp\/v2\/users\/1"}],"replies":[{"embeddable":true,"href":"https:\/\/www.voilco-aster.fr\/blog-sejours-vacances\/wp-json\/wp\/v2\/comments?post=3124"}],"version-history":[{"count":2,"href":"https:\/\/www.voilco-aster.fr\/blog-sejours-vacances\/wp-json\/wp\/v2\/posts\/3124\/revisions"}],"predecessor-version":[{"id":3134,"href":"https:\/\/www.voilco-aster.fr\/blog-sejours-vacances\/wp-json\/wp\/v2\/posts\/3124\/revisions\/3134"}],"wp:attachment":[{"href":"https:\/\/www.voilco-aster.fr\/blog-sejours-vacances\/wp-json\/wp\/v2\/media?parent=3124"}],"wp:term":[{"taxonomy":"category","embeddable":true,"href":"https:\/\/www.voilco-aster.fr\/blog-sejours-vacances\/wp-json\/wp\/v2\/categories?post=3124"},{"taxonomy":"post_tag","embeddable":true,"href":"https:\/\/www.voilco-aster.fr\/blog-sejours-vacances\/wp-json\/wp\/v2\/tags?post=3124"}],"curies":[{"name":"wp","href":"https:\/\/api.w.org\/{rel}","templated":true}]}}