{"id":3126,"date":"2014-08-07T19:16:46","date_gmt":"2014-08-07T18:16:46","guid":{"rendered":"http:\/\/www.voilco-aster.fr\/blog-sejours-vacances\/?p=3126"},"modified":"2014-08-07T19:16:46","modified_gmt":"2014-08-07T18:16:46","slug":"la-cuisine","status":"publish","type":"post","link":"https:\/\/www.voilco-aster.fr\/blog-sejours-vacances\/2014\/08\/07\/la-cuisine\/","title":{"rendered":"La cuisine"},"content":{"rendered":"<p>De temps en temps pr\u00e9parerons le repas du soir avec Delphine la cuisini\u00e8re.<\/p>\n<p>ce soir<\/p>\n<p style=\"text-align: right\">Bouillon de l\u00e9gumes<\/p>\n<p style=\"text-align: right\">Dinde \u00e0 la sauce tomate et des nouilles<\/p>\n<p style=\"text-align: right\">Cr\u00e8me \u00e0 la vanille<\/p>\n<div id='gallery-1' class='gallery galleryid-3126 gallery-columns-3 gallery-size-thumbnail'><figure class='gallery-item'>\n\t\t\t<div class='gallery-icon landscape'>\n\t\t\t\t<a href='https:\/\/www.voilco-aster.fr\/blog-sejours-vacances\/2014\/08\/07\/la-cuisine\/dsc_9968-2\/'><img loading=\"lazy\" decoding=\"async\" width=\"150\" height=\"150\" src=\"https:\/\/www.voilco-aster.fr\/blog-sejours-vacances\/files\/2014\/08\/DSC_99681-150x150.jpg\" class=\"attachment-thumbnail size-thumbnail\" alt=\"\" \/><\/a>\n\t\t\t<\/div><\/figure><figure class='gallery-item'>\n\t\t\t<div class='gallery-icon landscape'>\n\t\t\t\t<a href='https:\/\/www.voilco-aster.fr\/blog-sejours-vacances\/2014\/08\/07\/la-cuisine\/dsc_9969-2\/'><img loading=\"lazy\" decoding=\"async\" width=\"150\" height=\"150\" src=\"https:\/\/www.voilco-aster.fr\/blog-sejours-vacances\/files\/2014\/08\/DSC_99691-150x150.jpg\" class=\"attachment-thumbnail size-thumbnail\" alt=\"\" \/><\/a>\n\t\t\t<\/div><\/figure><figure class='gallery-item'>\n\t\t\t<div class='gallery-icon landscape'>\n\t\t\t\t<a href='https:\/\/www.voilco-aster.fr\/blog-sejours-vacances\/2014\/08\/07\/la-cuisine\/dsc_9970-2\/'><img loading=\"lazy\" decoding=\"async\" width=\"150\" height=\"150\" src=\"https:\/\/www.voilco-aster.fr\/blog-sejours-vacances\/files\/2014\/08\/DSC_99701-150x150.jpg\" class=\"attachment-thumbnail size-thumbnail\" alt=\"\" \/><\/a>\n\t\t\t<\/div><\/figure>\n\t\t<\/div>\n\n","protected":false},"excerpt":{"rendered":"<p>De temps en temps pr\u00e9parerons le repas du soir avec Delphine la cuisini\u00e8re. ce soir Bouillon de l\u00e9gumes Dinde \u00e0 la sauce tomate et des nouilles Cr\u00e8me \u00e0 la vanille<\/p>\n","protected":false},"author":6,"featured_media":0,"comment_status":"open","ping_status":"closed","sticky":false,"template":"","format":"standard","meta":{"footnotes":""},"categories":[5],"tags":[],"class_list":["post-3126","post","type-post","status-publish","format-standard","hentry","category-sejours-6-11-ans"],"_links":{"self":[{"href":"https:\/\/www.voilco-aster.fr\/blog-sejours-vacances\/wp-json\/wp\/v2\/posts\/3126","targetHints":{"allow":["GET"]}}],"collection":[{"href":"https:\/\/www.voilco-aster.fr\/blog-sejours-vacances\/wp-json\/wp\/v2\/posts"}],"about":[{"href":"https:\/\/www.voilco-aster.fr\/blog-sejours-vacances\/wp-json\/wp\/v2\/types\/post"}],"author":[{"embeddable":true,"href":"https:\/\/www.voilco-aster.fr\/blog-sejours-vacances\/wp-json\/wp\/v2\/users\/6"}],"replies":[{"embeddable":true,"href":"https:\/\/www.voilco-aster.fr\/blog-sejours-vacances\/wp-json\/wp\/v2\/comments?post=3126"}],"version-history":[{"count":1,"href":"https:\/\/www.voilco-aster.fr\/blog-sejours-vacances\/wp-json\/wp\/v2\/posts\/3126\/revisions"}],"predecessor-version":[{"id":3130,"href":"https:\/\/www.voilco-aster.fr\/blog-sejours-vacances\/wp-json\/wp\/v2\/posts\/3126\/revisions\/3130"}],"wp:attachment":[{"href":"https:\/\/www.voilco-aster.fr\/blog-sejours-vacances\/wp-json\/wp\/v2\/media?parent=3126"}],"wp:term":[{"taxonomy":"category","embeddable":true,"href":"https:\/\/www.voilco-aster.fr\/blog-sejours-vacances\/wp-json\/wp\/v2\/categories?post=3126"},{"taxonomy":"post_tag","embeddable":true,"href":"https:\/\/www.voilco-aster.fr\/blog-sejours-vacances\/wp-json\/wp\/v2\/tags?post=3126"}],"curies":[{"name":"wp","href":"https:\/\/api.w.org\/{rel}","templated":true}]}}