{"id":4019,"date":"2015-08-09T08:27:45","date_gmt":"2015-08-09T07:27:45","guid":{"rendered":"http:\/\/www.voilco-aster.fr\/blog-sejours-vacances\/?p=4019"},"modified":"2015-08-09T08:28:04","modified_gmt":"2015-08-09T07:28:04","slug":"de-lanzac-a-st-julien-de-lampon-une-journee-pluvieuse-sur-la-dordogne","status":"publish","type":"post","link":"https:\/\/www.voilco-aster.fr\/blog-sejours-vacances\/2015\/08\/09\/de-lanzac-a-st-julien-de-lampon-une-journee-pluvieuse-sur-la-dordogne\/","title":{"rendered":"De Lanzac \u00e0 St Julien de Lampon : une journ\u00e9e pluvieuse sur la Dordogne&#8230;"},"content":{"rendered":"<p>Notre avant derni\u00e8re journ\u00e9e sur la Dordogne f\u00fbt humide. Nous avons parcouru les 14.5 km jusqu&rsquo;\u00e0 St Julien de Lampon sous la pluie et en chansons pour s&rsquo;encourager.<\/p>\n<p>A notre arriv\u00e9e, une accalmie nous a permis de jouer \u00e0 la th\u00e8que, une forme de base-ball aux r\u00e8gles simplifi\u00e9es.<\/p>\n<p>La bord\u00e9e de pr\u00e9paration du repas, avec Antoine, Tom, Adrien, Luc et Florent nous a concoct\u00e9 une soupe revigorante, des p\u00e2tes \u00e0 la bolognaise et, pour finir, des poires \u00e0 la belle h\u00e9l\u00e8ne faites maison.<\/p>\n<p>Apres le repas, nous avons f\u00eat\u00e9 la fin du sejour autour d&rsquo;un verre de soda dans le village de St Julien.<\/p>\n<div id='gallery-1' class='gallery galleryid-4019 gallery-columns-3 gallery-size-thumbnail'><figure class='gallery-item'>\n\t\t\t<div class='gallery-icon landscape'>\n\t\t\t\t<a href='https:\/\/www.voilco-aster.fr\/blog-sejours-vacances\/2015\/08\/09\/de-lanzac-a-st-julien-de-lampon-une-journee-pluvieuse-sur-la-dordogne\/img_4079\/'><img loading=\"lazy\" decoding=\"async\" width=\"150\" height=\"150\" src=\"https:\/\/www.voilco-aster.fr\/blog-sejours-vacances\/files\/2015\/08\/IMG_4079-150x150.jpg\" class=\"attachment-thumbnail size-thumbnail\" alt=\"\" \/><\/a>\n\t\t\t<\/div><\/figure><figure class='gallery-item'>\n\t\t\t<div class='gallery-icon landscape'>\n\t\t\t\t<a href='https:\/\/www.voilco-aster.fr\/blog-sejours-vacances\/2015\/08\/09\/de-lanzac-a-st-julien-de-lampon-une-journee-pluvieuse-sur-la-dordogne\/img_4081\/'><img loading=\"lazy\" decoding=\"async\" width=\"150\" height=\"150\" src=\"https:\/\/www.voilco-aster.fr\/blog-sejours-vacances\/files\/2015\/08\/IMG_4081-150x150.jpg\" class=\"attachment-thumbnail size-thumbnail\" alt=\"\" \/><\/a>\n\t\t\t<\/div><\/figure><figure class='gallery-item'>\n\t\t\t<div class='gallery-icon landscape'>\n\t\t\t\t<a href='https:\/\/www.voilco-aster.fr\/blog-sejours-vacances\/2015\/08\/09\/de-lanzac-a-st-julien-de-lampon-une-journee-pluvieuse-sur-la-dordogne\/img_4078\/'><img loading=\"lazy\" decoding=\"async\" width=\"150\" height=\"150\" src=\"https:\/\/www.voilco-aster.fr\/blog-sejours-vacances\/files\/2015\/08\/IMG_4078-150x150.jpg\" class=\"attachment-thumbnail size-thumbnail\" alt=\"\" \/><\/a>\n\t\t\t<\/div><\/figure><figure class='gallery-item'>\n\t\t\t<div class='gallery-icon landscape'>\n\t\t\t\t<a href='https:\/\/www.voilco-aster.fr\/blog-sejours-vacances\/2015\/08\/09\/de-lanzac-a-st-julien-de-lampon-une-journee-pluvieuse-sur-la-dordogne\/img_4077\/'><img loading=\"lazy\" decoding=\"async\" width=\"150\" height=\"150\" src=\"https:\/\/www.voilco-aster.fr\/blog-sejours-vacances\/files\/2015\/08\/IMG_4077-150x150.jpg\" class=\"attachment-thumbnail size-thumbnail\" alt=\"\" \/><\/a>\n\t\t\t<\/div><\/figure><figure class='gallery-item'>\n\t\t\t<div class='gallery-icon landscape'>\n\t\t\t\t<a href='https:\/\/www.voilco-aster.fr\/blog-sejours-vacances\/2015\/08\/09\/de-lanzac-a-st-julien-de-lampon-une-journee-pluvieuse-sur-la-dordogne\/img_4080\/'><img loading=\"lazy\" decoding=\"async\" width=\"150\" height=\"150\" src=\"https:\/\/www.voilco-aster.fr\/blog-sejours-vacances\/files\/2015\/08\/IMG_4080-150x150.jpg\" class=\"attachment-thumbnail size-thumbnail\" alt=\"\" \/><\/a>\n\t\t\t<\/div><\/figure><figure class='gallery-item'>\n\t\t\t<div class='gallery-icon landscape'>\n\t\t\t\t<a href='https:\/\/www.voilco-aster.fr\/blog-sejours-vacances\/2015\/08\/09\/de-lanzac-a-st-julien-de-lampon-une-journee-pluvieuse-sur-la-dordogne\/img_4082\/'><img loading=\"lazy\" decoding=\"async\" width=\"150\" height=\"150\" src=\"https:\/\/www.voilco-aster.fr\/blog-sejours-vacances\/files\/2015\/08\/IMG_4082-150x150.jpg\" class=\"attachment-thumbnail size-thumbnail\" alt=\"\" \/><\/a>\n\t\t\t<\/div><\/figure><figure class='gallery-item'>\n\t\t\t<div class='gallery-icon landscape'>\n\t\t\t\t<a href='https:\/\/www.voilco-aster.fr\/blog-sejours-vacances\/2015\/08\/09\/de-lanzac-a-st-julien-de-lampon-une-journee-pluvieuse-sur-la-dordogne\/img_4083\/'><img loading=\"lazy\" decoding=\"async\" width=\"150\" height=\"150\" src=\"https:\/\/www.voilco-aster.fr\/blog-sejours-vacances\/files\/2015\/08\/IMG_4083-150x150.jpg\" class=\"attachment-thumbnail size-thumbnail\" alt=\"\" \/><\/a>\n\t\t\t<\/div><\/figure><figure class='gallery-item'>\n\t\t\t<div class='gallery-icon portrait'>\n\t\t\t\t<a href='https:\/\/www.voilco-aster.fr\/blog-sejours-vacances\/2015\/08\/09\/de-lanzac-a-st-julien-de-lampon-une-journee-pluvieuse-sur-la-dordogne\/img_4084\/'><img loading=\"lazy\" decoding=\"async\" width=\"150\" height=\"150\" src=\"https:\/\/www.voilco-aster.fr\/blog-sejours-vacances\/files\/2015\/08\/IMG_4084-150x150.jpg\" class=\"attachment-thumbnail size-thumbnail\" alt=\"\" \/><\/a>\n\t\t\t<\/div><\/figure><figure class='gallery-item'>\n\t\t\t<div class='gallery-icon landscape'>\n\t\t\t\t<a href='https:\/\/www.voilco-aster.fr\/blog-sejours-vacances\/2015\/08\/09\/de-lanzac-a-st-julien-de-lampon-une-journee-pluvieuse-sur-la-dordogne\/img_4076\/'><img loading=\"lazy\" decoding=\"async\" width=\"150\" height=\"150\" src=\"https:\/\/www.voilco-aster.fr\/blog-sejours-vacances\/files\/2015\/08\/IMG_4076-150x150.jpg\" class=\"attachment-thumbnail size-thumbnail\" alt=\"\" \/><\/a>\n\t\t\t<\/div><\/figure>\n\t\t<\/div>\n\n","protected":false},"excerpt":{"rendered":"<p>Notre avant derni\u00e8re journ\u00e9e sur la Dordogne f\u00fbt humide. Nous avons parcouru les 14.5 km jusqu&rsquo;\u00e0 St Julien de Lampon sous la pluie et en chansons pour s&rsquo;encourager. A notre arriv\u00e9e, une accalmie nous a permis de jouer \u00e0 la th\u00e8que, une forme de base-ball aux r\u00e8gles simplifi\u00e9es. La bord\u00e9e de pr\u00e9paration du repas, avec &hellip; <a href=\"https:\/\/www.voilco-aster.fr\/blog-sejours-vacances\/2015\/08\/09\/de-lanzac-a-st-julien-de-lampon-une-journee-pluvieuse-sur-la-dordogne\/\" class=\"more-link\">Continuer la lecture de <span class=\"screen-reader-text\">De Lanzac \u00e0 St Julien de Lampon : une journ\u00e9e pluvieuse sur la Dordogne&#8230;<\/span><\/a><\/p>\n","protected":false},"author":1,"featured_media":0,"comment_status":"open","ping_status":"closed","sticky":false,"template":"","format":"standard","meta":{"footnotes":""},"categories":[7],"tags":[],"class_list":["post-4019","post","type-post","status-publish","format-standard","hentry","category-sejour-itinerant-dordogne"],"_links":{"self":[{"href":"https:\/\/www.voilco-aster.fr\/blog-sejours-vacances\/wp-json\/wp\/v2\/posts\/4019","targetHints":{"allow":["GET"]}}],"collection":[{"href":"https:\/\/www.voilco-aster.fr\/blog-sejours-vacances\/wp-json\/wp\/v2\/posts"}],"about":[{"href":"https:\/\/www.voilco-aster.fr\/blog-sejours-vacances\/wp-json\/wp\/v2\/types\/post"}],"author":[{"embeddable":true,"href":"https:\/\/www.voilco-aster.fr\/blog-sejours-vacances\/wp-json\/wp\/v2\/users\/1"}],"replies":[{"embeddable":true,"href":"https:\/\/www.voilco-aster.fr\/blog-sejours-vacances\/wp-json\/wp\/v2\/comments?post=4019"}],"version-history":[{"count":2,"href":"https:\/\/www.voilco-aster.fr\/blog-sejours-vacances\/wp-json\/wp\/v2\/posts\/4019\/revisions"}],"predecessor-version":[{"id":4030,"href":"https:\/\/www.voilco-aster.fr\/blog-sejours-vacances\/wp-json\/wp\/v2\/posts\/4019\/revisions\/4030"}],"wp:attachment":[{"href":"https:\/\/www.voilco-aster.fr\/blog-sejours-vacances\/wp-json\/wp\/v2\/media?parent=4019"}],"wp:term":[{"taxonomy":"category","embeddable":true,"href":"https:\/\/www.voilco-aster.fr\/blog-sejours-vacances\/wp-json\/wp\/v2\/categories?post=4019"},{"taxonomy":"post_tag","embeddable":true,"href":"https:\/\/www.voilco-aster.fr\/blog-sejours-vacances\/wp-json\/wp\/v2\/tags?post=4019"}],"curies":[{"name":"wp","href":"https:\/\/api.w.org\/{rel}","templated":true}]}}