{"id":4120,"date":"2015-08-12T14:32:33","date_gmt":"2015-08-12T13:32:33","guid":{"rendered":"http:\/\/www.voilco-aster.fr\/blog-sejours-vacances\/?p=4120"},"modified":"2015-08-14T12:34:06","modified_gmt":"2015-08-14T11:34:06","slug":"st-priest-toujours-sous-le-soleil","status":"publish","type":"post","link":"https:\/\/www.voilco-aster.fr\/blog-sejours-vacances\/2015\/08\/12\/st-priest-toujours-sous-le-soleil\/","title":{"rendered":"St Priest toujours sous le soleil!"},"content":{"rendered":"<p>Chers parents, quelques nouvelles de St Priest en ce mercredi 12 ao\u00fbt, toujours sous un grand soleil!<\/p>\n<p>Et quoi de mieux qu&rsquo;une belle journ\u00e9e pour une activit\u00e9 sur l&rsquo;eau. Et parfois dans l&rsquo;eau aussi! Fran\u00e7ois a fort \u00e0 faire avec tout ce petit monde.<\/p>\n<div id='gallery-1' class='gallery galleryid-4120 gallery-columns-3 gallery-size-medium'><figure class='gallery-item'>\n\t\t\t<div class='gallery-icon landscape'>\n\t\t\t\t<a href='https:\/\/www.voilco-aster.fr\/blog-sejours-vacances\/2015\/08\/12\/st-priest-toujours-sous-le-soleil\/img_0866\/'><img loading=\"lazy\" decoding=\"async\" width=\"300\" height=\"225\" src=\"https:\/\/www.voilco-aster.fr\/blog-sejours-vacances\/files\/2015\/08\/IMG_0866-300x225.jpg\" class=\"attachment-medium size-medium\" alt=\"\" srcset=\"https:\/\/www.voilco-aster.fr\/blog-sejours-vacances\/files\/2015\/08\/IMG_0866-300x225.jpg 300w, https:\/\/www.voilco-aster.fr\/blog-sejours-vacances\/files\/2015\/08\/IMG_0866-800x600.jpg 800w\" sizes=\"auto, (max-width: 300px) 100vw, 300px\" \/><\/a>\n\t\t\t<\/div><\/figure><figure class='gallery-item'>\n\t\t\t<div class='gallery-icon landscape'>\n\t\t\t\t<a href='https:\/\/www.voilco-aster.fr\/blog-sejours-vacances\/2015\/08\/12\/st-priest-toujours-sous-le-soleil\/img_0867\/'><img loading=\"lazy\" decoding=\"async\" width=\"300\" height=\"225\" src=\"https:\/\/www.voilco-aster.fr\/blog-sejours-vacances\/files\/2015\/08\/IMG_0867-300x225.jpg\" class=\"attachment-medium size-medium\" alt=\"\" srcset=\"https:\/\/www.voilco-aster.fr\/blog-sejours-vacances\/files\/2015\/08\/IMG_0867-300x225.jpg 300w, https:\/\/www.voilco-aster.fr\/blog-sejours-vacances\/files\/2015\/08\/IMG_0867-800x600.jpg 800w\" sizes=\"auto, (max-width: 300px) 100vw, 300px\" \/><\/a>\n\t\t\t<\/div><\/figure><figure class='gallery-item'>\n\t\t\t<div class='gallery-icon landscape'>\n\t\t\t\t<a href='https:\/\/www.voilco-aster.fr\/blog-sejours-vacances\/2015\/08\/12\/st-priest-toujours-sous-le-soleil\/img_0868\/'><img loading=\"lazy\" decoding=\"async\" width=\"300\" height=\"225\" src=\"https:\/\/www.voilco-aster.fr\/blog-sejours-vacances\/files\/2015\/08\/IMG_0868-300x225.jpg\" class=\"attachment-medium size-medium\" alt=\"\" srcset=\"https:\/\/www.voilco-aster.fr\/blog-sejours-vacances\/files\/2015\/08\/IMG_0868-300x225.jpg 300w, https:\/\/www.voilco-aster.fr\/blog-sejours-vacances\/files\/2015\/08\/IMG_0868-800x600.jpg 800w\" sizes=\"auto, (max-width: 300px) 100vw, 300px\" \/><\/a>\n\t\t\t<\/div><\/figure><figure class='gallery-item'>\n\t\t\t<div class='gallery-icon landscape'>\n\t\t\t\t<a href='https:\/\/www.voilco-aster.fr\/blog-sejours-vacances\/2015\/08\/12\/st-priest-toujours-sous-le-soleil\/img_0869\/'><img loading=\"lazy\" decoding=\"async\" width=\"300\" height=\"225\" src=\"https:\/\/www.voilco-aster.fr\/blog-sejours-vacances\/files\/2015\/08\/IMG_0869-300x225.jpg\" class=\"attachment-medium size-medium\" alt=\"\" srcset=\"https:\/\/www.voilco-aster.fr\/blog-sejours-vacances\/files\/2015\/08\/IMG_0869-300x225.jpg 300w, https:\/\/www.voilco-aster.fr\/blog-sejours-vacances\/files\/2015\/08\/IMG_0869-800x600.jpg 800w\" sizes=\"auto, (max-width: 300px) 100vw, 300px\" \/><\/a>\n\t\t\t<\/div><\/figure><figure class='gallery-item'>\n\t\t\t<div class='gallery-icon landscape'>\n\t\t\t\t<a href='https:\/\/www.voilco-aster.fr\/blog-sejours-vacances\/2015\/08\/12\/st-priest-toujours-sous-le-soleil\/img_0870\/'><img loading=\"lazy\" decoding=\"async\" width=\"300\" height=\"225\" src=\"https:\/\/www.voilco-aster.fr\/blog-sejours-vacances\/files\/2015\/08\/IMG_0870-300x225.jpg\" class=\"attachment-medium size-medium\" alt=\"\" srcset=\"https:\/\/www.voilco-aster.fr\/blog-sejours-vacances\/files\/2015\/08\/IMG_0870-300x225.jpg 300w, https:\/\/www.voilco-aster.fr\/blog-sejours-vacances\/files\/2015\/08\/IMG_0870-800x600.jpg 800w\" sizes=\"auto, (max-width: 300px) 100vw, 300px\" \/><\/a>\n\t\t\t<\/div><\/figure><figure class='gallery-item'>\n\t\t\t<div class='gallery-icon landscape'>\n\t\t\t\t<a href='https:\/\/www.voilco-aster.fr\/blog-sejours-vacances\/2015\/08\/12\/st-priest-toujours-sous-le-soleil\/img_0872\/'><img loading=\"lazy\" decoding=\"async\" width=\"300\" height=\"225\" src=\"https:\/\/www.voilco-aster.fr\/blog-sejours-vacances\/files\/2015\/08\/IMG_0872-300x225.jpg\" class=\"attachment-medium size-medium\" alt=\"\" srcset=\"https:\/\/www.voilco-aster.fr\/blog-sejours-vacances\/files\/2015\/08\/IMG_0872-300x225.jpg 300w, https:\/\/www.voilco-aster.fr\/blog-sejours-vacances\/files\/2015\/08\/IMG_0872-800x600.jpg 800w\" sizes=\"auto, (max-width: 300px) 100vw, 300px\" \/><\/a>\n\t\t\t<\/div><\/figure><figure class='gallery-item'>\n\t\t\t<div class='gallery-icon landscape'>\n\t\t\t\t<a href='https:\/\/www.voilco-aster.fr\/blog-sejours-vacances\/2015\/08\/12\/st-priest-toujours-sous-le-soleil\/img_0873\/'><img loading=\"lazy\" decoding=\"async\" width=\"300\" height=\"225\" src=\"https:\/\/www.voilco-aster.fr\/blog-sejours-vacances\/files\/2015\/08\/IMG_0873-300x225.jpg\" class=\"attachment-medium size-medium\" alt=\"\" srcset=\"https:\/\/www.voilco-aster.fr\/blog-sejours-vacances\/files\/2015\/08\/IMG_0873-300x225.jpg 300w, https:\/\/www.voilco-aster.fr\/blog-sejours-vacances\/files\/2015\/08\/IMG_0873-800x600.jpg 800w\" sizes=\"auto, (max-width: 300px) 100vw, 300px\" \/><\/a>\n\t\t\t<\/div><\/figure><figure class='gallery-item'>\n\t\t\t<div class='gallery-icon landscape'>\n\t\t\t\t<a href='https:\/\/www.voilco-aster.fr\/blog-sejours-vacances\/2015\/08\/12\/st-priest-toujours-sous-le-soleil\/img_0874\/'><img loading=\"lazy\" decoding=\"async\" width=\"300\" height=\"225\" src=\"https:\/\/www.voilco-aster.fr\/blog-sejours-vacances\/files\/2015\/08\/IMG_0874-300x225.jpg\" class=\"attachment-medium size-medium\" alt=\"\" srcset=\"https:\/\/www.voilco-aster.fr\/blog-sejours-vacances\/files\/2015\/08\/IMG_0874-300x225.jpg 300w, https:\/\/www.voilco-aster.fr\/blog-sejours-vacances\/files\/2015\/08\/IMG_0874-800x600.jpg 800w\" sizes=\"auto, (max-width: 300px) 100vw, 300px\" \/><\/a>\n\t\t\t<\/div><\/figure><figure class='gallery-item'>\n\t\t\t<div class='gallery-icon landscape'>\n\t\t\t\t<a href='https:\/\/www.voilco-aster.fr\/blog-sejours-vacances\/2015\/08\/12\/st-priest-toujours-sous-le-soleil\/img_0875\/'><img loading=\"lazy\" decoding=\"async\" width=\"300\" height=\"225\" src=\"https:\/\/www.voilco-aster.fr\/blog-sejours-vacances\/files\/2015\/08\/IMG_0875-300x225.jpg\" class=\"attachment-medium size-medium\" alt=\"\" srcset=\"https:\/\/www.voilco-aster.fr\/blog-sejours-vacances\/files\/2015\/08\/IMG_0875-300x225.jpg 300w, https:\/\/www.voilco-aster.fr\/blog-sejours-vacances\/files\/2015\/08\/IMG_0875-800x600.jpg 800w\" sizes=\"auto, (max-width: 300px) 100vw, 300px\" \/><\/a>\n\t\t\t<\/div><\/figure><figure class='gallery-item'>\n\t\t\t<div class='gallery-icon landscape'>\n\t\t\t\t<a href='https:\/\/www.voilco-aster.fr\/blog-sejours-vacances\/2015\/08\/12\/st-priest-toujours-sous-le-soleil\/img_0877\/'><img loading=\"lazy\" decoding=\"async\" width=\"300\" height=\"225\" src=\"https:\/\/www.voilco-aster.fr\/blog-sejours-vacances\/files\/2015\/08\/IMG_0877-300x225.jpg\" class=\"attachment-medium size-medium\" alt=\"\" srcset=\"https:\/\/www.voilco-aster.fr\/blog-sejours-vacances\/files\/2015\/08\/IMG_0877-300x225.jpg 300w, https:\/\/www.voilco-aster.fr\/blog-sejours-vacances\/files\/2015\/08\/IMG_0877-800x600.jpg 800w\" sizes=\"auto, (max-width: 300px) 100vw, 300px\" \/><\/a>\n\t\t\t<\/div><\/figure><figure class='gallery-item'>\n\t\t\t<div class='gallery-icon landscape'>\n\t\t\t\t<a href='https:\/\/www.voilco-aster.fr\/blog-sejours-vacances\/2015\/08\/12\/st-priest-toujours-sous-le-soleil\/img_0881\/'><img loading=\"lazy\" decoding=\"async\" width=\"300\" height=\"225\" src=\"https:\/\/www.voilco-aster.fr\/blog-sejours-vacances\/files\/2015\/08\/IMG_0881-300x225.jpg\" class=\"attachment-medium size-medium\" alt=\"\" srcset=\"https:\/\/www.voilco-aster.fr\/blog-sejours-vacances\/files\/2015\/08\/IMG_0881-300x225.jpg 300w, https:\/\/www.voilco-aster.fr\/blog-sejours-vacances\/files\/2015\/08\/IMG_0881-800x600.jpg 800w\" sizes=\"auto, (max-width: 300px) 100vw, 300px\" \/><\/a>\n\t\t\t<\/div><\/figure><figure class='gallery-item'>\n\t\t\t<div class='gallery-icon landscape'>\n\t\t\t\t<a href='https:\/\/www.voilco-aster.fr\/blog-sejours-vacances\/2015\/08\/12\/st-priest-toujours-sous-le-soleil\/img_0882\/'><img loading=\"lazy\" decoding=\"async\" width=\"300\" height=\"225\" src=\"https:\/\/www.voilco-aster.fr\/blog-sejours-vacances\/files\/2015\/08\/IMG_0882-300x225.jpg\" class=\"attachment-medium size-medium\" alt=\"\" srcset=\"https:\/\/www.voilco-aster.fr\/blog-sejours-vacances\/files\/2015\/08\/IMG_0882-300x225.jpg 300w, https:\/\/www.voilco-aster.fr\/blog-sejours-vacances\/files\/2015\/08\/IMG_0882-800x600.jpg 800w\" sizes=\"auto, (max-width: 300px) 100vw, 300px\" \/><\/a>\n\t\t\t<\/div><\/figure><figure class='gallery-item'>\n\t\t\t<div class='gallery-icon landscape'>\n\t\t\t\t<a href='https:\/\/www.voilco-aster.fr\/blog-sejours-vacances\/2015\/08\/12\/st-priest-toujours-sous-le-soleil\/img_0883\/'><img loading=\"lazy\" decoding=\"async\" width=\"300\" height=\"225\" src=\"https:\/\/www.voilco-aster.fr\/blog-sejours-vacances\/files\/2015\/08\/IMG_0883-300x225.jpg\" class=\"attachment-medium size-medium\" alt=\"\" srcset=\"https:\/\/www.voilco-aster.fr\/blog-sejours-vacances\/files\/2015\/08\/IMG_0883-300x225.jpg 300w, https:\/\/www.voilco-aster.fr\/blog-sejours-vacances\/files\/2015\/08\/IMG_0883-800x600.jpg 800w\" sizes=\"auto, (max-width: 300px) 100vw, 300px\" \/><\/a>\n\t\t\t<\/div><\/figure><figure class='gallery-item'>\n\t\t\t<div class='gallery-icon landscape'>\n\t\t\t\t<a href='https:\/\/www.voilco-aster.fr\/blog-sejours-vacances\/2015\/08\/12\/st-priest-toujours-sous-le-soleil\/img_0887\/'><img loading=\"lazy\" decoding=\"async\" width=\"300\" height=\"225\" src=\"https:\/\/www.voilco-aster.fr\/blog-sejours-vacances\/files\/2015\/08\/IMG_0887-300x225.jpg\" class=\"attachment-medium size-medium\" alt=\"\" srcset=\"https:\/\/www.voilco-aster.fr\/blog-sejours-vacances\/files\/2015\/08\/IMG_0887-300x225.jpg 300w, https:\/\/www.voilco-aster.fr\/blog-sejours-vacances\/files\/2015\/08\/IMG_0887-800x600.jpg 800w\" sizes=\"auto, (max-width: 300px) 100vw, 300px\" \/><\/a>\n\t\t\t<\/div><\/figure><figure class='gallery-item'>\n\t\t\t<div class='gallery-icon landscape'>\n\t\t\t\t<a href='https:\/\/www.voilco-aster.fr\/blog-sejours-vacances\/2015\/08\/12\/st-priest-toujours-sous-le-soleil\/img_0888\/'><img loading=\"lazy\" decoding=\"async\" width=\"300\" height=\"225\" src=\"https:\/\/www.voilco-aster.fr\/blog-sejours-vacances\/files\/2015\/08\/IMG_0888-300x225.jpg\" class=\"attachment-medium size-medium\" alt=\"\" srcset=\"https:\/\/www.voilco-aster.fr\/blog-sejours-vacances\/files\/2015\/08\/IMG_0888-300x225.jpg 300w, https:\/\/www.voilco-aster.fr\/blog-sejours-vacances\/files\/2015\/08\/IMG_0888-800x600.jpg 800w\" sizes=\"auto, (max-width: 300px) 100vw, 300px\" \/><\/a>\n\t\t\t<\/div><\/figure>\n\t\t<\/div>\n\n<p>Pendant que d&rsquo;autres font un grand jeux sur le terrain am\u00e9nag\u00e9 du centre&#8230;<\/p>\n<div id='gallery-2' class='gallery galleryid-4120 gallery-columns-3 gallery-size-thumbnail'><figure class='gallery-item'>\n\t\t\t<div class='gallery-icon landscape'>\n\t\t\t\t<a href='https:\/\/www.voilco-aster.fr\/blog-sejours-vacances\/2015\/08\/12\/st-priest-toujours-sous-le-soleil\/img_0891\/'><img loading=\"lazy\" decoding=\"async\" width=\"150\" height=\"150\" src=\"https:\/\/www.voilco-aster.fr\/blog-sejours-vacances\/files\/2015\/08\/IMG_0891-150x150.jpg\" class=\"attachment-thumbnail size-thumbnail\" alt=\"\" \/><\/a>\n\t\t\t<\/div><\/figure><figure class='gallery-item'>\n\t\t\t<div class='gallery-icon landscape'>\n\t\t\t\t<a href='https:\/\/www.voilco-aster.fr\/blog-sejours-vacances\/2015\/08\/12\/st-priest-toujours-sous-le-soleil\/img_0892\/'><img loading=\"lazy\" decoding=\"async\" width=\"150\" height=\"150\" src=\"https:\/\/www.voilco-aster.fr\/blog-sejours-vacances\/files\/2015\/08\/IMG_0892-150x150.jpg\" class=\"attachment-thumbnail size-thumbnail\" alt=\"\" \/><\/a>\n\t\t\t<\/div><\/figure><figure class='gallery-item'>\n\t\t\t<div class='gallery-icon landscape'>\n\t\t\t\t<a href='https:\/\/www.voilco-aster.fr\/blog-sejours-vacances\/2015\/08\/12\/st-priest-toujours-sous-le-soleil\/img_0893\/'><img loading=\"lazy\" decoding=\"async\" width=\"150\" height=\"150\" src=\"https:\/\/www.voilco-aster.fr\/blog-sejours-vacances\/files\/2015\/08\/IMG_0893-150x150.jpg\" class=\"attachment-thumbnail size-thumbnail\" alt=\"\" \/><\/a>\n\t\t\t<\/div><\/figure><figure class='gallery-item'>\n\t\t\t<div class='gallery-icon landscape'>\n\t\t\t\t<a href='https:\/\/www.voilco-aster.fr\/blog-sejours-vacances\/2015\/08\/12\/st-priest-toujours-sous-le-soleil\/img_0894\/'><img loading=\"lazy\" decoding=\"async\" width=\"150\" height=\"150\" src=\"https:\/\/www.voilco-aster.fr\/blog-sejours-vacances\/files\/2015\/08\/IMG_0894-150x150.jpg\" class=\"attachment-thumbnail size-thumbnail\" alt=\"\" \/><\/a>\n\t\t\t<\/div><\/figure><figure class='gallery-item'>\n\t\t\t<div class='gallery-icon landscape'>\n\t\t\t\t<a href='https:\/\/www.voilco-aster.fr\/blog-sejours-vacances\/2015\/08\/12\/st-priest-toujours-sous-le-soleil\/img_0895\/'><img loading=\"lazy\" decoding=\"async\" width=\"150\" height=\"150\" src=\"https:\/\/www.voilco-aster.fr\/blog-sejours-vacances\/files\/2015\/08\/IMG_0895-150x150.jpg\" class=\"attachment-thumbnail size-thumbnail\" alt=\"\" \/><\/a>\n\t\t\t<\/div><\/figure><figure class='gallery-item'>\n\t\t\t<div class='gallery-icon landscape'>\n\t\t\t\t<a href='https:\/\/www.voilco-aster.fr\/blog-sejours-vacances\/2015\/08\/12\/st-priest-toujours-sous-le-soleil\/img_0896\/'><img loading=\"lazy\" decoding=\"async\" width=\"150\" height=\"150\" src=\"https:\/\/www.voilco-aster.fr\/blog-sejours-vacances\/files\/2015\/08\/IMG_0896-150x150.jpg\" class=\"attachment-thumbnail size-thumbnail\" alt=\"\" \/><\/a>\n\t\t\t<\/div><\/figure>\n\t\t<\/div>\n\n<p>Et c&rsquo;est aussi l&rsquo;occasion de pr\u00e9parer les prochaines randos&#8230;Et pour ce faire, il faut apprendre \u00e0 monter la fameuse tente&#8230;Enfin, vous constaterez que certains ont essay\u00e9 d&rsquo;\u00e9chapper \u00e0 la corv\u00e9e&#8230;(une certaine personne sur une balan\u00e7oire par ex&#8230;)<\/p>\n<div id='gallery-3' class='gallery galleryid-4120 gallery-columns-3 gallery-size-thumbnail'><figure class='gallery-item'>\n\t\t\t<div class='gallery-icon landscape'>\n\t\t\t\t<a href='https:\/\/www.voilco-aster.fr\/blog-sejours-vacances\/2015\/08\/12\/st-priest-toujours-sous-le-soleil\/img_0897-2\/'><img loading=\"lazy\" decoding=\"async\" width=\"150\" height=\"150\" src=\"https:\/\/www.voilco-aster.fr\/blog-sejours-vacances\/files\/2015\/08\/IMG_08971-150x150.jpg\" class=\"attachment-thumbnail size-thumbnail\" alt=\"\" \/><\/a>\n\t\t\t<\/div><\/figure><figure class='gallery-item'>\n\t\t\t<div class='gallery-icon landscape'>\n\t\t\t\t<a href='https:\/\/www.voilco-aster.fr\/blog-sejours-vacances\/2015\/08\/12\/st-priest-toujours-sous-le-soleil\/img_0899\/'><img loading=\"lazy\" decoding=\"async\" width=\"150\" height=\"150\" src=\"https:\/\/www.voilco-aster.fr\/blog-sejours-vacances\/files\/2015\/08\/IMG_0899-150x150.jpg\" class=\"attachment-thumbnail size-thumbnail\" alt=\"\" \/><\/a>\n\t\t\t<\/div><\/figure><figure class='gallery-item'>\n\t\t\t<div class='gallery-icon landscape'>\n\t\t\t\t<a href='https:\/\/www.voilco-aster.fr\/blog-sejours-vacances\/2015\/08\/12\/st-priest-toujours-sous-le-soleil\/img_0900\/'><img loading=\"lazy\" decoding=\"async\" width=\"150\" height=\"150\" src=\"https:\/\/www.voilco-aster.fr\/blog-sejours-vacances\/files\/2015\/08\/IMG_0900-150x150.jpg\" class=\"attachment-thumbnail size-thumbnail\" alt=\"\" \/><\/a>\n\t\t\t<\/div><\/figure><figure class='gallery-item'>\n\t\t\t<div class='gallery-icon landscape'>\n\t\t\t\t<a href='https:\/\/www.voilco-aster.fr\/blog-sejours-vacances\/2015\/08\/12\/st-priest-toujours-sous-le-soleil\/img_0901\/'><img loading=\"lazy\" decoding=\"async\" width=\"150\" height=\"150\" src=\"https:\/\/www.voilco-aster.fr\/blog-sejours-vacances\/files\/2015\/08\/IMG_0901-150x150.jpg\" class=\"attachment-thumbnail size-thumbnail\" alt=\"\" \/><\/a>\n\t\t\t<\/div><\/figure><figure class='gallery-item'>\n\t\t\t<div class='gallery-icon landscape'>\n\t\t\t\t<a href='https:\/\/www.voilco-aster.fr\/blog-sejours-vacances\/2015\/08\/12\/st-priest-toujours-sous-le-soleil\/img_0902\/'><img loading=\"lazy\" decoding=\"async\" width=\"150\" height=\"150\" src=\"https:\/\/www.voilco-aster.fr\/blog-sejours-vacances\/files\/2015\/08\/IMG_0902-150x150.jpg\" class=\"attachment-thumbnail size-thumbnail\" alt=\"\" \/><\/a>\n\t\t\t<\/div><\/figure><figure class='gallery-item'>\n\t\t\t<div class='gallery-icon landscape'>\n\t\t\t\t<a href='https:\/\/www.voilco-aster.fr\/blog-sejours-vacances\/2015\/08\/12\/st-priest-toujours-sous-le-soleil\/img_0903\/'><img loading=\"lazy\" decoding=\"async\" width=\"150\" height=\"150\" src=\"https:\/\/www.voilco-aster.fr\/blog-sejours-vacances\/files\/2015\/08\/IMG_0903-150x150.jpg\" class=\"attachment-thumbnail size-thumbnail\" alt=\"\" \/><\/a>\n\t\t\t<\/div><\/figure><figure class='gallery-item'>\n\t\t\t<div class='gallery-icon landscape'>\n\t\t\t\t<a href='https:\/\/www.voilco-aster.fr\/blog-sejours-vacances\/2015\/08\/12\/st-priest-toujours-sous-le-soleil\/img_0904\/'><img loading=\"lazy\" decoding=\"async\" width=\"150\" height=\"150\" src=\"https:\/\/www.voilco-aster.fr\/blog-sejours-vacances\/files\/2015\/08\/IMG_0904-150x150.jpg\" class=\"attachment-thumbnail size-thumbnail\" alt=\"\" \/><\/a>\n\t\t\t<\/div><\/figure><figure class='gallery-item'>\n\t\t\t<div class='gallery-icon landscape'>\n\t\t\t\t<a href='https:\/\/www.voilco-aster.fr\/blog-sejours-vacances\/2015\/08\/12\/st-priest-toujours-sous-le-soleil\/img_0897\/'><img loading=\"lazy\" decoding=\"async\" width=\"150\" height=\"150\" src=\"https:\/\/www.voilco-aster.fr\/blog-sejours-vacances\/files\/2015\/08\/IMG_0897-150x150.jpg\" class=\"attachment-thumbnail size-thumbnail\" alt=\"\" \/><\/a>\n\t\t\t<\/div><\/figure>\n\t\t<\/div>\n\n<p>Et pendant que tout ce petit monde s&rsquo;amuse, Jo notre linger (et oui, \u00e7a existe!) travaille dur pour que les enfants disposent \u00e0 tout moment de linge propre. La preuve en image&#8230;Et c&rsquo;est loin d&rsquo;\u00eatre une mince affaire avec 44 enfants. Bon courage!<\/p>\n<p><a href=\"http:\/\/www.voilco-aster.fr\/blog-sejours-vacances\/files\/2015\/08\/IMG_0905.jpg\"><img loading=\"lazy\" decoding=\"async\" class=\"alignright size-large wp-image-4152\" src=\"http:\/\/www.voilco-aster.fr\/blog-sejours-vacances\/files\/2015\/08\/IMG_0905-800x600.jpg\" alt=\"IMG_0905\" width=\"660\" height=\"495\" srcset=\"https:\/\/www.voilco-aster.fr\/blog-sejours-vacances\/files\/2015\/08\/IMG_0905-800x600.jpg 800w, https:\/\/www.voilco-aster.fr\/blog-sejours-vacances\/files\/2015\/08\/IMG_0905-300x225.jpg 300w\" sizes=\"auto, (max-width: 660px) 100vw, 660px\" \/><\/a><\/p>\n<p>Sur ce, nous vous disons \u00e0 tr\u00e8s bient\u00f4t pour de toutes nouvelles aventures&#8230;<\/p>\n","protected":false},"excerpt":{"rendered":"<p>Chers parents, quelques nouvelles de St Priest en ce mercredi 12 ao\u00fbt, toujours sous un grand soleil! Et quoi de mieux qu&rsquo;une belle journ\u00e9e pour une activit\u00e9 sur l&rsquo;eau. Et parfois dans l&rsquo;eau aussi! Fran\u00e7ois a fort \u00e0 faire avec tout ce petit monde. Pendant que d&rsquo;autres font un grand jeux sur le terrain am\u00e9nag\u00e9 &hellip; <a href=\"https:\/\/www.voilco-aster.fr\/blog-sejours-vacances\/2015\/08\/12\/st-priest-toujours-sous-le-soleil\/\" class=\"more-link\">Continuer la lecture de <span class=\"screen-reader-text\">St Priest toujours sous le soleil!<\/span><\/a><\/p>\n","protected":false},"author":3,"featured_media":0,"comment_status":"open","ping_status":"closed","sticky":false,"template":"","format":"standard","meta":{"footnotes":""},"categories":[5],"tags":[],"class_list":["post-4120","post","type-post","status-publish","format-standard","hentry","category-sejours-6-11-ans"],"_links":{"self":[{"href":"https:\/\/www.voilco-aster.fr\/blog-sejours-vacances\/wp-json\/wp\/v2\/posts\/4120","targetHints":{"allow":["GET"]}}],"collection":[{"href":"https:\/\/www.voilco-aster.fr\/blog-sejours-vacances\/wp-json\/wp\/v2\/posts"}],"about":[{"href":"https:\/\/www.voilco-aster.fr\/blog-sejours-vacances\/wp-json\/wp\/v2\/types\/post"}],"author":[{"embeddable":true,"href":"https:\/\/www.voilco-aster.fr\/blog-sejours-vacances\/wp-json\/wp\/v2\/users\/3"}],"replies":[{"embeddable":true,"href":"https:\/\/www.voilco-aster.fr\/blog-sejours-vacances\/wp-json\/wp\/v2\/comments?post=4120"}],"version-history":[{"count":3,"href":"https:\/\/www.voilco-aster.fr\/blog-sejours-vacances\/wp-json\/wp\/v2\/posts\/4120\/revisions"}],"predecessor-version":[{"id":4189,"href":"https:\/\/www.voilco-aster.fr\/blog-sejours-vacances\/wp-json\/wp\/v2\/posts\/4120\/revisions\/4189"}],"wp:attachment":[{"href":"https:\/\/www.voilco-aster.fr\/blog-sejours-vacances\/wp-json\/wp\/v2\/media?parent=4120"}],"wp:term":[{"taxonomy":"category","embeddable":true,"href":"https:\/\/www.voilco-aster.fr\/blog-sejours-vacances\/wp-json\/wp\/v2\/categories?post=4120"},{"taxonomy":"post_tag","embeddable":true,"href":"https:\/\/www.voilco-aster.fr\/blog-sejours-vacances\/wp-json\/wp\/v2\/tags?post=4120"}],"curies":[{"name":"wp","href":"https:\/\/api.w.org\/{rel}","templated":true}]}}