{"id":4190,"date":"2015-08-14T13:55:34","date_gmt":"2015-08-14T12:55:34","guid":{"rendered":"http:\/\/www.voilco-aster.fr\/blog-sejours-vacances\/?p=4190"},"modified":"2015-08-14T13:55:34","modified_gmt":"2015-08-14T12:55:34","slug":"a-st-priest-preparation-de-la-soiree-mexicaine","status":"publish","type":"post","link":"https:\/\/www.voilco-aster.fr\/blog-sejours-vacances\/2015\/08\/14\/a-st-priest-preparation-de-la-soiree-mexicaine\/","title":{"rendered":"A St Priest, pr\u00e9paration de la soir\u00e9e mexicaine!"},"content":{"rendered":"<p>Ce vendredi 14 ao\u00fbt, le centre de St Priest s&rsquo;est r\u00e9veill\u00e9 sous la pluie. Mais rien qui ne puisse affecter le moral des troupes. C&rsquo;est donc bien au chaud que vont se d\u00e9rouler les activit\u00e9s.<\/p>\n<p>Tout d&rsquo;abord un atelier cr\u00e9ation de cerf-volants avec notre animateur Christophe (surnomm\u00e9 Blaise)&#8230;D\u00e9coupe, collage, d\u00e9coration&#8230;tout pour stimuler l&rsquo;imagination de nos petits bricoleurs. Et d\u00e8s que le temps le permettra, un essai \u00e0 l&rsquo;air libre.<\/p>\n<div id='gallery-1' class='gallery galleryid-4190 gallery-columns-3 gallery-size-medium'><figure class='gallery-item'>\n\t\t\t<div class='gallery-icon landscape'>\n\t\t\t\t<a href='https:\/\/www.voilco-aster.fr\/blog-sejours-vacances\/2015\/08\/14\/a-st-priest-preparation-de-la-soiree-mexicaine\/img_0959\/'><img loading=\"lazy\" decoding=\"async\" width=\"300\" height=\"225\" src=\"https:\/\/www.voilco-aster.fr\/blog-sejours-vacances\/files\/2015\/08\/IMG_0959-300x225.jpg\" class=\"attachment-medium size-medium\" alt=\"\" srcset=\"https:\/\/www.voilco-aster.fr\/blog-sejours-vacances\/files\/2015\/08\/IMG_0959-300x225.jpg 300w, https:\/\/www.voilco-aster.fr\/blog-sejours-vacances\/files\/2015\/08\/IMG_0959-800x600.jpg 800w\" sizes=\"auto, (max-width: 300px) 100vw, 300px\" \/><\/a>\n\t\t\t<\/div><\/figure><figure class='gallery-item'>\n\t\t\t<div class='gallery-icon landscape'>\n\t\t\t\t<a href='https:\/\/www.voilco-aster.fr\/blog-sejours-vacances\/2015\/08\/14\/a-st-priest-preparation-de-la-soiree-mexicaine\/img_0960\/'><img loading=\"lazy\" decoding=\"async\" width=\"300\" height=\"225\" src=\"https:\/\/www.voilco-aster.fr\/blog-sejours-vacances\/files\/2015\/08\/IMG_0960-300x225.jpg\" class=\"attachment-medium size-medium\" alt=\"\" srcset=\"https:\/\/www.voilco-aster.fr\/blog-sejours-vacances\/files\/2015\/08\/IMG_0960-300x225.jpg 300w, https:\/\/www.voilco-aster.fr\/blog-sejours-vacances\/files\/2015\/08\/IMG_0960-800x600.jpg 800w\" sizes=\"auto, (max-width: 300px) 100vw, 300px\" \/><\/a>\n\t\t\t<\/div><\/figure><figure class='gallery-item'>\n\t\t\t<div class='gallery-icon landscape'>\n\t\t\t\t<a href='https:\/\/www.voilco-aster.fr\/blog-sejours-vacances\/2015\/08\/14\/a-st-priest-preparation-de-la-soiree-mexicaine\/img_0961\/'><img loading=\"lazy\" decoding=\"async\" width=\"300\" height=\"225\" src=\"https:\/\/www.voilco-aster.fr\/blog-sejours-vacances\/files\/2015\/08\/IMG_0961-300x225.jpg\" class=\"attachment-medium size-medium\" alt=\"\" srcset=\"https:\/\/www.voilco-aster.fr\/blog-sejours-vacances\/files\/2015\/08\/IMG_0961-300x225.jpg 300w, https:\/\/www.voilco-aster.fr\/blog-sejours-vacances\/files\/2015\/08\/IMG_0961-800x600.jpg 800w\" sizes=\"auto, (max-width: 300px) 100vw, 300px\" \/><\/a>\n\t\t\t<\/div><\/figure>\n\t\t<\/div>\n\n<p>Pendant que d&rsquo;autres s&rsquo;activent \u00e0 la pr\u00e9paration de la soir\u00e9e mexicaine qui aura lieu demain soir. Au programme: d\u00e9gustation d&rsquo;un repas traditionnel mexicain, th\u00e9\u00e2tre d&rsquo;ombres, d\u00e9guisements, d\u00e9coration du centre, sans oublier la fameuse pinata&#8230;Ca travaille dur! Avant une grande sortie dimanche aux Cascades de Gimel (le temps devrait revenir au beau fixe!).<\/p>\n<div id='gallery-2' class='gallery galleryid-4190 gallery-columns-3 gallery-size-medium'><figure class='gallery-item'>\n\t\t\t<div class='gallery-icon landscape'>\n\t\t\t\t<a href='https:\/\/www.voilco-aster.fr\/blog-sejours-vacances\/2015\/08\/14\/a-st-priest-preparation-de-la-soiree-mexicaine\/img_0972\/'><img loading=\"lazy\" decoding=\"async\" width=\"300\" height=\"225\" src=\"https:\/\/www.voilco-aster.fr\/blog-sejours-vacances\/files\/2015\/08\/IMG_0972-300x225.jpg\" class=\"attachment-medium size-medium\" alt=\"\" srcset=\"https:\/\/www.voilco-aster.fr\/blog-sejours-vacances\/files\/2015\/08\/IMG_0972-300x225.jpg 300w, https:\/\/www.voilco-aster.fr\/blog-sejours-vacances\/files\/2015\/08\/IMG_0972-800x600.jpg 800w\" sizes=\"auto, (max-width: 300px) 100vw, 300px\" \/><\/a>\n\t\t\t<\/div><\/figure><figure class='gallery-item'>\n\t\t\t<div class='gallery-icon landscape'>\n\t\t\t\t<a href='https:\/\/www.voilco-aster.fr\/blog-sejours-vacances\/2015\/08\/14\/a-st-priest-preparation-de-la-soiree-mexicaine\/img_0971\/'><img loading=\"lazy\" decoding=\"async\" width=\"300\" height=\"225\" src=\"https:\/\/www.voilco-aster.fr\/blog-sejours-vacances\/files\/2015\/08\/IMG_0971-300x225.jpg\" class=\"attachment-medium size-medium\" alt=\"\" srcset=\"https:\/\/www.voilco-aster.fr\/blog-sejours-vacances\/files\/2015\/08\/IMG_0971-300x225.jpg 300w, https:\/\/www.voilco-aster.fr\/blog-sejours-vacances\/files\/2015\/08\/IMG_0971-800x600.jpg 800w\" sizes=\"auto, (max-width: 300px) 100vw, 300px\" \/><\/a>\n\t\t\t<\/div><\/figure><figure class='gallery-item'>\n\t\t\t<div class='gallery-icon landscape'>\n\t\t\t\t<a href='https:\/\/www.voilco-aster.fr\/blog-sejours-vacances\/2015\/08\/14\/a-st-priest-preparation-de-la-soiree-mexicaine\/img_0963\/'><img loading=\"lazy\" decoding=\"async\" width=\"300\" height=\"225\" src=\"https:\/\/www.voilco-aster.fr\/blog-sejours-vacances\/files\/2015\/08\/IMG_0963-300x225.jpg\" class=\"attachment-medium size-medium\" alt=\"\" srcset=\"https:\/\/www.voilco-aster.fr\/blog-sejours-vacances\/files\/2015\/08\/IMG_0963-300x225.jpg 300w, https:\/\/www.voilco-aster.fr\/blog-sejours-vacances\/files\/2015\/08\/IMG_0963-800x600.jpg 800w\" sizes=\"auto, (max-width: 300px) 100vw, 300px\" \/><\/a>\n\t\t\t<\/div><\/figure><figure class='gallery-item'>\n\t\t\t<div class='gallery-icon landscape'>\n\t\t\t\t<a href='https:\/\/www.voilco-aster.fr\/blog-sejours-vacances\/2015\/08\/14\/a-st-priest-preparation-de-la-soiree-mexicaine\/img_0970\/'><img loading=\"lazy\" decoding=\"async\" width=\"300\" height=\"225\" src=\"https:\/\/www.voilco-aster.fr\/blog-sejours-vacances\/files\/2015\/08\/IMG_0970-300x225.jpg\" class=\"attachment-medium size-medium\" alt=\"\" srcset=\"https:\/\/www.voilco-aster.fr\/blog-sejours-vacances\/files\/2015\/08\/IMG_0970-300x225.jpg 300w, https:\/\/www.voilco-aster.fr\/blog-sejours-vacances\/files\/2015\/08\/IMG_0970-800x600.jpg 800w\" sizes=\"auto, (max-width: 300px) 100vw, 300px\" \/><\/a>\n\t\t\t<\/div><\/figure><figure class='gallery-item'>\n\t\t\t<div class='gallery-icon landscape'>\n\t\t\t\t<a href='https:\/\/www.voilco-aster.fr\/blog-sejours-vacances\/2015\/08\/14\/a-st-priest-preparation-de-la-soiree-mexicaine\/img_0969\/'><img loading=\"lazy\" decoding=\"async\" width=\"300\" height=\"225\" src=\"https:\/\/www.voilco-aster.fr\/blog-sejours-vacances\/files\/2015\/08\/IMG_0969-300x225.jpg\" class=\"attachment-medium size-medium\" alt=\"\" srcset=\"https:\/\/www.voilco-aster.fr\/blog-sejours-vacances\/files\/2015\/08\/IMG_0969-300x225.jpg 300w, https:\/\/www.voilco-aster.fr\/blog-sejours-vacances\/files\/2015\/08\/IMG_0969-800x600.jpg 800w\" sizes=\"auto, (max-width: 300px) 100vw, 300px\" \/><\/a>\n\t\t\t<\/div><\/figure><figure class='gallery-item'>\n\t\t\t<div class='gallery-icon landscape'>\n\t\t\t\t<a href='https:\/\/www.voilco-aster.fr\/blog-sejours-vacances\/2015\/08\/14\/a-st-priest-preparation-de-la-soiree-mexicaine\/img_0968\/'><img loading=\"lazy\" decoding=\"async\" width=\"300\" height=\"225\" src=\"https:\/\/www.voilco-aster.fr\/blog-sejours-vacances\/files\/2015\/08\/IMG_0968-300x225.jpg\" class=\"attachment-medium size-medium\" alt=\"\" srcset=\"https:\/\/www.voilco-aster.fr\/blog-sejours-vacances\/files\/2015\/08\/IMG_0968-300x225.jpg 300w, https:\/\/www.voilco-aster.fr\/blog-sejours-vacances\/files\/2015\/08\/IMG_0968-800x600.jpg 800w\" sizes=\"auto, (max-width: 300px) 100vw, 300px\" \/><\/a>\n\t\t\t<\/div><\/figure><figure class='gallery-item'>\n\t\t\t<div class='gallery-icon landscape'>\n\t\t\t\t<a href='https:\/\/www.voilco-aster.fr\/blog-sejours-vacances\/2015\/08\/14\/a-st-priest-preparation-de-la-soiree-mexicaine\/img_0967\/'><img loading=\"lazy\" decoding=\"async\" width=\"300\" height=\"225\" src=\"https:\/\/www.voilco-aster.fr\/blog-sejours-vacances\/files\/2015\/08\/IMG_0967-300x225.jpg\" class=\"attachment-medium size-medium\" alt=\"\" srcset=\"https:\/\/www.voilco-aster.fr\/blog-sejours-vacances\/files\/2015\/08\/IMG_0967-300x225.jpg 300w, https:\/\/www.voilco-aster.fr\/blog-sejours-vacances\/files\/2015\/08\/IMG_0967-800x600.jpg 800w\" sizes=\"auto, (max-width: 300px) 100vw, 300px\" \/><\/a>\n\t\t\t<\/div><\/figure><figure class='gallery-item'>\n\t\t\t<div class='gallery-icon landscape'>\n\t\t\t\t<a href='https:\/\/www.voilco-aster.fr\/blog-sejours-vacances\/2015\/08\/14\/a-st-priest-preparation-de-la-soiree-mexicaine\/img_0962\/'><img loading=\"lazy\" decoding=\"async\" width=\"300\" height=\"225\" src=\"https:\/\/www.voilco-aster.fr\/blog-sejours-vacances\/files\/2015\/08\/IMG_0962-300x225.jpg\" class=\"attachment-medium size-medium\" alt=\"\" srcset=\"https:\/\/www.voilco-aster.fr\/blog-sejours-vacances\/files\/2015\/08\/IMG_0962-300x225.jpg 300w, https:\/\/www.voilco-aster.fr\/blog-sejours-vacances\/files\/2015\/08\/IMG_0962-800x600.jpg 800w\" sizes=\"auto, (max-width: 300px) 100vw, 300px\" \/><\/a>\n\t\t\t<\/div><\/figure><figure class='gallery-item'>\n\t\t\t<div class='gallery-icon landscape'>\n\t\t\t\t<a href='https:\/\/www.voilco-aster.fr\/blog-sejours-vacances\/2015\/08\/14\/a-st-priest-preparation-de-la-soiree-mexicaine\/img_0965\/'><img loading=\"lazy\" decoding=\"async\" width=\"300\" height=\"225\" src=\"https:\/\/www.voilco-aster.fr\/blog-sejours-vacances\/files\/2015\/08\/IMG_0965-300x225.jpg\" class=\"attachment-medium size-medium\" alt=\"\" srcset=\"https:\/\/www.voilco-aster.fr\/blog-sejours-vacances\/files\/2015\/08\/IMG_0965-300x225.jpg 300w, https:\/\/www.voilco-aster.fr\/blog-sejours-vacances\/files\/2015\/08\/IMG_0965-800x600.jpg 800w\" sizes=\"auto, (max-width: 300px) 100vw, 300px\" \/><\/a>\n\t\t\t<\/div><\/figure><figure class='gallery-item'>\n\t\t\t<div class='gallery-icon landscape'>\n\t\t\t\t<a href='https:\/\/www.voilco-aster.fr\/blog-sejours-vacances\/2015\/08\/14\/a-st-priest-preparation-de-la-soiree-mexicaine\/img_0964\/'><img loading=\"lazy\" decoding=\"async\" width=\"300\" height=\"225\" src=\"https:\/\/www.voilco-aster.fr\/blog-sejours-vacances\/files\/2015\/08\/IMG_0964-300x225.jpg\" class=\"attachment-medium size-medium\" alt=\"\" srcset=\"https:\/\/www.voilco-aster.fr\/blog-sejours-vacances\/files\/2015\/08\/IMG_0964-300x225.jpg 300w, https:\/\/www.voilco-aster.fr\/blog-sejours-vacances\/files\/2015\/08\/IMG_0964-800x600.jpg 800w\" sizes=\"auto, (max-width: 300px) 100vw, 300px\" \/><\/a>\n\t\t\t<\/div><\/figure>\n\t\t<\/div>\n\n<p>Bien s\u00fbr, nous ne manquerons pas de diffuser les photos de cet \u00e9v\u00e8nement.<\/p>\n<p>&nbsp;<\/p>\n<p>&nbsp;<\/p>\n","protected":false},"excerpt":{"rendered":"<p>Ce vendredi 14 ao\u00fbt, le centre de St Priest s&rsquo;est r\u00e9veill\u00e9 sous la pluie. Mais rien qui ne puisse affecter le moral des troupes. C&rsquo;est donc bien au chaud que vont se d\u00e9rouler les activit\u00e9s. Tout d&rsquo;abord un atelier cr\u00e9ation de cerf-volants avec notre animateur Christophe (surnomm\u00e9 Blaise)&#8230;D\u00e9coupe, collage, d\u00e9coration&#8230;tout pour stimuler l&rsquo;imagination de nos &hellip; <a href=\"https:\/\/www.voilco-aster.fr\/blog-sejours-vacances\/2015\/08\/14\/a-st-priest-preparation-de-la-soiree-mexicaine\/\" class=\"more-link\">Continuer la lecture de <span class=\"screen-reader-text\">A St Priest, pr\u00e9paration de la soir\u00e9e mexicaine!<\/span><\/a><\/p>\n","protected":false},"author":3,"featured_media":0,"comment_status":"open","ping_status":"closed","sticky":false,"template":"","format":"standard","meta":{"footnotes":""},"categories":[1],"tags":[],"class_list":["post-4190","post","type-post","status-publish","format-standard","hentry","category-sejours-ete"],"_links":{"self":[{"href":"https:\/\/www.voilco-aster.fr\/blog-sejours-vacances\/wp-json\/wp\/v2\/posts\/4190","targetHints":{"allow":["GET"]}}],"collection":[{"href":"https:\/\/www.voilco-aster.fr\/blog-sejours-vacances\/wp-json\/wp\/v2\/posts"}],"about":[{"href":"https:\/\/www.voilco-aster.fr\/blog-sejours-vacances\/wp-json\/wp\/v2\/types\/post"}],"author":[{"embeddable":true,"href":"https:\/\/www.voilco-aster.fr\/blog-sejours-vacances\/wp-json\/wp\/v2\/users\/3"}],"replies":[{"embeddable":true,"href":"https:\/\/www.voilco-aster.fr\/blog-sejours-vacances\/wp-json\/wp\/v2\/comments?post=4190"}],"version-history":[{"count":4,"href":"https:\/\/www.voilco-aster.fr\/blog-sejours-vacances\/wp-json\/wp\/v2\/posts\/4190\/revisions"}],"predecessor-version":[{"id":4209,"href":"https:\/\/www.voilco-aster.fr\/blog-sejours-vacances\/wp-json\/wp\/v2\/posts\/4190\/revisions\/4209"}],"wp:attachment":[{"href":"https:\/\/www.voilco-aster.fr\/blog-sejours-vacances\/wp-json\/wp\/v2\/media?parent=4190"}],"wp:term":[{"taxonomy":"category","embeddable":true,"href":"https:\/\/www.voilco-aster.fr\/blog-sejours-vacances\/wp-json\/wp\/v2\/categories?post=4190"},{"taxonomy":"post_tag","embeddable":true,"href":"https:\/\/www.voilco-aster.fr\/blog-sejours-vacances\/wp-json\/wp\/v2\/tags?post=4190"}],"curies":[{"name":"wp","href":"https:\/\/api.w.org\/{rel}","templated":true}]}}