{"id":4521,"date":"2016-07-17T22:30:02","date_gmt":"2016-07-17T21:30:02","guid":{"rendered":"http:\/\/www.voilco-aster.fr\/blog-sejours-vacances\/?p=4521"},"modified":"2016-07-18T14:24:35","modified_gmt":"2016-07-18T13:24:35","slug":"sejour-voile-1er-jour","status":"publish","type":"post","link":"https:\/\/www.voilco-aster.fr\/blog-sejours-vacances\/2016\/07\/17\/sejour-voile-1er-jour\/","title":{"rendered":"S\u00e9jour voile : 1er jour"},"content":{"rendered":"<p>Du soleil et du vent pour ce premier jour \u00e0 Vassivi\u00e8re.&nbsp;<\/p>\n<p>Apr\u00e8s l&rsquo;installation du camp le matin, nous avons mang\u00e9 un peu plus tard pour \u00e9vier les heures les plus chaudes.&nbsp;<\/p>\n<p>Nous sommes all\u00e9s faire de la voile et de la baignade l&rsquo;apr\u00e8s-midi. Coralie animait la baignade pendant que Fran\u00e7ois faisait des navigations avec des groupes de 2 jeunes. En effet, le vent \u00e9tant assez fort, il valait mieux d\u00e9couvrir la voile en douceur.<\/p>\n<p>Le soir nous avons pris le repas tard apr\u00e8s avoir discut\u00e9 ensemble du fonctionnement et des r\u00e8gles de vie.&nbsp;<\/p>\n<p>Une bonne premi\u00e8re journ\u00e9e de colo !<\/p>\n<p><a href=\"http:\/\/www.voilco-aster.fr\/blog-sejours-vacances\/files\/2016\/07\/img_4802.jpg\"><img loading=\"lazy\" decoding=\"async\" src=\"http:\/\/www.voilco-aster.fr\/blog-sejours-vacances\/files\/2016\/07\/img_4802.jpg\" alt=\"\" width=\"4032\" height=\"3024\" class=\"alignnone size-full wp-image-4523\" srcset=\"https:\/\/www.voilco-aster.fr\/blog-sejours-vacances\/files\/2016\/07\/img_4802.jpg 4032w, https:\/\/www.voilco-aster.fr\/blog-sejours-vacances\/files\/2016\/07\/img_4802-300x225.jpg 300w, https:\/\/www.voilco-aster.fr\/blog-sejours-vacances\/files\/2016\/07\/img_4802-768x576.jpg 768w, https:\/\/www.voilco-aster.fr\/blog-sejours-vacances\/files\/2016\/07\/img_4802-800x600.jpg 800w\" sizes=\"auto, (max-width: 4032px) 100vw, 4032px\" \/><\/a><a href=\"http:\/\/www.voilco-aster.fr\/blog-sejours-vacances\/files\/2016\/07\/img_4801.jpg\"><img loading=\"lazy\" decoding=\"async\" width=\"4032\" height=\"3024\" alt=\"\" src=\"http:\/\/www.voilco-aster.fr\/blog-sejours-vacances\/files\/2016\/07\/img_4801.jpg\" title=\"\" class=\"alignnone size-full wp-image-4524\" srcset=\"https:\/\/www.voilco-aster.fr\/blog-sejours-vacances\/files\/2016\/07\/img_4801.jpg 4032w, https:\/\/www.voilco-aster.fr\/blog-sejours-vacances\/files\/2016\/07\/img_4801-300x225.jpg 300w, https:\/\/www.voilco-aster.fr\/blog-sejours-vacances\/files\/2016\/07\/img_4801-768x576.jpg 768w, https:\/\/www.voilco-aster.fr\/blog-sejours-vacances\/files\/2016\/07\/img_4801-800x600.jpg 800w\" sizes=\"auto, (max-width: 4032px) 100vw, 4032px\" \/><\/a><a href=\"http:\/\/www.voilco-aster.fr\/blog-sejours-vacances\/files\/2016\/07\/img_4800.jpg\"><img loading=\"lazy\" decoding=\"async\" src=\"http:\/\/www.voilco-aster.fr\/blog-sejours-vacances\/files\/2016\/07\/img_4800.jpg\" alt=\"\" width=\"4032\" height=\"3024\" class=\"alignnone size-full wp-image-4528\" srcset=\"https:\/\/www.voilco-aster.fr\/blog-sejours-vacances\/files\/2016\/07\/img_4800.jpg 4032w, https:\/\/www.voilco-aster.fr\/blog-sejours-vacances\/files\/2016\/07\/img_4800-300x225.jpg 300w, https:\/\/www.voilco-aster.fr\/blog-sejours-vacances\/files\/2016\/07\/img_4800-768x576.jpg 768w, https:\/\/www.voilco-aster.fr\/blog-sejours-vacances\/files\/2016\/07\/img_4800-800x600.jpg 800w\" sizes=\"auto, (max-width: 4032px) 100vw, 4032px\" \/><\/a><a href=\"http:\/\/www.voilco-aster.fr\/blog-sejours-vacances\/files\/2016\/07\/img_4799.jpg\"><img loading=\"lazy\" decoding=\"async\" src=\"http:\/\/www.voilco-aster.fr\/blog-sejours-vacances\/files\/2016\/07\/img_4799.jpg\" alt=\"\" width=\"4032\" height=\"3024\" class=\"alignnone size-full wp-image-4526\" srcset=\"https:\/\/www.voilco-aster.fr\/blog-sejours-vacances\/files\/2016\/07\/img_4799.jpg 4032w, https:\/\/www.voilco-aster.fr\/blog-sejours-vacances\/files\/2016\/07\/img_4799-300x225.jpg 300w, https:\/\/www.voilco-aster.fr\/blog-sejours-vacances\/files\/2016\/07\/img_4799-768x576.jpg 768w, https:\/\/www.voilco-aster.fr\/blog-sejours-vacances\/files\/2016\/07\/img_4799-800x600.jpg 800w\" sizes=\"auto, (max-width: 4032px) 100vw, 4032px\" \/><\/a><a href=\"http:\/\/www.voilco-aster.fr\/blog-sejours-vacances\/files\/2016\/07\/img_4798.jpg\"><img loading=\"lazy\" decoding=\"async\" src=\"http:\/\/www.voilco-aster.fr\/blog-sejours-vacances\/files\/2016\/07\/img_4798.jpg\" alt=\"\" width=\"4032\" height=\"3024\" class=\"alignnone size-full wp-image-4527\" srcset=\"https:\/\/www.voilco-aster.fr\/blog-sejours-vacances\/files\/2016\/07\/img_4798.jpg 4032w, https:\/\/www.voilco-aster.fr\/blog-sejours-vacances\/files\/2016\/07\/img_4798-300x225.jpg 300w, https:\/\/www.voilco-aster.fr\/blog-sejours-vacances\/files\/2016\/07\/img_4798-768x576.jpg 768w, https:\/\/www.voilco-aster.fr\/blog-sejours-vacances\/files\/2016\/07\/img_4798-800x600.jpg 800w\" sizes=\"auto, (max-width: 4032px) 100vw, 4032px\" \/><\/a><a href=\"http:\/\/www.voilco-aster.fr\/blog-sejours-vacances\/files\/2016\/07\/img_4797.jpg\"><img loading=\"lazy\" decoding=\"async\" src=\"http:\/\/www.voilco-aster.fr\/blog-sejours-vacances\/files\/2016\/07\/img_4797.jpg\" alt=\"\" width=\"4032\" height=\"3024\" class=\"alignnone size-full wp-image-4525\" srcset=\"https:\/\/www.voilco-aster.fr\/blog-sejours-vacances\/files\/2016\/07\/img_4797.jpg 4032w, https:\/\/www.voilco-aster.fr\/blog-sejours-vacances\/files\/2016\/07\/img_4797-300x225.jpg 300w, https:\/\/www.voilco-aster.fr\/blog-sejours-vacances\/files\/2016\/07\/img_4797-768x576.jpg 768w, https:\/\/www.voilco-aster.fr\/blog-sejours-vacances\/files\/2016\/07\/img_4797-800x600.jpg 800w\" sizes=\"auto, (max-width: 4032px) 100vw, 4032px\" \/><\/a><\/p>\n","protected":false},"excerpt":{"rendered":"<p>Du soleil et du vent pour ce premier jour \u00e0 Vassivi\u00e8re.&nbsp; Apr\u00e8s l&rsquo;installation du camp le matin, nous avons mang\u00e9 un peu plus tard pour \u00e9vier les heures les plus chaudes.&nbsp; Nous sommes all\u00e9s faire de la voile et de la baignade l&rsquo;apr\u00e8s-midi. Coralie animait la baignade pendant que Fran\u00e7ois faisait des navigations avec des &hellip; <a href=\"https:\/\/www.voilco-aster.fr\/blog-sejours-vacances\/2016\/07\/17\/sejour-voile-1er-jour\/\" class=\"more-link\">Continuer la lecture de <span class=\"screen-reader-text\">S\u00e9jour voile : 1er jour<\/span><\/a><\/p>\n","protected":false},"author":1,"featured_media":0,"comment_status":"open","ping_status":"closed","sticky":false,"template":"","format":"standard","meta":{"footnotes":""},"categories":[13],"tags":[],"class_list":["post-4521","post","type-post","status-publish","format-standard","hentry","category-sejour-voile-vassiviere"],"_links":{"self":[{"href":"https:\/\/www.voilco-aster.fr\/blog-sejours-vacances\/wp-json\/wp\/v2\/posts\/4521","targetHints":{"allow":["GET"]}}],"collection":[{"href":"https:\/\/www.voilco-aster.fr\/blog-sejours-vacances\/wp-json\/wp\/v2\/posts"}],"about":[{"href":"https:\/\/www.voilco-aster.fr\/blog-sejours-vacances\/wp-json\/wp\/v2\/types\/post"}],"author":[{"embeddable":true,"href":"https:\/\/www.voilco-aster.fr\/blog-sejours-vacances\/wp-json\/wp\/v2\/users\/1"}],"replies":[{"embeddable":true,"href":"https:\/\/www.voilco-aster.fr\/blog-sejours-vacances\/wp-json\/wp\/v2\/comments?post=4521"}],"version-history":[{"count":2,"href":"https:\/\/www.voilco-aster.fr\/blog-sejours-vacances\/wp-json\/wp\/v2\/posts\/4521\/revisions"}],"predecessor-version":[{"id":4529,"href":"https:\/\/www.voilco-aster.fr\/blog-sejours-vacances\/wp-json\/wp\/v2\/posts\/4521\/revisions\/4529"}],"wp:attachment":[{"href":"https:\/\/www.voilco-aster.fr\/blog-sejours-vacances\/wp-json\/wp\/v2\/media?parent=4521"}],"wp:term":[{"taxonomy":"category","embeddable":true,"href":"https:\/\/www.voilco-aster.fr\/blog-sejours-vacances\/wp-json\/wp\/v2\/categories?post=4521"},{"taxonomy":"post_tag","embeddable":true,"href":"https:\/\/www.voilco-aster.fr\/blog-sejours-vacances\/wp-json\/wp\/v2\/tags?post=4521"}],"curies":[{"name":"wp","href":"https:\/\/api.w.org\/{rel}","templated":true}]}}