{"id":4534,"date":"2016-07-18T21:04:11","date_gmt":"2016-07-18T20:04:11","guid":{"rendered":"http:\/\/www.voilco-aster.fr\/blog-sejours-vacances\/?p=4534"},"modified":"2016-07-18T21:04:11","modified_gmt":"2016-07-18T20:04:11","slug":"sejour-voile-2eme-jour","status":"publish","type":"post","link":"https:\/\/www.voilco-aster.fr\/blog-sejours-vacances\/2016\/07\/18\/sejour-voile-2eme-jour\/","title":{"rendered":"S\u00e9jour voile : 2\u00e8me jour\u00a0"},"content":{"rendered":"<p>Il fait toujours aussi chaud et beau \u00e0 Vassivi\u00e8re.<\/p>\n<p>Le peu de vent ce matin a \u00e9court\u00e9 l&rsquo;activit\u00e9 voile. Nous en avons profit\u00e9 pour faire un jeu d&rsquo;\u00e9quilibre et apprendre \u00e0 redresser le d\u00e9riveur lorsqu&rsquo;il est renvers\u00e9 !&nbsp;<\/p>\n<p>Apr\u00e8s un bon repas, l&rsquo;apr\u00e8s-midi a altern\u00e9 entre baignade et voile avec plus de vent cette fois-ci !<\/p>\n<p>En veill\u00e9e ce soir, nous avons fait un loups-garous !<\/p>\n<p><a href=\"http:\/\/www.voilco-aster.fr\/blog-sejours-vacances\/files\/2016\/07\/img_4803.jpg\"><img loading=\"lazy\" decoding=\"async\" src=\"http:\/\/www.voilco-aster.fr\/blog-sejours-vacances\/files\/2016\/07\/img_4803.jpg\" alt=\"\" width=\"4032\" height=\"3024\" class=\"alignnone size-full wp-image-4533\" srcset=\"https:\/\/www.voilco-aster.fr\/blog-sejours-vacances\/files\/2016\/07\/img_4803.jpg 4032w, https:\/\/www.voilco-aster.fr\/blog-sejours-vacances\/files\/2016\/07\/img_4803-300x225.jpg 300w, https:\/\/www.voilco-aster.fr\/blog-sejours-vacances\/files\/2016\/07\/img_4803-768x576.jpg 768w, https:\/\/www.voilco-aster.fr\/blog-sejours-vacances\/files\/2016\/07\/img_4803-800x600.jpg 800w\" sizes=\"auto, (max-width: 4032px) 100vw, 4032px\" \/><\/a><a href=\"http:\/\/www.voilco-aster.fr\/blog-sejours-vacances\/files\/2016\/07\/img_4804.jpg\"><img loading=\"lazy\" decoding=\"async\" src=\"http:\/\/www.voilco-aster.fr\/blog-sejours-vacances\/files\/2016\/07\/img_4804.jpg\" alt=\"\" width=\"4032\" height=\"3024\" class=\"alignnone size-full wp-image-4532\" srcset=\"https:\/\/www.voilco-aster.fr\/blog-sejours-vacances\/files\/2016\/07\/img_4804.jpg 4032w, https:\/\/www.voilco-aster.fr\/blog-sejours-vacances\/files\/2016\/07\/img_4804-300x225.jpg 300w, https:\/\/www.voilco-aster.fr\/blog-sejours-vacances\/files\/2016\/07\/img_4804-768x576.jpg 768w, https:\/\/www.voilco-aster.fr\/blog-sejours-vacances\/files\/2016\/07\/img_4804-800x600.jpg 800w\" sizes=\"auto, (max-width: 4032px) 100vw, 4032px\" \/><\/a><a href=\"http:\/\/www.voilco-aster.fr\/blog-sejours-vacances\/files\/2016\/07\/img_4806.jpg\"><img loading=\"lazy\" decoding=\"async\" src=\"http:\/\/www.voilco-aster.fr\/blog-sejours-vacances\/files\/2016\/07\/img_4806.jpg\" alt=\"\" width=\"4032\" height=\"3024\" class=\"alignnone size-full wp-image-4530\" srcset=\"https:\/\/www.voilco-aster.fr\/blog-sejours-vacances\/files\/2016\/07\/img_4806.jpg 4032w, https:\/\/www.voilco-aster.fr\/blog-sejours-vacances\/files\/2016\/07\/img_4806-300x225.jpg 300w, https:\/\/www.voilco-aster.fr\/blog-sejours-vacances\/files\/2016\/07\/img_4806-768x576.jpg 768w, https:\/\/www.voilco-aster.fr\/blog-sejours-vacances\/files\/2016\/07\/img_4806-800x600.jpg 800w\" sizes=\"auto, (max-width: 4032px) 100vw, 4032px\" \/><\/a><a href=\"http:\/\/www.voilco-aster.fr\/blog-sejours-vacances\/files\/2016\/07\/img_4808.jpg\"><img loading=\"lazy\" decoding=\"async\" src=\"http:\/\/www.voilco-aster.fr\/blog-sejours-vacances\/files\/2016\/07\/img_4808.jpg\" alt=\"\" width=\"4032\" height=\"3024\" class=\"alignnone size-full wp-image-4531\" srcset=\"https:\/\/www.voilco-aster.fr\/blog-sejours-vacances\/files\/2016\/07\/img_4808.jpg 4032w, https:\/\/www.voilco-aster.fr\/blog-sejours-vacances\/files\/2016\/07\/img_4808-300x225.jpg 300w, https:\/\/www.voilco-aster.fr\/blog-sejours-vacances\/files\/2016\/07\/img_4808-768x576.jpg 768w, https:\/\/www.voilco-aster.fr\/blog-sejours-vacances\/files\/2016\/07\/img_4808-800x600.jpg 800w\" sizes=\"auto, (max-width: 4032px) 100vw, 4032px\" \/><\/a><\/p>\n","protected":false},"excerpt":{"rendered":"<p>Il fait toujours aussi chaud et beau \u00e0 Vassivi\u00e8re. Le peu de vent ce matin a \u00e9court\u00e9 l&rsquo;activit\u00e9 voile. Nous en avons profit\u00e9 pour faire un jeu d&rsquo;\u00e9quilibre et apprendre \u00e0 redresser le d\u00e9riveur lorsqu&rsquo;il est renvers\u00e9 !&nbsp; Apr\u00e8s un bon repas, l&rsquo;apr\u00e8s-midi a altern\u00e9 entre baignade et voile avec plus de vent cette fois-ci &hellip; <a href=\"https:\/\/www.voilco-aster.fr\/blog-sejours-vacances\/2016\/07\/18\/sejour-voile-2eme-jour\/\" class=\"more-link\">Continuer la lecture de <span class=\"screen-reader-text\">S\u00e9jour voile : 2\u00e8me jour\u00a0<\/span><\/a><\/p>\n","protected":false},"author":1,"featured_media":0,"comment_status":"open","ping_status":"closed","sticky":false,"template":"","format":"standard","meta":{"footnotes":""},"categories":[13],"tags":[],"class_list":["post-4534","post","type-post","status-publish","format-standard","hentry","category-sejour-voile-vassiviere"],"_links":{"self":[{"href":"https:\/\/www.voilco-aster.fr\/blog-sejours-vacances\/wp-json\/wp\/v2\/posts\/4534","targetHints":{"allow":["GET"]}}],"collection":[{"href":"https:\/\/www.voilco-aster.fr\/blog-sejours-vacances\/wp-json\/wp\/v2\/posts"}],"about":[{"href":"https:\/\/www.voilco-aster.fr\/blog-sejours-vacances\/wp-json\/wp\/v2\/types\/post"}],"author":[{"embeddable":true,"href":"https:\/\/www.voilco-aster.fr\/blog-sejours-vacances\/wp-json\/wp\/v2\/users\/1"}],"replies":[{"embeddable":true,"href":"https:\/\/www.voilco-aster.fr\/blog-sejours-vacances\/wp-json\/wp\/v2\/comments?post=4534"}],"version-history":[{"count":1,"href":"https:\/\/www.voilco-aster.fr\/blog-sejours-vacances\/wp-json\/wp\/v2\/posts\/4534\/revisions"}],"predecessor-version":[{"id":4535,"href":"https:\/\/www.voilco-aster.fr\/blog-sejours-vacances\/wp-json\/wp\/v2\/posts\/4534\/revisions\/4535"}],"wp:attachment":[{"href":"https:\/\/www.voilco-aster.fr\/blog-sejours-vacances\/wp-json\/wp\/v2\/media?parent=4534"}],"wp:term":[{"taxonomy":"category","embeddable":true,"href":"https:\/\/www.voilco-aster.fr\/blog-sejours-vacances\/wp-json\/wp\/v2\/categories?post=4534"},{"taxonomy":"post_tag","embeddable":true,"href":"https:\/\/www.voilco-aster.fr\/blog-sejours-vacances\/wp-json\/wp\/v2\/tags?post=4534"}],"curies":[{"name":"wp","href":"https:\/\/api.w.org\/{rel}","templated":true}]}}