{"id":4574,"date":"2016-07-19T21:47:30","date_gmt":"2016-07-19T20:47:30","guid":{"rendered":"http:\/\/www.voilco-aster.fr\/blog-sejours-vacances\/?p=4574"},"modified":"2016-07-22T07:25:43","modified_gmt":"2016-07-22T06:25:43","slug":"sejour-voile-3eme-jour","status":"publish","type":"post","link":"https:\/\/www.voilco-aster.fr\/blog-sejours-vacances\/2016\/07\/19\/sejour-voile-3eme-jour\/","title":{"rendered":"S\u00e9jour voile : 3\u00e8me jour"},"content":{"rendered":"<p>La temp\u00e9rature continue de monter ! Toujours aussi chaud mais qu&rsquo;est-ce que c&rsquo;est agr\u00e9able de se rafra\u00eechir \u00e0 la baignade !<\/p>\n<p>Ce matin, nous avons fait des jeux calmes avec Coralie tandis que Fran\u00e7ois est all\u00e9 faire les courses avec Melvin et Enzo.<\/p>\n<p>Cet apr\u00e8s-midi, baignade et voile en alternance. Plus de vent et donc plus de sensations sur les d\u00e9riveurs !<\/p>\n<p>Nous en avons profit\u00e9 pour rester tard \u00e0 la baignade et la veill\u00e9e a \u00e9t\u00e9 \u00e9court\u00e9e pour pouvoir bien se reposer !<\/p>\n<p><a href=\"http:\/\/www.voilco-aster.fr\/blog-sejours-vacances\/files\/2016\/07\/img_4819.jpg\"><img loading=\"lazy\" decoding=\"async\" src=\"http:\/\/www.voilco-aster.fr\/blog-sejours-vacances\/files\/2016\/07\/img_4819.jpg\" alt=\"\" width=\"4032\" height=\"3024\" class=\"alignnone size-full wp-image-4567\" srcset=\"https:\/\/www.voilco-aster.fr\/blog-sejours-vacances\/files\/2016\/07\/img_4819.jpg 4032w, https:\/\/www.voilco-aster.fr\/blog-sejours-vacances\/files\/2016\/07\/img_4819-300x225.jpg 300w, https:\/\/www.voilco-aster.fr\/blog-sejours-vacances\/files\/2016\/07\/img_4819-768x576.jpg 768w, https:\/\/www.voilco-aster.fr\/blog-sejours-vacances\/files\/2016\/07\/img_4819-800x600.jpg 800w\" sizes=\"auto, (max-width: 4032px) 100vw, 4032px\" \/><\/a><a href=\"http:\/\/www.voilco-aster.fr\/blog-sejours-vacances\/files\/2016\/07\/img_4818.jpg\"><img loading=\"lazy\" decoding=\"async\" src=\"http:\/\/www.voilco-aster.fr\/blog-sejours-vacances\/files\/2016\/07\/img_4818.jpg\" alt=\"\" width=\"4032\" height=\"3024\" class=\"alignnone size-full wp-image-4569\" srcset=\"https:\/\/www.voilco-aster.fr\/blog-sejours-vacances\/files\/2016\/07\/img_4818.jpg 4032w, https:\/\/www.voilco-aster.fr\/blog-sejours-vacances\/files\/2016\/07\/img_4818-300x225.jpg 300w, https:\/\/www.voilco-aster.fr\/blog-sejours-vacances\/files\/2016\/07\/img_4818-768x576.jpg 768w, https:\/\/www.voilco-aster.fr\/blog-sejours-vacances\/files\/2016\/07\/img_4818-800x600.jpg 800w\" sizes=\"auto, (max-width: 4032px) 100vw, 4032px\" \/><\/a><a href=\"http:\/\/www.voilco-aster.fr\/blog-sejours-vacances\/files\/2016\/07\/img_4817.jpg\"><img loading=\"lazy\" decoding=\"async\" src=\"http:\/\/www.voilco-aster.fr\/blog-sejours-vacances\/files\/2016\/07\/img_4817.jpg\" alt=\"\" width=\"4032\" height=\"3024\" class=\"alignnone size-full wp-image-4568\" srcset=\"https:\/\/www.voilco-aster.fr\/blog-sejours-vacances\/files\/2016\/07\/img_4817.jpg 4032w, https:\/\/www.voilco-aster.fr\/blog-sejours-vacances\/files\/2016\/07\/img_4817-300x225.jpg 300w, https:\/\/www.voilco-aster.fr\/blog-sejours-vacances\/files\/2016\/07\/img_4817-768x576.jpg 768w, https:\/\/www.voilco-aster.fr\/blog-sejours-vacances\/files\/2016\/07\/img_4817-800x600.jpg 800w\" sizes=\"auto, (max-width: 4032px) 100vw, 4032px\" \/><\/a><a href=\"http:\/\/www.voilco-aster.fr\/blog-sejours-vacances\/files\/2016\/07\/img_4816.jpg\"><img loading=\"lazy\" decoding=\"async\" src=\"http:\/\/www.voilco-aster.fr\/blog-sejours-vacances\/files\/2016\/07\/img_4816.jpg\" alt=\"\" width=\"4032\" height=\"3024\" class=\"alignnone size-full wp-image-4570\" srcset=\"https:\/\/www.voilco-aster.fr\/blog-sejours-vacances\/files\/2016\/07\/img_4816.jpg 4032w, https:\/\/www.voilco-aster.fr\/blog-sejours-vacances\/files\/2016\/07\/img_4816-300x225.jpg 300w, https:\/\/www.voilco-aster.fr\/blog-sejours-vacances\/files\/2016\/07\/img_4816-768x576.jpg 768w, https:\/\/www.voilco-aster.fr\/blog-sejours-vacances\/files\/2016\/07\/img_4816-800x600.jpg 800w\" sizes=\"auto, (max-width: 4032px) 100vw, 4032px\" \/><\/a><a href=\"http:\/\/www.voilco-aster.fr\/blog-sejours-vacances\/files\/2016\/07\/img_4815.jpg\"><img loading=\"lazy\" decoding=\"async\" src=\"http:\/\/www.voilco-aster.fr\/blog-sejours-vacances\/files\/2016\/07\/img_4815.jpg\" alt=\"\" width=\"4032\" height=\"3024\" class=\"alignnone size-full wp-image-4573\" srcset=\"https:\/\/www.voilco-aster.fr\/blog-sejours-vacances\/files\/2016\/07\/img_4815.jpg 4032w, https:\/\/www.voilco-aster.fr\/blog-sejours-vacances\/files\/2016\/07\/img_4815-300x225.jpg 300w, https:\/\/www.voilco-aster.fr\/blog-sejours-vacances\/files\/2016\/07\/img_4815-768x576.jpg 768w, https:\/\/www.voilco-aster.fr\/blog-sejours-vacances\/files\/2016\/07\/img_4815-800x600.jpg 800w\" sizes=\"auto, (max-width: 4032px) 100vw, 4032px\" \/><\/a><a href=\"http:\/\/www.voilco-aster.fr\/blog-sejours-vacances\/files\/2016\/07\/img_4814.jpg\"><img loading=\"lazy\" decoding=\"async\" src=\"http:\/\/www.voilco-aster.fr\/blog-sejours-vacances\/files\/2016\/07\/img_4814.jpg\" alt=\"\" width=\"4032\" height=\"3024\" class=\"alignnone size-full wp-image-4571\" srcset=\"https:\/\/www.voilco-aster.fr\/blog-sejours-vacances\/files\/2016\/07\/img_4814.jpg 4032w, https:\/\/www.voilco-aster.fr\/blog-sejours-vacances\/files\/2016\/07\/img_4814-300x225.jpg 300w, https:\/\/www.voilco-aster.fr\/blog-sejours-vacances\/files\/2016\/07\/img_4814-768x576.jpg 768w, https:\/\/www.voilco-aster.fr\/blog-sejours-vacances\/files\/2016\/07\/img_4814-800x600.jpg 800w\" sizes=\"auto, (max-width: 4032px) 100vw, 4032px\" \/><\/a><a href=\"http:\/\/www.voilco-aster.fr\/blog-sejours-vacances\/files\/2016\/07\/img_4809.jpg\"><img loading=\"lazy\" decoding=\"async\" src=\"http:\/\/www.voilco-aster.fr\/blog-sejours-vacances\/files\/2016\/07\/img_4809.jpg\" alt=\"\" width=\"4032\" height=\"3024\" class=\"alignnone size-full wp-image-4572\" srcset=\"https:\/\/www.voilco-aster.fr\/blog-sejours-vacances\/files\/2016\/07\/img_4809.jpg 4032w, https:\/\/www.voilco-aster.fr\/blog-sejours-vacances\/files\/2016\/07\/img_4809-300x225.jpg 300w, https:\/\/www.voilco-aster.fr\/blog-sejours-vacances\/files\/2016\/07\/img_4809-768x576.jpg 768w, https:\/\/www.voilco-aster.fr\/blog-sejours-vacances\/files\/2016\/07\/img_4809-800x600.jpg 800w\" sizes=\"auto, (max-width: 4032px) 100vw, 4032px\" \/><\/a><\/p>\n","protected":false},"excerpt":{"rendered":"<p>La temp\u00e9rature continue de monter ! Toujours aussi chaud mais qu&rsquo;est-ce que c&rsquo;est agr\u00e9able de se rafra\u00eechir \u00e0 la baignade ! Ce matin, nous avons fait des jeux calmes avec Coralie tandis que Fran\u00e7ois est all\u00e9 faire les courses avec Melvin et Enzo. Cet apr\u00e8s-midi, baignade et voile en alternance. Plus de vent et donc &hellip; <a href=\"https:\/\/www.voilco-aster.fr\/blog-sejours-vacances\/2016\/07\/19\/sejour-voile-3eme-jour\/\" class=\"more-link\">Continuer la lecture de <span class=\"screen-reader-text\">S\u00e9jour voile : 3\u00e8me jour<\/span><\/a><\/p>\n","protected":false},"author":1,"featured_media":0,"comment_status":"open","ping_status":"closed","sticky":false,"template":"","format":"standard","meta":{"footnotes":""},"categories":[13],"tags":[],"class_list":["post-4574","post","type-post","status-publish","format-standard","hentry","category-sejour-voile-vassiviere"],"_links":{"self":[{"href":"https:\/\/www.voilco-aster.fr\/blog-sejours-vacances\/wp-json\/wp\/v2\/posts\/4574","targetHints":{"allow":["GET"]}}],"collection":[{"href":"https:\/\/www.voilco-aster.fr\/blog-sejours-vacances\/wp-json\/wp\/v2\/posts"}],"about":[{"href":"https:\/\/www.voilco-aster.fr\/blog-sejours-vacances\/wp-json\/wp\/v2\/types\/post"}],"author":[{"embeddable":true,"href":"https:\/\/www.voilco-aster.fr\/blog-sejours-vacances\/wp-json\/wp\/v2\/users\/1"}],"replies":[{"embeddable":true,"href":"https:\/\/www.voilco-aster.fr\/blog-sejours-vacances\/wp-json\/wp\/v2\/comments?post=4574"}],"version-history":[{"count":1,"href":"https:\/\/www.voilco-aster.fr\/blog-sejours-vacances\/wp-json\/wp\/v2\/posts\/4574\/revisions"}],"predecessor-version":[{"id":4575,"href":"https:\/\/www.voilco-aster.fr\/blog-sejours-vacances\/wp-json\/wp\/v2\/posts\/4574\/revisions\/4575"}],"wp:attachment":[{"href":"https:\/\/www.voilco-aster.fr\/blog-sejours-vacances\/wp-json\/wp\/v2\/media?parent=4574"}],"wp:term":[{"taxonomy":"category","embeddable":true,"href":"https:\/\/www.voilco-aster.fr\/blog-sejours-vacances\/wp-json\/wp\/v2\/categories?post=4574"},{"taxonomy":"post_tag","embeddable":true,"href":"https:\/\/www.voilco-aster.fr\/blog-sejours-vacances\/wp-json\/wp\/v2\/tags?post=4574"}],"curies":[{"name":"wp","href":"https:\/\/api.w.org\/{rel}","templated":true}]}}