{"id":4597,"date":"2016-07-20T22:25:58","date_gmt":"2016-07-20T21:25:58","guid":{"rendered":"http:\/\/www.voilco-aster.fr\/blog-sejours-vacances\/?p=4597"},"modified":"2016-07-20T21:27:21","modified_gmt":"2016-07-20T20:27:21","slug":"sejour-voile-4eme-jour","status":"publish","type":"post","link":"https:\/\/www.voilco-aster.fr\/blog-sejours-vacances\/2016\/07\/20\/sejour-voile-4eme-jour\/","title":{"rendered":"S\u00e9jour voile : 4\u00e8me jour"},"content":{"rendered":"<p>Le temps \u00e9tait \u00e0 l&rsquo;orage aujourd&rsquo;hui ! Nous en avons profit\u00e9 pour faire une balade jusqu&rsquo;\u00e0 la presqu&rsquo;\u00eele de Broussas. L\u00e0-bas, nous avons jou\u00e9 au foot avec des enfants d&rsquo;un centre de loisirs et fait divers jeux.<\/p>\n<p>Apr\u00e8s le pique-nique, nous sommes retourn\u00e9s au campement avant d&rsquo;aller \u00e0 la plage !<\/p>\n<p>Comme l&rsquo;accrobranche est ferm\u00e9e toute la semaine, la sortie pr\u00e9vue est annul\u00e9e ! Mais \u00e0 la place nous sommes all\u00e9s \u00ab\u00a0\u00c0 plouf\u00a0\u00bb, un parc aquatique avec des jeux gonflables sur le lac. Les enfants se sont bien amus\u00e9s !<\/p>\n<p>Pas de voile aujourd&rsquo;hui donc, le temps \u00e9tait trop \u00e0 l&rsquo;orage !<\/p>\n<p>En veill\u00e9e, nous avons fait un ambassadeur avec les enfants de l&rsquo;accueil de loisirs de Chamboulive et Chanteix. C&rsquo;\u00e9tait super sympa !<\/p>\n<p><a href=\"http:\/\/www.voilco-aster.fr\/blog-sejours-vacances\/files\/2016\/07\/img_4821.jpg\"><img loading=\"lazy\" decoding=\"async\" src=\"http:\/\/www.voilco-aster.fr\/blog-sejours-vacances\/files\/2016\/07\/img_4821.jpg\" alt=\"\" width=\"4032\" height=\"3024\" class=\"alignnone size-full wp-image-4593\" srcset=\"https:\/\/www.voilco-aster.fr\/blog-sejours-vacances\/files\/2016\/07\/img_4821.jpg 4032w, https:\/\/www.voilco-aster.fr\/blog-sejours-vacances\/files\/2016\/07\/img_4821-300x225.jpg 300w, https:\/\/www.voilco-aster.fr\/blog-sejours-vacances\/files\/2016\/07\/img_4821-768x576.jpg 768w, https:\/\/www.voilco-aster.fr\/blog-sejours-vacances\/files\/2016\/07\/img_4821-800x600.jpg 800w\" sizes=\"auto, (max-width: 4032px) 100vw, 4032px\" \/><\/a><a href=\"http:\/\/www.voilco-aster.fr\/blog-sejours-vacances\/files\/2016\/07\/img_4822.jpg\"><img loading=\"lazy\" decoding=\"async\" src=\"http:\/\/www.voilco-aster.fr\/blog-sejours-vacances\/files\/2016\/07\/img_4822.jpg\" alt=\"\" width=\"4032\" height=\"3024\" class=\"alignnone size-full wp-image-4590\" srcset=\"https:\/\/www.voilco-aster.fr\/blog-sejours-vacances\/files\/2016\/07\/img_4822.jpg 4032w, https:\/\/www.voilco-aster.fr\/blog-sejours-vacances\/files\/2016\/07\/img_4822-300x225.jpg 300w, https:\/\/www.voilco-aster.fr\/blog-sejours-vacances\/files\/2016\/07\/img_4822-768x576.jpg 768w, https:\/\/www.voilco-aster.fr\/blog-sejours-vacances\/files\/2016\/07\/img_4822-800x600.jpg 800w\" sizes=\"auto, (max-width: 4032px) 100vw, 4032px\" \/><\/a><a href=\"http:\/\/www.voilco-aster.fr\/blog-sejours-vacances\/files\/2016\/07\/img_4823.jpg\"><img loading=\"lazy\" decoding=\"async\" src=\"http:\/\/www.voilco-aster.fr\/blog-sejours-vacances\/files\/2016\/07\/img_4823.jpg\" alt=\"\" width=\"4032\" height=\"3024\" class=\"alignnone size-full wp-image-4591\" srcset=\"https:\/\/www.voilco-aster.fr\/blog-sejours-vacances\/files\/2016\/07\/img_4823.jpg 4032w, https:\/\/www.voilco-aster.fr\/blog-sejours-vacances\/files\/2016\/07\/img_4823-300x225.jpg 300w, https:\/\/www.voilco-aster.fr\/blog-sejours-vacances\/files\/2016\/07\/img_4823-768x576.jpg 768w, https:\/\/www.voilco-aster.fr\/blog-sejours-vacances\/files\/2016\/07\/img_4823-800x600.jpg 800w\" sizes=\"auto, (max-width: 4032px) 100vw, 4032px\" \/><\/a><a href=\"http:\/\/www.voilco-aster.fr\/blog-sejours-vacances\/files\/2016\/07\/img_4824.jpg\"><img loading=\"lazy\" decoding=\"async\" src=\"http:\/\/www.voilco-aster.fr\/blog-sejours-vacances\/files\/2016\/07\/img_4824.jpg\" alt=\"\" width=\"4032\" height=\"3024\" class=\"alignnone size-full wp-image-4592\" srcset=\"https:\/\/www.voilco-aster.fr\/blog-sejours-vacances\/files\/2016\/07\/img_4824.jpg 4032w, https:\/\/www.voilco-aster.fr\/blog-sejours-vacances\/files\/2016\/07\/img_4824-300x225.jpg 300w, https:\/\/www.voilco-aster.fr\/blog-sejours-vacances\/files\/2016\/07\/img_4824-768x576.jpg 768w, https:\/\/www.voilco-aster.fr\/blog-sejours-vacances\/files\/2016\/07\/img_4824-800x600.jpg 800w\" sizes=\"auto, (max-width: 4032px) 100vw, 4032px\" \/><\/a><a href=\"http:\/\/www.voilco-aster.fr\/blog-sejours-vacances\/files\/2016\/07\/img_4825.jpg\"><img loading=\"lazy\" decoding=\"async\" src=\"http:\/\/www.voilco-aster.fr\/blog-sejours-vacances\/files\/2016\/07\/img_4825.jpg\" alt=\"\" width=\"4032\" height=\"3024\" class=\"alignnone size-full wp-image-4594\" srcset=\"https:\/\/www.voilco-aster.fr\/blog-sejours-vacances\/files\/2016\/07\/img_4825.jpg 4032w, https:\/\/www.voilco-aster.fr\/blog-sejours-vacances\/files\/2016\/07\/img_4825-300x225.jpg 300w, https:\/\/www.voilco-aster.fr\/blog-sejours-vacances\/files\/2016\/07\/img_4825-768x576.jpg 768w, https:\/\/www.voilco-aster.fr\/blog-sejours-vacances\/files\/2016\/07\/img_4825-800x600.jpg 800w\" sizes=\"auto, (max-width: 4032px) 100vw, 4032px\" \/><\/a><a href=\"http:\/\/www.voilco-aster.fr\/blog-sejours-vacances\/files\/2016\/07\/img_4826.jpg\"><img loading=\"lazy\" decoding=\"async\" src=\"http:\/\/www.voilco-aster.fr\/blog-sejours-vacances\/files\/2016\/07\/img_4826.jpg\" alt=\"\" width=\"4032\" height=\"3024\" class=\"alignnone size-full wp-image-4596\" srcset=\"https:\/\/www.voilco-aster.fr\/blog-sejours-vacances\/files\/2016\/07\/img_4826.jpg 4032w, https:\/\/www.voilco-aster.fr\/blog-sejours-vacances\/files\/2016\/07\/img_4826-300x225.jpg 300w, https:\/\/www.voilco-aster.fr\/blog-sejours-vacances\/files\/2016\/07\/img_4826-768x576.jpg 768w, https:\/\/www.voilco-aster.fr\/blog-sejours-vacances\/files\/2016\/07\/img_4826-800x600.jpg 800w\" sizes=\"auto, (max-width: 4032px) 100vw, 4032px\" \/><\/a><a href=\"http:\/\/www.voilco-aster.fr\/blog-sejours-vacances\/files\/2016\/07\/img_4827.jpg\"><img loading=\"lazy\" decoding=\"async\" src=\"http:\/\/www.voilco-aster.fr\/blog-sejours-vacances\/files\/2016\/07\/img_4827.jpg\" alt=\"\" width=\"4032\" height=\"3024\" class=\"alignnone size-full wp-image-4595\" srcset=\"https:\/\/www.voilco-aster.fr\/blog-sejours-vacances\/files\/2016\/07\/img_4827.jpg 4032w, https:\/\/www.voilco-aster.fr\/blog-sejours-vacances\/files\/2016\/07\/img_4827-300x225.jpg 300w, https:\/\/www.voilco-aster.fr\/blog-sejours-vacances\/files\/2016\/07\/img_4827-768x576.jpg 768w, https:\/\/www.voilco-aster.fr\/blog-sejours-vacances\/files\/2016\/07\/img_4827-800x600.jpg 800w\" sizes=\"auto, (max-width: 4032px) 100vw, 4032px\" \/><\/a><a href=\"http:\/\/www.voilco-aster.fr\/blog-sejours-vacances\/files\/2016\/07\/img_4828.jpg\"><img loading=\"lazy\" decoding=\"async\" src=\"http:\/\/www.voilco-aster.fr\/blog-sejours-vacances\/files\/2016\/07\/img_4828.jpg\" alt=\"\" width=\"4032\" height=\"3024\" class=\"alignnone size-full wp-image-4599\" srcset=\"https:\/\/www.voilco-aster.fr\/blog-sejours-vacances\/files\/2016\/07\/img_4828.jpg 4032w, https:\/\/www.voilco-aster.fr\/blog-sejours-vacances\/files\/2016\/07\/img_4828-300x225.jpg 300w, https:\/\/www.voilco-aster.fr\/blog-sejours-vacances\/files\/2016\/07\/img_4828-768x576.jpg 768w, https:\/\/www.voilco-aster.fr\/blog-sejours-vacances\/files\/2016\/07\/img_4828-800x600.jpg 800w\" sizes=\"auto, (max-width: 4032px) 100vw, 4032px\" \/><\/a><\/p>\n<p><a href=\"http:\/\/www.voilco-aster.fr\/blog-sejours-vacances\/files\/2016\/07\/img_4829-1.jpg\"><img loading=\"lazy\" decoding=\"async\" src=\"http:\/\/www.voilco-aster.fr\/blog-sejours-vacances\/files\/2016\/07\/img_4829-1.jpg\" alt=\"\" width=\"4032\" height=\"3024\" class=\"alignnone size-full wp-image-4602\" srcset=\"https:\/\/www.voilco-aster.fr\/blog-sejours-vacances\/files\/2016\/07\/img_4829-1.jpg 4032w, https:\/\/www.voilco-aster.fr\/blog-sejours-vacances\/files\/2016\/07\/img_4829-1-300x225.jpg 300w, https:\/\/www.voilco-aster.fr\/blog-sejours-vacances\/files\/2016\/07\/img_4829-1-768x576.jpg 768w, https:\/\/www.voilco-aster.fr\/blog-sejours-vacances\/files\/2016\/07\/img_4829-1-800x600.jpg 800w\" sizes=\"auto, (max-width: 4032px) 100vw, 4032px\" \/><\/a><\/p>\n<p><a href=\"http:\/\/www.voilco-aster.fr\/blog-sejours-vacances\/files\/2016\/07\/img_4830.jpg\"><img loading=\"lazy\" decoding=\"async\" src=\"http:\/\/www.voilco-aster.fr\/blog-sejours-vacances\/files\/2016\/07\/img_4830.jpg\" alt=\"\" width=\"4032\" height=\"3024\" class=\"alignnone size-full wp-image-4604\" srcset=\"https:\/\/www.voilco-aster.fr\/blog-sejours-vacances\/files\/2016\/07\/img_4830.jpg 4032w, https:\/\/www.voilco-aster.fr\/blog-sejours-vacances\/files\/2016\/07\/img_4830-300x225.jpg 300w, https:\/\/www.voilco-aster.fr\/blog-sejours-vacances\/files\/2016\/07\/img_4830-768x576.jpg 768w, https:\/\/www.voilco-aster.fr\/blog-sejours-vacances\/files\/2016\/07\/img_4830-800x600.jpg 800w\" sizes=\"auto, (max-width: 4032px) 100vw, 4032px\" \/><\/a><\/p>\n<p><a href=\"http:\/\/www.voilco-aster.fr\/blog-sejours-vacances\/files\/2016\/07\/img_4831.jpg\"><img loading=\"lazy\" decoding=\"async\" src=\"http:\/\/www.voilco-aster.fr\/blog-sejours-vacances\/files\/2016\/07\/img_4831.jpg\" alt=\"\" width=\"4032\" height=\"3024\" class=\"alignnone size-full wp-image-4606\" srcset=\"https:\/\/www.voilco-aster.fr\/blog-sejours-vacances\/files\/2016\/07\/img_4831.jpg 4032w, https:\/\/www.voilco-aster.fr\/blog-sejours-vacances\/files\/2016\/07\/img_4831-300x225.jpg 300w, https:\/\/www.voilco-aster.fr\/blog-sejours-vacances\/files\/2016\/07\/img_4831-768x576.jpg 768w, https:\/\/www.voilco-aster.fr\/blog-sejours-vacances\/files\/2016\/07\/img_4831-800x600.jpg 800w\" sizes=\"auto, (max-width: 4032px) 100vw, 4032px\" \/><\/a><br \/>\n<a href=\"http:\/\/www.voilco-aster.fr\/blog-sejours-vacances\/files\/2016\/07\/img_4832-1.jpg\"><img loading=\"lazy\" decoding=\"async\" src=\"http:\/\/www.voilco-aster.fr\/blog-sejours-vacances\/files\/2016\/07\/img_4832-1.jpg\" alt=\"\" width=\"4032\" height=\"3024\" class=\"alignnone size-full wp-image-4608\" srcset=\"https:\/\/www.voilco-aster.fr\/blog-sejours-vacances\/files\/2016\/07\/img_4832-1.jpg 4032w, https:\/\/www.voilco-aster.fr\/blog-sejours-vacances\/files\/2016\/07\/img_4832-1-300x225.jpg 300w, https:\/\/www.voilco-aster.fr\/blog-sejours-vacances\/files\/2016\/07\/img_4832-1-768x576.jpg 768w, https:\/\/www.voilco-aster.fr\/blog-sejours-vacances\/files\/2016\/07\/img_4832-1-800x600.jpg 800w\" sizes=\"auto, (max-width: 4032px) 100vw, 4032px\" \/><\/a><\/p>\n","protected":false},"excerpt":{"rendered":"<p>Le temps \u00e9tait \u00e0 l&rsquo;orage aujourd&rsquo;hui ! Nous en avons profit\u00e9 pour faire une balade jusqu&rsquo;\u00e0 la presqu&rsquo;\u00eele de Broussas. L\u00e0-bas, nous avons jou\u00e9 au foot avec des enfants d&rsquo;un centre de loisirs et fait divers jeux. Apr\u00e8s le pique-nique, nous sommes retourn\u00e9s au campement avant d&rsquo;aller \u00e0 la plage ! Comme l&rsquo;accrobranche est ferm\u00e9e &hellip; <a href=\"https:\/\/www.voilco-aster.fr\/blog-sejours-vacances\/2016\/07\/20\/sejour-voile-4eme-jour\/\" class=\"more-link\">Continuer la lecture de <span class=\"screen-reader-text\">S\u00e9jour voile : 4\u00e8me jour<\/span><\/a><\/p>\n","protected":false},"author":1,"featured_media":0,"comment_status":"open","ping_status":"closed","sticky":false,"template":"","format":"standard","meta":{"footnotes":""},"categories":[13],"tags":[],"class_list":["post-4597","post","type-post","status-publish","format-standard","hentry","category-sejour-voile-vassiviere"],"_links":{"self":[{"href":"https:\/\/www.voilco-aster.fr\/blog-sejours-vacances\/wp-json\/wp\/v2\/posts\/4597","targetHints":{"allow":["GET"]}}],"collection":[{"href":"https:\/\/www.voilco-aster.fr\/blog-sejours-vacances\/wp-json\/wp\/v2\/posts"}],"about":[{"href":"https:\/\/www.voilco-aster.fr\/blog-sejours-vacances\/wp-json\/wp\/v2\/types\/post"}],"author":[{"embeddable":true,"href":"https:\/\/www.voilco-aster.fr\/blog-sejours-vacances\/wp-json\/wp\/v2\/users\/1"}],"replies":[{"embeddable":true,"href":"https:\/\/www.voilco-aster.fr\/blog-sejours-vacances\/wp-json\/wp\/v2\/comments?post=4597"}],"version-history":[{"count":5,"href":"https:\/\/www.voilco-aster.fr\/blog-sejours-vacances\/wp-json\/wp\/v2\/posts\/4597\/revisions"}],"predecessor-version":[{"id":4609,"href":"https:\/\/www.voilco-aster.fr\/blog-sejours-vacances\/wp-json\/wp\/v2\/posts\/4597\/revisions\/4609"}],"wp:attachment":[{"href":"https:\/\/www.voilco-aster.fr\/blog-sejours-vacances\/wp-json\/wp\/v2\/media?parent=4597"}],"wp:term":[{"taxonomy":"category","embeddable":true,"href":"https:\/\/www.voilco-aster.fr\/blog-sejours-vacances\/wp-json\/wp\/v2\/categories?post=4597"},{"taxonomy":"post_tag","embeddable":true,"href":"https:\/\/www.voilco-aster.fr\/blog-sejours-vacances\/wp-json\/wp\/v2\/tags?post=4597"}],"curies":[{"name":"wp","href":"https:\/\/api.w.org\/{rel}","templated":true}]}}