{"id":4903,"date":"2016-08-16T08:53:24","date_gmt":"2016-08-16T07:53:24","guid":{"rendered":"http:\/\/www.voilco-aster.fr\/blog-sejours-vacances\/?p=4903"},"modified":"2016-08-15T21:58:36","modified_gmt":"2016-08-15T20:58:36","slug":"le-retour-de-la-voile-a-saint-priest-de-gimel","status":"publish","type":"post","link":"https:\/\/www.voilco-aster.fr\/blog-sejours-vacances\/2016\/08\/16\/le-retour-de-la-voile-a-saint-priest-de-gimel\/","title":{"rendered":"Le retour de la voile \u00e0 Saint Priest de Gimel !"},"content":{"rendered":"<p>Peu de vent mais des enfants quand m\u00eame motiv\u00e9s pour faire de la voile !<\/p>\n<p>En fin d&rsquo;activit\u00e9, Fran\u00e7ois a d\u00fb tracter les optimists avec le bateau moteur pour aller sur un ponton et sauter dans l&rsquo;eau !<\/p>\n<div id='gallery-1' class='gallery galleryid-4903 gallery-columns-3 gallery-size-thumbnail'><figure class='gallery-item'>\n\t\t\t<div class='gallery-icon landscape'>\n\t\t\t\t<a href='https:\/\/www.voilco-aster.fr\/blog-sejours-vacances\/2016\/08\/16\/le-retour-de-la-voile-a-saint-priest-de-gimel\/img_0779-2\/'><img loading=\"lazy\" decoding=\"async\" width=\"150\" height=\"150\" src=\"https:\/\/www.voilco-aster.fr\/blog-sejours-vacances\/files\/2016\/08\/IMG_0779-1-e1471286116851-150x150.jpg\" class=\"attachment-thumbnail size-thumbnail\" alt=\"\" \/><\/a>\n\t\t\t<\/div><\/figure><figure class='gallery-item'>\n\t\t\t<div class='gallery-icon landscape'>\n\t\t\t\t<a href='https:\/\/www.voilco-aster.fr\/blog-sejours-vacances\/2016\/08\/16\/le-retour-de-la-voile-a-saint-priest-de-gimel\/img_0780-2\/'><img loading=\"lazy\" decoding=\"async\" width=\"150\" height=\"150\" src=\"https:\/\/www.voilco-aster.fr\/blog-sejours-vacances\/files\/2016\/08\/IMG_0780-1-e1471286136255-150x150.jpg\" class=\"attachment-thumbnail size-thumbnail\" alt=\"\" \/><\/a>\n\t\t\t<\/div><\/figure><figure class='gallery-item'>\n\t\t\t<div class='gallery-icon landscape'>\n\t\t\t\t<a href='https:\/\/www.voilco-aster.fr\/blog-sejours-vacances\/2016\/08\/16\/le-retour-de-la-voile-a-saint-priest-de-gimel\/img_0781-2\/'><img loading=\"lazy\" decoding=\"async\" width=\"150\" height=\"150\" src=\"https:\/\/www.voilco-aster.fr\/blog-sejours-vacances\/files\/2016\/08\/IMG_0781-1-e1471286160396-150x150.jpg\" class=\"attachment-thumbnail size-thumbnail\" alt=\"\" \/><\/a>\n\t\t\t<\/div><\/figure><figure class='gallery-item'>\n\t\t\t<div class='gallery-icon landscape'>\n\t\t\t\t<a href='https:\/\/www.voilco-aster.fr\/blog-sejours-vacances\/2016\/08\/16\/le-retour-de-la-voile-a-saint-priest-de-gimel\/img_0784\/'><img loading=\"lazy\" decoding=\"async\" width=\"150\" height=\"150\" src=\"https:\/\/www.voilco-aster.fr\/blog-sejours-vacances\/files\/2016\/08\/IMG_0784-150x150.jpg\" class=\"attachment-thumbnail size-thumbnail\" alt=\"\" \/><\/a>\n\t\t\t<\/div><\/figure><figure class='gallery-item'>\n\t\t\t<div class='gallery-icon landscape'>\n\t\t\t\t<a href='https:\/\/www.voilco-aster.fr\/blog-sejours-vacances\/2016\/08\/16\/le-retour-de-la-voile-a-saint-priest-de-gimel\/img_0785\/'><img loading=\"lazy\" decoding=\"async\" width=\"150\" height=\"150\" src=\"https:\/\/www.voilco-aster.fr\/blog-sejours-vacances\/files\/2016\/08\/IMG_0785-150x150.jpg\" class=\"attachment-thumbnail size-thumbnail\" alt=\"\" \/><\/a>\n\t\t\t<\/div><\/figure><figure class='gallery-item'>\n\t\t\t<div class='gallery-icon landscape'>\n\t\t\t\t<a href='https:\/\/www.voilco-aster.fr\/blog-sejours-vacances\/2016\/08\/16\/le-retour-de-la-voile-a-saint-priest-de-gimel\/img_0786\/'><img loading=\"lazy\" decoding=\"async\" width=\"150\" height=\"150\" src=\"https:\/\/www.voilco-aster.fr\/blog-sejours-vacances\/files\/2016\/08\/IMG_0786-150x150.jpg\" class=\"attachment-thumbnail size-thumbnail\" alt=\"\" \/><\/a>\n\t\t\t<\/div><\/figure><figure class='gallery-item'>\n\t\t\t<div class='gallery-icon landscape'>\n\t\t\t\t<a href='https:\/\/www.voilco-aster.fr\/blog-sejours-vacances\/2016\/08\/16\/le-retour-de-la-voile-a-saint-priest-de-gimel\/img_0787\/'><img loading=\"lazy\" decoding=\"async\" width=\"150\" height=\"150\" src=\"https:\/\/www.voilco-aster.fr\/blog-sejours-vacances\/files\/2016\/08\/IMG_0787-150x150.jpg\" class=\"attachment-thumbnail size-thumbnail\" alt=\"\" \/><\/a>\n\t\t\t<\/div><\/figure><figure class='gallery-item'>\n\t\t\t<div class='gallery-icon landscape'>\n\t\t\t\t<a href='https:\/\/www.voilco-aster.fr\/blog-sejours-vacances\/2016\/08\/16\/le-retour-de-la-voile-a-saint-priest-de-gimel\/img_0788\/'><img loading=\"lazy\" decoding=\"async\" width=\"150\" height=\"150\" src=\"https:\/\/www.voilco-aster.fr\/blog-sejours-vacances\/files\/2016\/08\/IMG_0788-150x150.jpg\" class=\"attachment-thumbnail size-thumbnail\" alt=\"\" \/><\/a>\n\t\t\t<\/div><\/figure><figure class='gallery-item'>\n\t\t\t<div class='gallery-icon landscape'>\n\t\t\t\t<a href='https:\/\/www.voilco-aster.fr\/blog-sejours-vacances\/2016\/08\/16\/le-retour-de-la-voile-a-saint-priest-de-gimel\/img_0789\/'><img loading=\"lazy\" decoding=\"async\" width=\"150\" height=\"150\" src=\"https:\/\/www.voilco-aster.fr\/blog-sejours-vacances\/files\/2016\/08\/IMG_0789-150x150.jpg\" class=\"attachment-thumbnail size-thumbnail\" alt=\"\" \/><\/a>\n\t\t\t<\/div><\/figure><figure class='gallery-item'>\n\t\t\t<div class='gallery-icon landscape'>\n\t\t\t\t<a href='https:\/\/www.voilco-aster.fr\/blog-sejours-vacances\/2016\/08\/16\/le-retour-de-la-voile-a-saint-priest-de-gimel\/img_0790\/'><img loading=\"lazy\" decoding=\"async\" width=\"150\" height=\"150\" src=\"https:\/\/www.voilco-aster.fr\/blog-sejours-vacances\/files\/2016\/08\/IMG_0790-150x150.jpg\" class=\"attachment-thumbnail size-thumbnail\" alt=\"\" \/><\/a>\n\t\t\t<\/div><\/figure><figure class='gallery-item'>\n\t\t\t<div class='gallery-icon landscape'>\n\t\t\t\t<a href='https:\/\/www.voilco-aster.fr\/blog-sejours-vacances\/2016\/08\/16\/le-retour-de-la-voile-a-saint-priest-de-gimel\/img_0791\/'><img loading=\"lazy\" decoding=\"async\" width=\"150\" height=\"150\" src=\"https:\/\/www.voilco-aster.fr\/blog-sejours-vacances\/files\/2016\/08\/IMG_0791-150x150.jpg\" class=\"attachment-thumbnail size-thumbnail\" alt=\"\" \/><\/a>\n\t\t\t<\/div><\/figure><figure class='gallery-item'>\n\t\t\t<div class='gallery-icon portrait'>\n\t\t\t\t<a href='https:\/\/www.voilco-aster.fr\/blog-sejours-vacances\/2016\/08\/16\/le-retour-de-la-voile-a-saint-priest-de-gimel\/img_0792\/'><img loading=\"lazy\" decoding=\"async\" width=\"150\" height=\"150\" src=\"https:\/\/www.voilco-aster.fr\/blog-sejours-vacances\/files\/2016\/08\/IMG_0792-e1471286810578-150x150.jpg\" class=\"attachment-thumbnail size-thumbnail\" alt=\"\" \/><\/a>\n\t\t\t<\/div><\/figure><figure class='gallery-item'>\n\t\t\t<div class='gallery-icon portrait'>\n\t\t\t\t<a href='https:\/\/www.voilco-aster.fr\/blog-sejours-vacances\/2016\/08\/16\/le-retour-de-la-voile-a-saint-priest-de-gimel\/img_0793\/'><img loading=\"lazy\" decoding=\"async\" width=\"150\" height=\"150\" src=\"https:\/\/www.voilco-aster.fr\/blog-sejours-vacances\/files\/2016\/08\/IMG_0793-e1471286834383-150x150.jpg\" class=\"attachment-thumbnail size-thumbnail\" alt=\"\" \/><\/a>\n\t\t\t<\/div><\/figure><figure class='gallery-item'>\n\t\t\t<div class='gallery-icon landscape'>\n\t\t\t\t<a href='https:\/\/www.voilco-aster.fr\/blog-sejours-vacances\/2016\/08\/16\/le-retour-de-la-voile-a-saint-priest-de-gimel\/img_0794\/'><img loading=\"lazy\" decoding=\"async\" width=\"150\" height=\"150\" src=\"https:\/\/www.voilco-aster.fr\/blog-sejours-vacances\/files\/2016\/08\/IMG_0794-150x150.jpg\" class=\"attachment-thumbnail size-thumbnail\" alt=\"\" \/><\/a>\n\t\t\t<\/div><\/figure><figure class='gallery-item'>\n\t\t\t<div class='gallery-icon landscape'>\n\t\t\t\t<a href='https:\/\/www.voilco-aster.fr\/blog-sejours-vacances\/2016\/08\/16\/le-retour-de-la-voile-a-saint-priest-de-gimel\/img_0795\/'><img loading=\"lazy\" decoding=\"async\" width=\"150\" height=\"150\" src=\"https:\/\/www.voilco-aster.fr\/blog-sejours-vacances\/files\/2016\/08\/IMG_0795-150x150.jpg\" class=\"attachment-thumbnail size-thumbnail\" alt=\"\" \/><\/a>\n\t\t\t<\/div><\/figure><figure class='gallery-item'>\n\t\t\t<div class='gallery-icon landscape'>\n\t\t\t\t<a href='https:\/\/www.voilco-aster.fr\/blog-sejours-vacances\/2016\/08\/16\/le-retour-de-la-voile-a-saint-priest-de-gimel\/img_0796\/'><img loading=\"lazy\" decoding=\"async\" width=\"150\" height=\"150\" src=\"https:\/\/www.voilco-aster.fr\/blog-sejours-vacances\/files\/2016\/08\/IMG_0796-150x150.jpg\" class=\"attachment-thumbnail size-thumbnail\" alt=\"\" \/><\/a>\n\t\t\t<\/div><\/figure><figure class='gallery-item'>\n\t\t\t<div class='gallery-icon landscape'>\n\t\t\t\t<a href='https:\/\/www.voilco-aster.fr\/blog-sejours-vacances\/2016\/08\/16\/le-retour-de-la-voile-a-saint-priest-de-gimel\/img_0797\/'><img loading=\"lazy\" decoding=\"async\" width=\"150\" height=\"150\" src=\"https:\/\/www.voilco-aster.fr\/blog-sejours-vacances\/files\/2016\/08\/IMG_0797-150x150.jpg\" class=\"attachment-thumbnail size-thumbnail\" alt=\"\" \/><\/a>\n\t\t\t<\/div><\/figure>\n\t\t<\/div>\n\n","protected":false},"excerpt":{"rendered":"<p>Peu de vent mais des enfants quand m\u00eame motiv\u00e9s pour faire de la voile ! En fin d&rsquo;activit\u00e9, Fran\u00e7ois a d\u00fb tracter les optimists avec le bateau moteur pour aller sur un ponton et sauter dans l&rsquo;eau !<\/p>\n","protected":false},"author":1,"featured_media":0,"comment_status":"open","ping_status":"closed","sticky":false,"template":"","format":"standard","meta":{"footnotes":""},"categories":[5],"tags":[],"class_list":["post-4903","post","type-post","status-publish","format-standard","hentry","category-sejours-6-11-ans"],"_links":{"self":[{"href":"https:\/\/www.voilco-aster.fr\/blog-sejours-vacances\/wp-json\/wp\/v2\/posts\/4903","targetHints":{"allow":["GET"]}}],"collection":[{"href":"https:\/\/www.voilco-aster.fr\/blog-sejours-vacances\/wp-json\/wp\/v2\/posts"}],"about":[{"href":"https:\/\/www.voilco-aster.fr\/blog-sejours-vacances\/wp-json\/wp\/v2\/types\/post"}],"author":[{"embeddable":true,"href":"https:\/\/www.voilco-aster.fr\/blog-sejours-vacances\/wp-json\/wp\/v2\/users\/1"}],"replies":[{"embeddable":true,"href":"https:\/\/www.voilco-aster.fr\/blog-sejours-vacances\/wp-json\/wp\/v2\/comments?post=4903"}],"version-history":[{"count":2,"href":"https:\/\/www.voilco-aster.fr\/blog-sejours-vacances\/wp-json\/wp\/v2\/posts\/4903\/revisions"}],"predecessor-version":[{"id":4924,"href":"https:\/\/www.voilco-aster.fr\/blog-sejours-vacances\/wp-json\/wp\/v2\/posts\/4903\/revisions\/4924"}],"wp:attachment":[{"href":"https:\/\/www.voilco-aster.fr\/blog-sejours-vacances\/wp-json\/wp\/v2\/media?parent=4903"}],"wp:term":[{"taxonomy":"category","embeddable":true,"href":"https:\/\/www.voilco-aster.fr\/blog-sejours-vacances\/wp-json\/wp\/v2\/categories?post=4903"},{"taxonomy":"post_tag","embeddable":true,"href":"https:\/\/www.voilco-aster.fr\/blog-sejours-vacances\/wp-json\/wp\/v2\/tags?post=4903"}],"curies":[{"name":"wp","href":"https:\/\/api.w.org\/{rel}","templated":true}]}}