{"id":4974,"date":"2016-08-20T20:39:32","date_gmt":"2016-08-20T19:39:32","guid":{"rendered":"http:\/\/www.voilco-aster.fr\/blog-sejours-vacances\/?p=4974"},"modified":"2016-08-20T20:00:00","modified_gmt":"2016-08-20T19:00:00","slug":"bientot-la-fin-de-la-colo","status":"publish","type":"post","link":"https:\/\/www.voilco-aster.fr\/blog-sejours-vacances\/2016\/08\/20\/bientot-la-fin-de-la-colo\/","title":{"rendered":"Bient\u00f4t la fin de la colo !"},"content":{"rendered":"<p>C&rsquo;est l&rsquo;avant derni\u00e8re journ\u00e9e de colo \u00e0 Saint Priest de Gimel !<\/p>\n<p>Aujourd&rsquo;hui, nous avons fait les inventaires des enfants afin que chacun rentre \u00e0 la maison avec toutes ses affaires. Il manque toujours une chaussette ou un t-shirt, difficile de reconna\u00eetre ses v\u00eatements pour les petits mais heureusement les animateurs sont l\u00e0 !<\/p>\n<p>Les enfants n&rsquo;ont pas fait que les inventaires \u00e9videmment, il y avait aussi un tournoi de ping-pong, la construction d&rsquo;un village chinois dans la for\u00eat, des jeux&#8230;<\/p>\n<p>Ce soir, c&rsquo;est la derni\u00e8re veill\u00e9e, nous allons bien en profiter et regarder les photos de la colo !<\/p>\n<p><a href=\"http:\/\/www.voilco-aster.fr\/blog-sejours-vacances\/files\/2016\/08\/2016-08-20-19.00.15-e1471719253737.jpg\"><img loading=\"lazy\" decoding=\"async\" class=\"alignnone size-medium wp-image-4979\" src=\"http:\/\/www.voilco-aster.fr\/blog-sejours-vacances\/files\/2016\/08\/2016-08-20-19.00.15-e1471719253737-300x225.jpg\" alt=\"2016-08-20 19.00.15\" width=\"300\" height=\"225\" srcset=\"https:\/\/www.voilco-aster.fr\/blog-sejours-vacances\/files\/2016\/08\/2016-08-20-19.00.15-e1471719253737-300x225.jpg 300w, https:\/\/www.voilco-aster.fr\/blog-sejours-vacances\/files\/2016\/08\/2016-08-20-19.00.15-e1471719253737-768x576.jpg 768w, https:\/\/www.voilco-aster.fr\/blog-sejours-vacances\/files\/2016\/08\/2016-08-20-19.00.15-e1471719253737-800x600.jpg 800w\" sizes=\"auto, (max-width: 300px) 100vw, 300px\" \/><\/a><\/p>\n<p><a href=\"http:\/\/www.voilco-aster.fr\/blog-sejours-vacances\/files\/2016\/08\/2016-08-20-14.46.41-e1471719057393.jpg\"><img loading=\"lazy\" decoding=\"async\" class=\"alignnone size-medium wp-image-4977\" src=\"http:\/\/www.voilco-aster.fr\/blog-sejours-vacances\/files\/2016\/08\/2016-08-20-14.46.41-e1471719057393-300x225.jpg\" alt=\"2016-08-20 14.46.41\" width=\"300\" height=\"225\" srcset=\"https:\/\/www.voilco-aster.fr\/blog-sejours-vacances\/files\/2016\/08\/2016-08-20-14.46.41-e1471719057393-300x225.jpg 300w, https:\/\/www.voilco-aster.fr\/blog-sejours-vacances\/files\/2016\/08\/2016-08-20-14.46.41-e1471719057393-768x576.jpg 768w, https:\/\/www.voilco-aster.fr\/blog-sejours-vacances\/files\/2016\/08\/2016-08-20-14.46.41-e1471719057393-800x600.jpg 800w\" sizes=\"auto, (max-width: 300px) 100vw, 300px\" \/><\/a><\/p>\n<p><a href=\"http:\/\/www.voilco-aster.fr\/blog-sejours-vacances\/files\/2016\/08\/2016-08-20-19.00.25-e1471719464811.jpg\"><img loading=\"lazy\" decoding=\"async\" class=\"alignnone size-medium wp-image-4980\" src=\"http:\/\/www.voilco-aster.fr\/blog-sejours-vacances\/files\/2016\/08\/2016-08-20-19.00.25-e1471719464811-300x225.jpg\" alt=\"2016-08-20 19.00.25\" width=\"300\" height=\"225\" srcset=\"https:\/\/www.voilco-aster.fr\/blog-sejours-vacances\/files\/2016\/08\/2016-08-20-19.00.25-e1471719464811-300x225.jpg 300w, https:\/\/www.voilco-aster.fr\/blog-sejours-vacances\/files\/2016\/08\/2016-08-20-19.00.25-e1471719464811-768x576.jpg 768w, https:\/\/www.voilco-aster.fr\/blog-sejours-vacances\/files\/2016\/08\/2016-08-20-19.00.25-e1471719464811-800x600.jpg 800w\" sizes=\"auto, (max-width: 300px) 100vw, 300px\" \/><\/a><\/p>\n<p>&nbsp;<\/p>\n","protected":false},"excerpt":{"rendered":"<p>C&rsquo;est l&rsquo;avant derni\u00e8re journ\u00e9e de colo \u00e0 Saint Priest de Gimel ! Aujourd&rsquo;hui, nous avons fait les inventaires des enfants afin que chacun rentre \u00e0 la maison avec toutes ses affaires. Il manque toujours une chaussette ou un t-shirt, difficile de reconna\u00eetre ses v\u00eatements pour les petits mais heureusement les animateurs sont l\u00e0 ! Les &hellip; <a href=\"https:\/\/www.voilco-aster.fr\/blog-sejours-vacances\/2016\/08\/20\/bientot-la-fin-de-la-colo\/\" class=\"more-link\">Continuer la lecture de <span class=\"screen-reader-text\">Bient\u00f4t la fin de la colo !<\/span><\/a><\/p>\n","protected":false},"author":1,"featured_media":0,"comment_status":"open","ping_status":"closed","sticky":false,"template":"","format":"standard","meta":{"footnotes":""},"categories":[5],"tags":[],"class_list":["post-4974","post","type-post","status-publish","format-standard","hentry","category-sejours-6-11-ans"],"_links":{"self":[{"href":"https:\/\/www.voilco-aster.fr\/blog-sejours-vacances\/wp-json\/wp\/v2\/posts\/4974","targetHints":{"allow":["GET"]}}],"collection":[{"href":"https:\/\/www.voilco-aster.fr\/blog-sejours-vacances\/wp-json\/wp\/v2\/posts"}],"about":[{"href":"https:\/\/www.voilco-aster.fr\/blog-sejours-vacances\/wp-json\/wp\/v2\/types\/post"}],"author":[{"embeddable":true,"href":"https:\/\/www.voilco-aster.fr\/blog-sejours-vacances\/wp-json\/wp\/v2\/users\/1"}],"replies":[{"embeddable":true,"href":"https:\/\/www.voilco-aster.fr\/blog-sejours-vacances\/wp-json\/wp\/v2\/comments?post=4974"}],"version-history":[{"count":4,"href":"https:\/\/www.voilco-aster.fr\/blog-sejours-vacances\/wp-json\/wp\/v2\/posts\/4974\/revisions"}],"predecessor-version":[{"id":4982,"href":"https:\/\/www.voilco-aster.fr\/blog-sejours-vacances\/wp-json\/wp\/v2\/posts\/4974\/revisions\/4982"}],"wp:attachment":[{"href":"https:\/\/www.voilco-aster.fr\/blog-sejours-vacances\/wp-json\/wp\/v2\/media?parent=4974"}],"wp:term":[{"taxonomy":"category","embeddable":true,"href":"https:\/\/www.voilco-aster.fr\/blog-sejours-vacances\/wp-json\/wp\/v2\/categories?post=4974"},{"taxonomy":"post_tag","embeddable":true,"href":"https:\/\/www.voilco-aster.fr\/blog-sejours-vacances\/wp-json\/wp\/v2\/tags?post=4974"}],"curies":[{"name":"wp","href":"https:\/\/api.w.org\/{rel}","templated":true}]}}