{"id":5030,"date":"2017-07-11T22:37:18","date_gmt":"2017-07-11T21:37:18","guid":{"rendered":"http:\/\/www.voilco-aster.fr\/blog-sejours-vacances\/?p=5030"},"modified":"2017-07-11T22:37:30","modified_gmt":"2017-07-11T21:37:30","slug":"les-enfants-sont-bien-arrives","status":"publish","type":"post","link":"https:\/\/www.voilco-aster.fr\/blog-sejours-vacances\/2017\/07\/11\/les-enfants-sont-bien-arrives\/","title":{"rendered":"Les enfants sont bien arriv\u00e9s"},"content":{"rendered":"<p>Bonsoir ch\u00e8res familles, tout le monde est bien l\u00e0 le 1er repas du soir pr\u00e9parer par Naim notre cuisinier a \u00e9t\u00e9 tr\u00e8s appr\u00e9ci\u00e9s. Les 1\u00e8res amiti\u00e9s se sont cr\u00e9\u00e9.&nbsp;<\/p>\n<p>Nous avons laiss\u00e9 d\u00e9j\u00e0 2 messages sur Allo Kids. Demain grandes journ\u00e9es avec le passage des tests PAAN pour pourvoir faire des activit\u00e9s nautiques.&nbsp;<\/p>\n<p>Surtout le plus rigolo les inventaires.&nbsp;<\/p>\n","protected":false},"excerpt":{"rendered":"<p>Bonsoir ch\u00e8res familles, tout le monde est bien l\u00e0 le 1er repas du soir pr\u00e9parer par Naim notre cuisinier a \u00e9t\u00e9 tr\u00e8s appr\u00e9ci\u00e9s. Les 1\u00e8res amiti\u00e9s se sont cr\u00e9\u00e9.&nbsp; Nous avons laiss\u00e9 d\u00e9j\u00e0 2 messages sur Allo Kids. Demain grandes journ\u00e9es avec le passage des tests PAAN pour pourvoir faire des activit\u00e9s nautiques.&nbsp; Surtout le &hellip; <a href=\"https:\/\/www.voilco-aster.fr\/blog-sejours-vacances\/2017\/07\/11\/les-enfants-sont-bien-arrives\/\" class=\"more-link\">Continuer la lecture de <span class=\"screen-reader-text\">Les enfants sont bien arriv\u00e9s<\/span><\/a><\/p>\n","protected":false},"author":6,"featured_media":0,"comment_status":"open","ping_status":"closed","sticky":false,"template":"","format":"standard","meta":{"footnotes":""},"categories":[5],"tags":[],"class_list":["post-5030","post","type-post","status-publish","format-standard","hentry","category-sejours-6-11-ans"],"_links":{"self":[{"href":"https:\/\/www.voilco-aster.fr\/blog-sejours-vacances\/wp-json\/wp\/v2\/posts\/5030","targetHints":{"allow":["GET"]}}],"collection":[{"href":"https:\/\/www.voilco-aster.fr\/blog-sejours-vacances\/wp-json\/wp\/v2\/posts"}],"about":[{"href":"https:\/\/www.voilco-aster.fr\/blog-sejours-vacances\/wp-json\/wp\/v2\/types\/post"}],"author":[{"embeddable":true,"href":"https:\/\/www.voilco-aster.fr\/blog-sejours-vacances\/wp-json\/wp\/v2\/users\/6"}],"replies":[{"embeddable":true,"href":"https:\/\/www.voilco-aster.fr\/blog-sejours-vacances\/wp-json\/wp\/v2\/comments?post=5030"}],"version-history":[{"count":2,"href":"https:\/\/www.voilco-aster.fr\/blog-sejours-vacances\/wp-json\/wp\/v2\/posts\/5030\/revisions"}],"predecessor-version":[{"id":5032,"href":"https:\/\/www.voilco-aster.fr\/blog-sejours-vacances\/wp-json\/wp\/v2\/posts\/5030\/revisions\/5032"}],"wp:attachment":[{"href":"https:\/\/www.voilco-aster.fr\/blog-sejours-vacances\/wp-json\/wp\/v2\/media?parent=5030"}],"wp:term":[{"taxonomy":"category","embeddable":true,"href":"https:\/\/www.voilco-aster.fr\/blog-sejours-vacances\/wp-json\/wp\/v2\/categories?post=5030"},{"taxonomy":"post_tag","embeddable":true,"href":"https:\/\/www.voilco-aster.fr\/blog-sejours-vacances\/wp-json\/wp\/v2\/tags?post=5030"}],"curies":[{"name":"wp","href":"https:\/\/api.w.org\/{rel}","templated":true}]}}