{"id":5051,"date":"2017-07-14T02:07:48","date_gmt":"2017-07-14T01:07:48","guid":{"rendered":"http:\/\/www.voilco-aster.fr\/blog-sejours-vacances\/?p=5051"},"modified":"2017-07-14T02:07:49","modified_gmt":"2017-07-14T01:07:49","slug":"canoe-kayak-a-viam","status":"publish","type":"post","link":"https:\/\/www.voilco-aster.fr\/blog-sejours-vacances\/2017\/07\/14\/canoe-kayak-a-viam\/","title":{"rendered":"Cano\u00eb-kayak \u00e0 Viam"},"content":{"rendered":"<p>Aujourd&rsquo;hui le temps a commenc\u00e9 \u00e0 s&rsquo;am\u00e9liorer et nous avons pu faire du cano\u00eb-kayak le matin et l&rsquo;apr\u00e8s-midi.<\/p>\n<p>L&rsquo;eau est plut\u00f4t bonne et les premiers coups de pagaies sont encourageants pour la suite !<\/p>\n<p><a href=\"http:\/\/www.voilco-aster.fr\/blog-sejours-vacances\/files\/2017\/07\/img_5700-1-1.jpg\"><img loading=\"lazy\" decoding=\"async\" src=\"http:\/\/www.voilco-aster.fr\/blog-sejours-vacances\/files\/2017\/07\/img_5700-1-1.jpg\" alt=\"\" width=\"4032\" height=\"3024\" class=\"alignnone size-full wp-image-5054\" srcset=\"https:\/\/www.voilco-aster.fr\/blog-sejours-vacances\/files\/2017\/07\/img_5700-1-1.jpg 4032w, https:\/\/www.voilco-aster.fr\/blog-sejours-vacances\/files\/2017\/07\/img_5700-1-1-300x225.jpg 300w, https:\/\/www.voilco-aster.fr\/blog-sejours-vacances\/files\/2017\/07\/img_5700-1-1-768x576.jpg 768w, https:\/\/www.voilco-aster.fr\/blog-sejours-vacances\/files\/2017\/07\/img_5700-1-1-800x600.jpg 800w\" sizes=\"auto, (max-width: 4032px) 100vw, 4032px\" \/><\/a><\/p>\n<p><a href=\"http:\/\/www.voilco-aster.fr\/blog-sejours-vacances\/files\/2017\/07\/img_5701-2.jpg\"><img loading=\"lazy\" decoding=\"async\" src=\"http:\/\/www.voilco-aster.fr\/blog-sejours-vacances\/files\/2017\/07\/img_5701-2.jpg\" alt=\"\" width=\"4032\" height=\"3024\" class=\"alignnone size-full wp-image-5068\" srcset=\"https:\/\/www.voilco-aster.fr\/blog-sejours-vacances\/files\/2017\/07\/img_5701-2.jpg 4032w, https:\/\/www.voilco-aster.fr\/blog-sejours-vacances\/files\/2017\/07\/img_5701-2-300x225.jpg 300w, https:\/\/www.voilco-aster.fr\/blog-sejours-vacances\/files\/2017\/07\/img_5701-2-768x576.jpg 768w, https:\/\/www.voilco-aster.fr\/blog-sejours-vacances\/files\/2017\/07\/img_5701-2-800x600.jpg 800w\" sizes=\"auto, (max-width: 4032px) 100vw, 4032px\" \/><\/a><br \/>\n<a href=\"http:\/\/www.voilco-aster.fr\/blog-sejours-vacances\/files\/2017\/07\/img_5706-2.jpg\"><img loading=\"lazy\" decoding=\"async\" src=\"http:\/\/www.voilco-aster.fr\/blog-sejours-vacances\/files\/2017\/07\/img_5706-2.jpg\" alt=\"\" width=\"4032\" height=\"3024\" class=\"alignnone size-full wp-image-5069\" srcset=\"https:\/\/www.voilco-aster.fr\/blog-sejours-vacances\/files\/2017\/07\/img_5706-2.jpg 4032w, https:\/\/www.voilco-aster.fr\/blog-sejours-vacances\/files\/2017\/07\/img_5706-2-300x225.jpg 300w, https:\/\/www.voilco-aster.fr\/blog-sejours-vacances\/files\/2017\/07\/img_5706-2-768x576.jpg 768w, https:\/\/www.voilco-aster.fr\/blog-sejours-vacances\/files\/2017\/07\/img_5706-2-800x600.jpg 800w\" sizes=\"auto, (max-width: 4032px) 100vw, 4032px\" \/><\/a><\/p>\n<p><a href=\"http:\/\/www.voilco-aster.fr\/blog-sejours-vacances\/files\/2017\/07\/img_5711-2.jpg\"><img loading=\"lazy\" decoding=\"async\" src=\"http:\/\/www.voilco-aster.fr\/blog-sejours-vacances\/files\/2017\/07\/img_5711-2.jpg\" alt=\"\" width=\"4032\" height=\"3024\" class=\"alignnone size-full wp-image-5071\" srcset=\"https:\/\/www.voilco-aster.fr\/blog-sejours-vacances\/files\/2017\/07\/img_5711-2.jpg 4032w, https:\/\/www.voilco-aster.fr\/blog-sejours-vacances\/files\/2017\/07\/img_5711-2-300x225.jpg 300w, https:\/\/www.voilco-aster.fr\/blog-sejours-vacances\/files\/2017\/07\/img_5711-2-768x576.jpg 768w, https:\/\/www.voilco-aster.fr\/blog-sejours-vacances\/files\/2017\/07\/img_5711-2-800x600.jpg 800w\" sizes=\"auto, (max-width: 4032px) 100vw, 4032px\" \/><\/a><br \/>\n<a href=\"http:\/\/www.voilco-aster.fr\/blog-sejours-vacances\/files\/2017\/07\/img_5710-1.jpg\"><img loading=\"lazy\" decoding=\"async\" src=\"http:\/\/www.voilco-aster.fr\/blog-sejours-vacances\/files\/2017\/07\/img_5710-1.jpg\" alt=\"\" width=\"4032\" height=\"3024\" class=\"alignnone size-full wp-image-5072\" srcset=\"https:\/\/www.voilco-aster.fr\/blog-sejours-vacances\/files\/2017\/07\/img_5710-1.jpg 4032w, https:\/\/www.voilco-aster.fr\/blog-sejours-vacances\/files\/2017\/07\/img_5710-1-300x225.jpg 300w, https:\/\/www.voilco-aster.fr\/blog-sejours-vacances\/files\/2017\/07\/img_5710-1-768x576.jpg 768w, https:\/\/www.voilco-aster.fr\/blog-sejours-vacances\/files\/2017\/07\/img_5710-1-800x600.jpg 800w\" sizes=\"auto, (max-width: 4032px) 100vw, 4032px\" \/><\/a><br \/>\n<a href=\"http:\/\/www.voilco-aster.fr\/blog-sejours-vacances\/files\/2017\/07\/img_5716-2.jpg\"><img loading=\"lazy\" decoding=\"async\" src=\"http:\/\/www.voilco-aster.fr\/blog-sejours-vacances\/files\/2017\/07\/img_5716-2.jpg\" alt=\"\" width=\"4032\" height=\"3024\" class=\"alignnone size-full wp-image-5073\" srcset=\"https:\/\/www.voilco-aster.fr\/blog-sejours-vacances\/files\/2017\/07\/img_5716-2.jpg 4032w, https:\/\/www.voilco-aster.fr\/blog-sejours-vacances\/files\/2017\/07\/img_5716-2-300x225.jpg 300w, https:\/\/www.voilco-aster.fr\/blog-sejours-vacances\/files\/2017\/07\/img_5716-2-768x576.jpg 768w, https:\/\/www.voilco-aster.fr\/blog-sejours-vacances\/files\/2017\/07\/img_5716-2-800x600.jpg 800w\" sizes=\"auto, (max-width: 4032px) 100vw, 4032px\" \/><\/a><br \/>\n<a href=\"http:\/\/www.voilco-aster.fr\/blog-sejours-vacances\/files\/2017\/07\/img_5717-2.jpg\"><img loading=\"lazy\" decoding=\"async\" src=\"http:\/\/www.voilco-aster.fr\/blog-sejours-vacances\/files\/2017\/07\/img_5717-2.jpg\" alt=\"\" width=\"4032\" height=\"3024\" class=\"alignnone size-full wp-image-5074\" srcset=\"https:\/\/www.voilco-aster.fr\/blog-sejours-vacances\/files\/2017\/07\/img_5717-2.jpg 4032w, https:\/\/www.voilco-aster.fr\/blog-sejours-vacances\/files\/2017\/07\/img_5717-2-300x225.jpg 300w, https:\/\/www.voilco-aster.fr\/blog-sejours-vacances\/files\/2017\/07\/img_5717-2-768x576.jpg 768w, https:\/\/www.voilco-aster.fr\/blog-sejours-vacances\/files\/2017\/07\/img_5717-2-800x600.jpg 800w\" sizes=\"auto, (max-width: 4032px) 100vw, 4032px\" \/><\/a><\/p>\n","protected":false},"excerpt":{"rendered":"<p>Aujourd&rsquo;hui le temps a commenc\u00e9 \u00e0 s&rsquo;am\u00e9liorer et nous avons pu faire du cano\u00eb-kayak le matin et l&rsquo;apr\u00e8s-midi. L&rsquo;eau est plut\u00f4t bonne et les premiers coups de pagaies sont encourageants pour la suite !<\/p>\n","protected":false},"author":1,"featured_media":0,"comment_status":"open","ping_status":"closed","sticky":false,"template":"","format":"standard","meta":{"footnotes":""},"categories":[6],"tags":[],"class_list":["post-5051","post","type-post","status-publish","format-standard","hentry","category-sejours-11-14-ans"],"_links":{"self":[{"href":"https:\/\/www.voilco-aster.fr\/blog-sejours-vacances\/wp-json\/wp\/v2\/posts\/5051","targetHints":{"allow":["GET"]}}],"collection":[{"href":"https:\/\/www.voilco-aster.fr\/blog-sejours-vacances\/wp-json\/wp\/v2\/posts"}],"about":[{"href":"https:\/\/www.voilco-aster.fr\/blog-sejours-vacances\/wp-json\/wp\/v2\/types\/post"}],"author":[{"embeddable":true,"href":"https:\/\/www.voilco-aster.fr\/blog-sejours-vacances\/wp-json\/wp\/v2\/users\/1"}],"replies":[{"embeddable":true,"href":"https:\/\/www.voilco-aster.fr\/blog-sejours-vacances\/wp-json\/wp\/v2\/comments?post=5051"}],"version-history":[{"count":4,"href":"https:\/\/www.voilco-aster.fr\/blog-sejours-vacances\/wp-json\/wp\/v2\/posts\/5051\/revisions"}],"predecessor-version":[{"id":5075,"href":"https:\/\/www.voilco-aster.fr\/blog-sejours-vacances\/wp-json\/wp\/v2\/posts\/5051\/revisions\/5075"}],"wp:attachment":[{"href":"https:\/\/www.voilco-aster.fr\/blog-sejours-vacances\/wp-json\/wp\/v2\/media?parent=5051"}],"wp:term":[{"taxonomy":"category","embeddable":true,"href":"https:\/\/www.voilco-aster.fr\/blog-sejours-vacances\/wp-json\/wp\/v2\/categories?post=5051"},{"taxonomy":"post_tag","embeddable":true,"href":"https:\/\/www.voilco-aster.fr\/blog-sejours-vacances\/wp-json\/wp\/v2\/tags?post=5051"}],"curies":[{"name":"wp","href":"https:\/\/api.w.org\/{rel}","templated":true}]}}