{"id":5063,"date":"2017-07-14T01:19:27","date_gmt":"2017-07-14T00:19:27","guid":{"rendered":"http:\/\/www.voilco-aster.fr\/blog-sejours-vacances\/?p=5063"},"modified":"2017-07-14T01:19:27","modified_gmt":"2017-07-14T00:19:27","slug":"une-superbe-journee","status":"publish","type":"post","link":"https:\/\/www.voilco-aster.fr\/blog-sejours-vacances\/2017\/07\/14\/une-superbe-journee\/","title":{"rendered":"Une superbe journ\u00e9e\u00a0"},"content":{"rendered":"<p>La colo a commenc\u00e9 sur les chapeaux de roue avec les 1 \u00e8res activit\u00e9s.&nbsp;<\/p>\n<p>Micro fus\u00e9e, cano\u00eb, voile, cerfs-volants, th\u00e9\u00e2tre, nature, et grand jeu.&nbsp;<\/p>\n<p>Les enfants d\u00e9gustent de tr\u00e8s bon repas pr\u00e9par\u00e9s par Na\u00efm notre chef cuisto. &nbsp;<br \/>\nLe beau temps est enfin arriv\u00e9, on va pouvoir mettre les lunettes de soleil.&nbsp;<br \/>\n<a href=\"http:\/\/www.voilco-aster.fr\/blog-sejours-vacances\/files\/2017\/07\/img_0284.jpg\"><img loading=\"lazy\" decoding=\"async\" src=\"http:\/\/www.voilco-aster.fr\/blog-sejours-vacances\/files\/2017\/07\/img_0284.jpg\" alt=\"\" width=\"3264\" height=\"2448\" class=\"alignnone size-full wp-image-5056\" srcset=\"https:\/\/www.voilco-aster.fr\/blog-sejours-vacances\/files\/2017\/07\/img_0284.jpg 3264w, https:\/\/www.voilco-aster.fr\/blog-sejours-vacances\/files\/2017\/07\/img_0284-300x225.jpg 300w, https:\/\/www.voilco-aster.fr\/blog-sejours-vacances\/files\/2017\/07\/img_0284-768x576.jpg 768w, https:\/\/www.voilco-aster.fr\/blog-sejours-vacances\/files\/2017\/07\/img_0284-800x600.jpg 800w\" sizes=\"auto, (max-width: 3264px) 100vw, 3264px\" \/><\/a><a href=\"http:\/\/www.voilco-aster.fr\/blog-sejours-vacances\/files\/2017\/07\/img_0287.jpg\"><img loading=\"lazy\" decoding=\"async\" src=\"http:\/\/www.voilco-aster.fr\/blog-sejours-vacances\/files\/2017\/07\/img_0287.jpg\" alt=\"\" width=\"3264\" height=\"2448\" class=\"alignnone size-full wp-image-5057\" srcset=\"https:\/\/www.voilco-aster.fr\/blog-sejours-vacances\/files\/2017\/07\/img_0287.jpg 3264w, https:\/\/www.voilco-aster.fr\/blog-sejours-vacances\/files\/2017\/07\/img_0287-300x225.jpg 300w, https:\/\/www.voilco-aster.fr\/blog-sejours-vacances\/files\/2017\/07\/img_0287-768x576.jpg 768w, https:\/\/www.voilco-aster.fr\/blog-sejours-vacances\/files\/2017\/07\/img_0287-800x600.jpg 800w\" sizes=\"auto, (max-width: 3264px) 100vw, 3264px\" \/><\/a><a href=\"http:\/\/www.voilco-aster.fr\/blog-sejours-vacances\/files\/2017\/07\/img_0294.jpg\"><img loading=\"lazy\" decoding=\"async\" src=\"http:\/\/www.voilco-aster.fr\/blog-sejours-vacances\/files\/2017\/07\/img_0294.jpg\" alt=\"\" width=\"3264\" height=\"2448\" class=\"alignnone size-full wp-image-5058\" srcset=\"https:\/\/www.voilco-aster.fr\/blog-sejours-vacances\/files\/2017\/07\/img_0294.jpg 3264w, https:\/\/www.voilco-aster.fr\/blog-sejours-vacances\/files\/2017\/07\/img_0294-300x225.jpg 300w, https:\/\/www.voilco-aster.fr\/blog-sejours-vacances\/files\/2017\/07\/img_0294-768x576.jpg 768w, https:\/\/www.voilco-aster.fr\/blog-sejours-vacances\/files\/2017\/07\/img_0294-800x600.jpg 800w\" sizes=\"auto, (max-width: 3264px) 100vw, 3264px\" \/><\/a><a href=\"http:\/\/www.voilco-aster.fr\/blog-sejours-vacances\/files\/2017\/07\/img_0291.jpg\"><img loading=\"lazy\" decoding=\"async\" src=\"http:\/\/www.voilco-aster.fr\/blog-sejours-vacances\/files\/2017\/07\/img_0291.jpg\" alt=\"\" width=\"3264\" height=\"2448\" class=\"alignnone size-full wp-image-5060\" srcset=\"https:\/\/www.voilco-aster.fr\/blog-sejours-vacances\/files\/2017\/07\/img_0291.jpg 3264w, https:\/\/www.voilco-aster.fr\/blog-sejours-vacances\/files\/2017\/07\/img_0291-300x225.jpg 300w, https:\/\/www.voilco-aster.fr\/blog-sejours-vacances\/files\/2017\/07\/img_0291-768x576.jpg 768w, https:\/\/www.voilco-aster.fr\/blog-sejours-vacances\/files\/2017\/07\/img_0291-800x600.jpg 800w\" sizes=\"auto, (max-width: 3264px) 100vw, 3264px\" \/><\/a><a href=\"http:\/\/www.voilco-aster.fr\/blog-sejours-vacances\/files\/2017\/07\/img_0296.jpg\"><img loading=\"lazy\" decoding=\"async\" src=\"http:\/\/www.voilco-aster.fr\/blog-sejours-vacances\/files\/2017\/07\/img_0296.jpg\" alt=\"\" width=\"3264\" height=\"2448\" class=\"alignnone size-full wp-image-5055\" srcset=\"https:\/\/www.voilco-aster.fr\/blog-sejours-vacances\/files\/2017\/07\/img_0296.jpg 3264w, https:\/\/www.voilco-aster.fr\/blog-sejours-vacances\/files\/2017\/07\/img_0296-300x225.jpg 300w, https:\/\/www.voilco-aster.fr\/blog-sejours-vacances\/files\/2017\/07\/img_0296-768x576.jpg 768w, https:\/\/www.voilco-aster.fr\/blog-sejours-vacances\/files\/2017\/07\/img_0296-800x600.jpg 800w\" sizes=\"auto, (max-width: 3264px) 100vw, 3264px\" \/><\/a><a href=\"http:\/\/www.voilco-aster.fr\/blog-sejours-vacances\/files\/2017\/07\/img_0300.jpg\"><img loading=\"lazy\" decoding=\"async\" src=\"http:\/\/www.voilco-aster.fr\/blog-sejours-vacances\/files\/2017\/07\/img_0300.jpg\" alt=\"\" width=\"3264\" height=\"2448\" class=\"alignnone size-full wp-image-5059\" srcset=\"https:\/\/www.voilco-aster.fr\/blog-sejours-vacances\/files\/2017\/07\/img_0300.jpg 3264w, https:\/\/www.voilco-aster.fr\/blog-sejours-vacances\/files\/2017\/07\/img_0300-300x225.jpg 300w, https:\/\/www.voilco-aster.fr\/blog-sejours-vacances\/files\/2017\/07\/img_0300-768x576.jpg 768w, https:\/\/www.voilco-aster.fr\/blog-sejours-vacances\/files\/2017\/07\/img_0300-800x600.jpg 800w\" sizes=\"auto, (max-width: 3264px) 100vw, 3264px\" \/><\/a><a href=\"http:\/\/www.voilco-aster.fr\/blog-sejours-vacances\/files\/2017\/07\/img_0301.jpg\"><img loading=\"lazy\" decoding=\"async\" src=\"http:\/\/www.voilco-aster.fr\/blog-sejours-vacances\/files\/2017\/07\/img_0301.jpg\" alt=\"\" width=\"3264\" height=\"2448\" class=\"alignnone size-full wp-image-5061\" srcset=\"https:\/\/www.voilco-aster.fr\/blog-sejours-vacances\/files\/2017\/07\/img_0301.jpg 3264w, https:\/\/www.voilco-aster.fr\/blog-sejours-vacances\/files\/2017\/07\/img_0301-300x225.jpg 300w, https:\/\/www.voilco-aster.fr\/blog-sejours-vacances\/files\/2017\/07\/img_0301-768x576.jpg 768w, https:\/\/www.voilco-aster.fr\/blog-sejours-vacances\/files\/2017\/07\/img_0301-800x600.jpg 800w\" sizes=\"auto, (max-width: 3264px) 100vw, 3264px\" \/><\/a><a href=\"http:\/\/www.voilco-aster.fr\/blog-sejours-vacances\/files\/2017\/07\/img_0304.jpg\"><img loading=\"lazy\" decoding=\"async\" src=\"http:\/\/www.voilco-aster.fr\/blog-sejours-vacances\/files\/2017\/07\/img_0304.jpg\" alt=\"\" width=\"3264\" height=\"2448\" class=\"alignnone size-full wp-image-5062\" srcset=\"https:\/\/www.voilco-aster.fr\/blog-sejours-vacances\/files\/2017\/07\/img_0304.jpg 3264w, https:\/\/www.voilco-aster.fr\/blog-sejours-vacances\/files\/2017\/07\/img_0304-300x225.jpg 300w, https:\/\/www.voilco-aster.fr\/blog-sejours-vacances\/files\/2017\/07\/img_0304-768x576.jpg 768w, https:\/\/www.voilco-aster.fr\/blog-sejours-vacances\/files\/2017\/07\/img_0304-800x600.jpg 800w\" sizes=\"auto, (max-width: 3264px) 100vw, 3264px\" \/><\/a><\/p>\n","protected":false},"excerpt":{"rendered":"<p>La colo a commenc\u00e9 sur les chapeaux de roue avec les 1 \u00e8res activit\u00e9s.&nbsp; Micro fus\u00e9e, cano\u00eb, voile, cerfs-volants, th\u00e9\u00e2tre, nature, et grand jeu.&nbsp; Les enfants d\u00e9gustent de tr\u00e8s bon repas pr\u00e9par\u00e9s par Na\u00efm notre chef cuisto. &nbsp; Le beau temps est enfin arriv\u00e9, on va pouvoir mettre les lunettes de soleil.&nbsp;<\/p>\n","protected":false},"author":6,"featured_media":0,"comment_status":"open","ping_status":"closed","sticky":false,"template":"","format":"standard","meta":{"footnotes":""},"categories":[5],"tags":[],"class_list":["post-5063","post","type-post","status-publish","format-standard","hentry","category-sejours-6-11-ans"],"_links":{"self":[{"href":"https:\/\/www.voilco-aster.fr\/blog-sejours-vacances\/wp-json\/wp\/v2\/posts\/5063","targetHints":{"allow":["GET"]}}],"collection":[{"href":"https:\/\/www.voilco-aster.fr\/blog-sejours-vacances\/wp-json\/wp\/v2\/posts"}],"about":[{"href":"https:\/\/www.voilco-aster.fr\/blog-sejours-vacances\/wp-json\/wp\/v2\/types\/post"}],"author":[{"embeddable":true,"href":"https:\/\/www.voilco-aster.fr\/blog-sejours-vacances\/wp-json\/wp\/v2\/users\/6"}],"replies":[{"embeddable":true,"href":"https:\/\/www.voilco-aster.fr\/blog-sejours-vacances\/wp-json\/wp\/v2\/comments?post=5063"}],"version-history":[{"count":1,"href":"https:\/\/www.voilco-aster.fr\/blog-sejours-vacances\/wp-json\/wp\/v2\/posts\/5063\/revisions"}],"predecessor-version":[{"id":5064,"href":"https:\/\/www.voilco-aster.fr\/blog-sejours-vacances\/wp-json\/wp\/v2\/posts\/5063\/revisions\/5064"}],"wp:attachment":[{"href":"https:\/\/www.voilco-aster.fr\/blog-sejours-vacances\/wp-json\/wp\/v2\/media?parent=5063"}],"wp:term":[{"taxonomy":"category","embeddable":true,"href":"https:\/\/www.voilco-aster.fr\/blog-sejours-vacances\/wp-json\/wp\/v2\/categories?post=5063"},{"taxonomy":"post_tag","embeddable":true,"href":"https:\/\/www.voilco-aster.fr\/blog-sejours-vacances\/wp-json\/wp\/v2\/tags?post=5063"}],"curies":[{"name":"wp","href":"https:\/\/api.w.org\/{rel}","templated":true}]}}