{"id":5084,"date":"2017-07-15T00:43:40","date_gmt":"2017-07-14T23:43:40","guid":{"rendered":"http:\/\/www.voilco-aster.fr\/blog-sejours-vacances\/?p=5084"},"modified":"2017-07-15T00:43:40","modified_gmt":"2017-07-14T23:43:40","slug":"activite-voile-a-viam","status":"publish","type":"post","link":"https:\/\/www.voilco-aster.fr\/blog-sejours-vacances\/2017\/07\/15\/activite-voile-a-viam\/","title":{"rendered":"Activit\u00e9 voile \u00e0 Viam"},"content":{"rendered":"<p>Le soleil a fait une timide apparition ce matin et \u00e9tait plus franc cet apr\u00e8s-midi !<\/p>\n<p>Nous en avons donc profit\u00e9 pour faire de la voile et du cano\u00eb-kayak et un jeu ext\u00e9rieur.&nbsp;<\/p>\n<p>12 enfants sont partis en randonn\u00e9e avec Martin et Justine pour 3 jours et 2 nuits au bord d&rsquo;un ruisseau dans un magnifique village Corr\u00e8zien !<\/p>\n<p><a href=\"http:\/\/www.voilco-aster.fr\/blog-sejours-vacances\/files\/2017\/07\/img_5719-4-1.jpg\"><img loading=\"lazy\" decoding=\"async\" src=\"http:\/\/www.voilco-aster.fr\/blog-sejours-vacances\/files\/2017\/07\/img_5719-4-1.jpg\" alt=\"\" width=\"4032\" height=\"3024\" class=\"alignnone size-full wp-image-5083\" srcset=\"https:\/\/www.voilco-aster.fr\/blog-sejours-vacances\/files\/2017\/07\/img_5719-4-1.jpg 4032w, https:\/\/www.voilco-aster.fr\/blog-sejours-vacances\/files\/2017\/07\/img_5719-4-1-300x225.jpg 300w, https:\/\/www.voilco-aster.fr\/blog-sejours-vacances\/files\/2017\/07\/img_5719-4-1-768x576.jpg 768w, https:\/\/www.voilco-aster.fr\/blog-sejours-vacances\/files\/2017\/07\/img_5719-4-1-800x600.jpg 800w\" sizes=\"auto, (max-width: 4032px) 100vw, 4032px\" \/><\/a><\/p>\n","protected":false},"excerpt":{"rendered":"<p>Le soleil a fait une timide apparition ce matin et \u00e9tait plus franc cet apr\u00e8s-midi ! Nous en avons donc profit\u00e9 pour faire de la voile et du cano\u00eb-kayak et un jeu ext\u00e9rieur.&nbsp; 12 enfants sont partis en randonn\u00e9e avec Martin et Justine pour 3 jours et 2 nuits au bord d&rsquo;un ruisseau dans un &hellip; <a href=\"https:\/\/www.voilco-aster.fr\/blog-sejours-vacances\/2017\/07\/15\/activite-voile-a-viam\/\" class=\"more-link\">Continuer la lecture de <span class=\"screen-reader-text\">Activit\u00e9 voile \u00e0 Viam<\/span><\/a><\/p>\n","protected":false},"author":1,"featured_media":0,"comment_status":"open","ping_status":"closed","sticky":false,"template":"","format":"standard","meta":{"footnotes":""},"categories":[6],"tags":[],"class_list":["post-5084","post","type-post","status-publish","format-standard","hentry","category-sejours-11-14-ans"],"_links":{"self":[{"href":"https:\/\/www.voilco-aster.fr\/blog-sejours-vacances\/wp-json\/wp\/v2\/posts\/5084","targetHints":{"allow":["GET"]}}],"collection":[{"href":"https:\/\/www.voilco-aster.fr\/blog-sejours-vacances\/wp-json\/wp\/v2\/posts"}],"about":[{"href":"https:\/\/www.voilco-aster.fr\/blog-sejours-vacances\/wp-json\/wp\/v2\/types\/post"}],"author":[{"embeddable":true,"href":"https:\/\/www.voilco-aster.fr\/blog-sejours-vacances\/wp-json\/wp\/v2\/users\/1"}],"replies":[{"embeddable":true,"href":"https:\/\/www.voilco-aster.fr\/blog-sejours-vacances\/wp-json\/wp\/v2\/comments?post=5084"}],"version-history":[{"count":1,"href":"https:\/\/www.voilco-aster.fr\/blog-sejours-vacances\/wp-json\/wp\/v2\/posts\/5084\/revisions"}],"predecessor-version":[{"id":5085,"href":"https:\/\/www.voilco-aster.fr\/blog-sejours-vacances\/wp-json\/wp\/v2\/posts\/5084\/revisions\/5085"}],"wp:attachment":[{"href":"https:\/\/www.voilco-aster.fr\/blog-sejours-vacances\/wp-json\/wp\/v2\/media?parent=5084"}],"wp:term":[{"taxonomy":"category","embeddable":true,"href":"https:\/\/www.voilco-aster.fr\/blog-sejours-vacances\/wp-json\/wp\/v2\/categories?post=5084"},{"taxonomy":"post_tag","embeddable":true,"href":"https:\/\/www.voilco-aster.fr\/blog-sejours-vacances\/wp-json\/wp\/v2\/tags?post=5084"}],"curies":[{"name":"wp","href":"https:\/\/api.w.org\/{rel}","templated":true}]}}