{"id":5094,"date":"2017-07-15T16:09:43","date_gmt":"2017-07-15T15:09:43","guid":{"rendered":"http:\/\/www.voilco-aster.fr\/blog-sejours-vacances\/?p=5094"},"modified":"2017-07-15T16:10:14","modified_gmt":"2017-07-15T15:10:14","slug":"en-randonnee-a-varieras","status":"publish","type":"post","link":"https:\/\/www.voilco-aster.fr\/blog-sejours-vacances\/2017\/07\/15\/en-randonnee-a-varieras\/","title":{"rendered":"En randonn\u00e9e \u00e0 Varieras"},"content":{"rendered":"<p>12 enfants et 2 animateurs sont partis 3 jours et 2 nuits en randonn\u00e9e \u00e0 Varieras. Install\u00e9s au bord de la rivi\u00e8re, ils profitent du soleil !<br \/>\n<a href=\"http:\/\/www.voilco-aster.fr\/blog-sejours-vacances\/files\/2017\/07\/img_5721-1.jpg\"><img loading=\"lazy\" decoding=\"async\" src=\"http:\/\/www.voilco-aster.fr\/blog-sejours-vacances\/files\/2017\/07\/img_5721-1.jpg\" alt=\"\" width=\"4032\" height=\"3024\" class=\"alignnone size-full wp-image-5087\" srcset=\"https:\/\/www.voilco-aster.fr\/blog-sejours-vacances\/files\/2017\/07\/img_5721-1.jpg 4032w, https:\/\/www.voilco-aster.fr\/blog-sejours-vacances\/files\/2017\/07\/img_5721-1-300x225.jpg 300w, https:\/\/www.voilco-aster.fr\/blog-sejours-vacances\/files\/2017\/07\/img_5721-1-768x576.jpg 768w, https:\/\/www.voilco-aster.fr\/blog-sejours-vacances\/files\/2017\/07\/img_5721-1-800x600.jpg 800w\" sizes=\"auto, (max-width: 4032px) 100vw, 4032px\" \/><\/a><a href=\"http:\/\/www.voilco-aster.fr\/blog-sejours-vacances\/files\/2017\/07\/img_5722-1-1.jpg\"><img loading=\"lazy\" decoding=\"async\" src=\"http:\/\/www.voilco-aster.fr\/blog-sejours-vacances\/files\/2017\/07\/img_5722-1-1.jpg\" alt=\"\" width=\"4032\" height=\"3024\" class=\"alignnone size-full wp-image-5092\" srcset=\"https:\/\/www.voilco-aster.fr\/blog-sejours-vacances\/files\/2017\/07\/img_5722-1-1.jpg 4032w, https:\/\/www.voilco-aster.fr\/blog-sejours-vacances\/files\/2017\/07\/img_5722-1-1-300x225.jpg 300w, https:\/\/www.voilco-aster.fr\/blog-sejours-vacances\/files\/2017\/07\/img_5722-1-1-768x576.jpg 768w, https:\/\/www.voilco-aster.fr\/blog-sejours-vacances\/files\/2017\/07\/img_5722-1-1-800x600.jpg 800w\" sizes=\"auto, (max-width: 4032px) 100vw, 4032px\" \/><\/a><a href=\"http:\/\/www.voilco-aster.fr\/blog-sejours-vacances\/files\/2017\/07\/img_5723-1-1.jpg\"><img loading=\"lazy\" decoding=\"async\" src=\"http:\/\/www.voilco-aster.fr\/blog-sejours-vacances\/files\/2017\/07\/img_5723-1-1.jpg\" alt=\"\" width=\"4032\" height=\"3024\" class=\"alignnone size-full wp-image-5093\" srcset=\"https:\/\/www.voilco-aster.fr\/blog-sejours-vacances\/files\/2017\/07\/img_5723-1-1.jpg 4032w, https:\/\/www.voilco-aster.fr\/blog-sejours-vacances\/files\/2017\/07\/img_5723-1-1-300x225.jpg 300w, https:\/\/www.voilco-aster.fr\/blog-sejours-vacances\/files\/2017\/07\/img_5723-1-1-768x576.jpg 768w, https:\/\/www.voilco-aster.fr\/blog-sejours-vacances\/files\/2017\/07\/img_5723-1-1-800x600.jpg 800w\" sizes=\"auto, (max-width: 4032px) 100vw, 4032px\" \/><\/a><\/p>\n","protected":false},"excerpt":{"rendered":"<p>12 enfants et 2 animateurs sont partis 3 jours et 2 nuits en randonn\u00e9e \u00e0 Varieras. Install\u00e9s au bord de la rivi\u00e8re, ils profitent du soleil !<\/p>\n","protected":false},"author":1,"featured_media":0,"comment_status":"open","ping_status":"closed","sticky":false,"template":"","format":"standard","meta":{"footnotes":""},"categories":[6],"tags":[],"class_list":["post-5094","post","type-post","status-publish","format-standard","hentry","category-sejours-11-14-ans"],"_links":{"self":[{"href":"https:\/\/www.voilco-aster.fr\/blog-sejours-vacances\/wp-json\/wp\/v2\/posts\/5094","targetHints":{"allow":["GET"]}}],"collection":[{"href":"https:\/\/www.voilco-aster.fr\/blog-sejours-vacances\/wp-json\/wp\/v2\/posts"}],"about":[{"href":"https:\/\/www.voilco-aster.fr\/blog-sejours-vacances\/wp-json\/wp\/v2\/types\/post"}],"author":[{"embeddable":true,"href":"https:\/\/www.voilco-aster.fr\/blog-sejours-vacances\/wp-json\/wp\/v2\/users\/1"}],"replies":[{"embeddable":true,"href":"https:\/\/www.voilco-aster.fr\/blog-sejours-vacances\/wp-json\/wp\/v2\/comments?post=5094"}],"version-history":[{"count":2,"href":"https:\/\/www.voilco-aster.fr\/blog-sejours-vacances\/wp-json\/wp\/v2\/posts\/5094\/revisions"}],"predecessor-version":[{"id":5096,"href":"https:\/\/www.voilco-aster.fr\/blog-sejours-vacances\/wp-json\/wp\/v2\/posts\/5094\/revisions\/5096"}],"wp:attachment":[{"href":"https:\/\/www.voilco-aster.fr\/blog-sejours-vacances\/wp-json\/wp\/v2\/media?parent=5094"}],"wp:term":[{"taxonomy":"category","embeddable":true,"href":"https:\/\/www.voilco-aster.fr\/blog-sejours-vacances\/wp-json\/wp\/v2\/categories?post=5094"},{"taxonomy":"post_tag","embeddable":true,"href":"https:\/\/www.voilco-aster.fr\/blog-sejours-vacances\/wp-json\/wp\/v2\/tags?post=5094"}],"curies":[{"name":"wp","href":"https:\/\/api.w.org\/{rel}","templated":true}]}}