{"id":5100,"date":"2017-07-16T01:15:12","date_gmt":"2017-07-16T00:15:12","guid":{"rendered":"http:\/\/www.voilco-aster.fr\/blog-sejours-vacances\/?p=5100"},"modified":"2017-07-16T01:15:12","modified_gmt":"2017-07-16T00:15:12","slug":"encore-une-belle-journee-bien-remplie","status":"publish","type":"post","link":"https:\/\/www.voilco-aster.fr\/blog-sejours-vacances\/2017\/07\/16\/encore-une-belle-journee-bien-remplie\/","title":{"rendered":"Encore une belle journ\u00e9e bien remplie"},"content":{"rendered":"<p>Les activit\u00e9s de d\u00e9couverte se terminent et nous avons lanc\u00e9 les projets d&rsquo;animation issus d&rsquo;id\u00e9es des enfants. Il y a un projet cabane, une Rando de 3 jours, un projet autour du sport et un projet sur l&rsquo;organisation d&rsquo;une comp\u00e9tition de jeux autour de l&rsquo;eau.&nbsp;<\/p>\n<p><a href=\"http:\/\/www.voilco-aster.fr\/blog-sejours-vacances\/files\/2017\/07\/img_0212.jpg\"><img loading=\"lazy\" decoding=\"async\" src=\"http:\/\/www.voilco-aster.fr\/blog-sejours-vacances\/files\/2017\/07\/img_0212.jpg\" alt=\"\" width=\"3264\" height=\"2448\" class=\"alignnone size-full wp-image-5098\" srcset=\"https:\/\/www.voilco-aster.fr\/blog-sejours-vacances\/files\/2017\/07\/img_0212.jpg 3264w, https:\/\/www.voilco-aster.fr\/blog-sejours-vacances\/files\/2017\/07\/img_0212-300x225.jpg 300w, https:\/\/www.voilco-aster.fr\/blog-sejours-vacances\/files\/2017\/07\/img_0212-768x576.jpg 768w, https:\/\/www.voilco-aster.fr\/blog-sejours-vacances\/files\/2017\/07\/img_0212-800x600.jpg 800w\" sizes=\"auto, (max-width: 3264px) 100vw, 3264px\" \/><\/a><br \/>\n<a href=\"http:\/\/www.voilco-aster.fr\/blog-sejours-vacances\/files\/2017\/07\/img_0207-1.jpg\"><img loading=\"lazy\" decoding=\"async\" src=\"http:\/\/www.voilco-aster.fr\/blog-sejours-vacances\/files\/2017\/07\/img_0207-1.jpg\" alt=\"\" width=\"3264\" height=\"2448\" class=\"alignnone size-full wp-image-5099\" srcset=\"https:\/\/www.voilco-aster.fr\/blog-sejours-vacances\/files\/2017\/07\/img_0207-1.jpg 3264w, https:\/\/www.voilco-aster.fr\/blog-sejours-vacances\/files\/2017\/07\/img_0207-1-300x225.jpg 300w, https:\/\/www.voilco-aster.fr\/blog-sejours-vacances\/files\/2017\/07\/img_0207-1-768x576.jpg 768w, https:\/\/www.voilco-aster.fr\/blog-sejours-vacances\/files\/2017\/07\/img_0207-1-800x600.jpg 800w\" sizes=\"auto, (max-width: 3264px) 100vw, 3264px\" \/><\/a><\/p>\n","protected":false},"excerpt":{"rendered":"<p>Les activit\u00e9s de d\u00e9couverte se terminent et nous avons lanc\u00e9 les projets d&rsquo;animation issus d&rsquo;id\u00e9es des enfants. Il y a un projet cabane, une Rando de 3 jours, un projet autour du sport et un projet sur l&rsquo;organisation d&rsquo;une comp\u00e9tition de jeux autour de l&rsquo;eau.&nbsp;<\/p>\n","protected":false},"author":6,"featured_media":0,"comment_status":"open","ping_status":"closed","sticky":false,"template":"","format":"standard","meta":{"footnotes":""},"categories":[5],"tags":[],"class_list":["post-5100","post","type-post","status-publish","format-standard","hentry","category-sejours-6-11-ans"],"_links":{"self":[{"href":"https:\/\/www.voilco-aster.fr\/blog-sejours-vacances\/wp-json\/wp\/v2\/posts\/5100","targetHints":{"allow":["GET"]}}],"collection":[{"href":"https:\/\/www.voilco-aster.fr\/blog-sejours-vacances\/wp-json\/wp\/v2\/posts"}],"about":[{"href":"https:\/\/www.voilco-aster.fr\/blog-sejours-vacances\/wp-json\/wp\/v2\/types\/post"}],"author":[{"embeddable":true,"href":"https:\/\/www.voilco-aster.fr\/blog-sejours-vacances\/wp-json\/wp\/v2\/users\/6"}],"replies":[{"embeddable":true,"href":"https:\/\/www.voilco-aster.fr\/blog-sejours-vacances\/wp-json\/wp\/v2\/comments?post=5100"}],"version-history":[{"count":1,"href":"https:\/\/www.voilco-aster.fr\/blog-sejours-vacances\/wp-json\/wp\/v2\/posts\/5100\/revisions"}],"predecessor-version":[{"id":5101,"href":"https:\/\/www.voilco-aster.fr\/blog-sejours-vacances\/wp-json\/wp\/v2\/posts\/5100\/revisions\/5101"}],"wp:attachment":[{"href":"https:\/\/www.voilco-aster.fr\/blog-sejours-vacances\/wp-json\/wp\/v2\/media?parent=5100"}],"wp:term":[{"taxonomy":"category","embeddable":true,"href":"https:\/\/www.voilco-aster.fr\/blog-sejours-vacances\/wp-json\/wp\/v2\/categories?post=5100"},{"taxonomy":"post_tag","embeddable":true,"href":"https:\/\/www.voilco-aster.fr\/blog-sejours-vacances\/wp-json\/wp\/v2\/tags?post=5100"}],"curies":[{"name":"wp","href":"https:\/\/api.w.org\/{rel}","templated":true}]}}