{"id":5117,"date":"2017-07-19T00:14:11","date_gmt":"2017-07-18T23:14:11","guid":{"rendered":"http:\/\/www.voilco-aster.fr\/blog-sejours-vacances\/?p=5117"},"modified":"2017-07-19T00:15:17","modified_gmt":"2017-07-18T23:15:17","slug":"plein-de-photos-de-viam","status":"publish","type":"post","link":"https:\/\/www.voilco-aster.fr\/blog-sejours-vacances\/2017\/07\/19\/plein-de-photos-de-viam\/","title":{"rendered":"Plein de photos de Viam !"},"content":{"rendered":"<p>Le beau temps s&rsquo;est install\u00e9 \u00e0 Viam et les enfants en profitent pour manger dehors midi et soir !<\/p>\n<p>2 randonn\u00e9es sont parties 3 jours et 2 nuits pour d\u00e9couvrir la nature et vivre l&rsquo;aventure du camps sous tentes.&nbsp;<\/p>\n<p>Les activit\u00e9s voile et cano\u00eb-kayak, la baignade permettent de se rafra\u00eechir et de profiter du lac !<\/p>\n<p><a href=\"http:\/\/www.voilco-aster.fr\/blog-sejours-vacances\/files\/2017\/07\/img_5724-7.jpg\"><img loading=\"lazy\" decoding=\"async\" src=\"http:\/\/www.voilco-aster.fr\/blog-sejours-vacances\/files\/2017\/07\/img_5724-7.jpg\" alt=\"\" width=\"4032\" height=\"3024\" class=\"alignnone size-full wp-image-5124\" srcset=\"https:\/\/www.voilco-aster.fr\/blog-sejours-vacances\/files\/2017\/07\/img_5724-7.jpg 4032w, https:\/\/www.voilco-aster.fr\/blog-sejours-vacances\/files\/2017\/07\/img_5724-7-300x225.jpg 300w, https:\/\/www.voilco-aster.fr\/blog-sejours-vacances\/files\/2017\/07\/img_5724-7-768x576.jpg 768w, https:\/\/www.voilco-aster.fr\/blog-sejours-vacances\/files\/2017\/07\/img_5724-7-800x600.jpg 800w\" sizes=\"auto, (max-width: 4032px) 100vw, 4032px\" \/><\/a><br \/>\n<a href=\"http:\/\/www.voilco-aster.fr\/blog-sejours-vacances\/files\/2017\/07\/img_5725-3.jpg\"><img loading=\"lazy\" decoding=\"async\" src=\"http:\/\/www.voilco-aster.fr\/blog-sejours-vacances\/files\/2017\/07\/img_5725-3.jpg\" alt=\"\" width=\"4032\" height=\"3024\" class=\"alignnone size-full wp-image-5126\" srcset=\"https:\/\/www.voilco-aster.fr\/blog-sejours-vacances\/files\/2017\/07\/img_5725-3.jpg 4032w, https:\/\/www.voilco-aster.fr\/blog-sejours-vacances\/files\/2017\/07\/img_5725-3-300x225.jpg 300w, https:\/\/www.voilco-aster.fr\/blog-sejours-vacances\/files\/2017\/07\/img_5725-3-768x576.jpg 768w, https:\/\/www.voilco-aster.fr\/blog-sejours-vacances\/files\/2017\/07\/img_5725-3-800x600.jpg 800w\" sizes=\"auto, (max-width: 4032px) 100vw, 4032px\" \/><\/a><br \/>\n<a href=\"http:\/\/www.voilco-aster.fr\/blog-sejours-vacances\/files\/2017\/07\/img_5726-1.jpg\"><img loading=\"lazy\" decoding=\"async\" src=\"http:\/\/www.voilco-aster.fr\/blog-sejours-vacances\/files\/2017\/07\/img_5726-1.jpg\" alt=\"\" width=\"774\" height=\"1032\" class=\"alignnone size-full wp-image-5125\" srcset=\"https:\/\/www.voilco-aster.fr\/blog-sejours-vacances\/files\/2017\/07\/img_5726-1.jpg 774w, https:\/\/www.voilco-aster.fr\/blog-sejours-vacances\/files\/2017\/07\/img_5726-1-225x300.jpg 225w, https:\/\/www.voilco-aster.fr\/blog-sejours-vacances\/files\/2017\/07\/img_5726-1-768x1024.jpg 768w, https:\/\/www.voilco-aster.fr\/blog-sejours-vacances\/files\/2017\/07\/img_5726-1-600x800.jpg 600w\" sizes=\"auto, (max-width: 774px) 100vw, 774px\" \/><\/a><br \/>\n<a href=\"http:\/\/www.voilco-aster.fr\/blog-sejours-vacances\/files\/2017\/07\/img_5728-1.jpg\"><img loading=\"lazy\" decoding=\"async\" src=\"http:\/\/www.voilco-aster.fr\/blog-sejours-vacances\/files\/2017\/07\/img_5728-1.jpg\" alt=\"\" width=\"941\" height=\"706\" class=\"alignnone size-full wp-image-5128\" srcset=\"https:\/\/www.voilco-aster.fr\/blog-sejours-vacances\/files\/2017\/07\/img_5728-1.jpg 941w, https:\/\/www.voilco-aster.fr\/blog-sejours-vacances\/files\/2017\/07\/img_5728-1-300x225.jpg 300w, https:\/\/www.voilco-aster.fr\/blog-sejours-vacances\/files\/2017\/07\/img_5728-1-768x576.jpg 768w, https:\/\/www.voilco-aster.fr\/blog-sejours-vacances\/files\/2017\/07\/img_5728-1-800x600.jpg 800w\" sizes=\"auto, (max-width: 941px) 100vw, 941px\" \/><\/a><a href=\"http:\/\/www.voilco-aster.fr\/blog-sejours-vacances\/files\/2017\/07\/img_5727-1.jpg\"><img loading=\"lazy\" decoding=\"async\" src=\"http:\/\/www.voilco-aster.fr\/blog-sejours-vacances\/files\/2017\/07\/img_5727-1.jpg\" alt=\"\" width=\"774\" height=\"1032\" class=\"alignnone size-full wp-image-5127\" srcset=\"https:\/\/www.voilco-aster.fr\/blog-sejours-vacances\/files\/2017\/07\/img_5727-1.jpg 774w, https:\/\/www.voilco-aster.fr\/blog-sejours-vacances\/files\/2017\/07\/img_5727-1-225x300.jpg 225w, https:\/\/www.voilco-aster.fr\/blog-sejours-vacances\/files\/2017\/07\/img_5727-1-768x1024.jpg 768w, https:\/\/www.voilco-aster.fr\/blog-sejours-vacances\/files\/2017\/07\/img_5727-1-600x800.jpg 600w\" sizes=\"auto, (max-width: 774px) 100vw, 774px\" \/><\/a><br \/>\n<a href=\"http:\/\/www.voilco-aster.fr\/blog-sejours-vacances\/files\/2017\/07\/img_5732.jpg\"><img loading=\"lazy\" decoding=\"async\" src=\"http:\/\/www.voilco-aster.fr\/blog-sejours-vacances\/files\/2017\/07\/img_5732.jpg\" alt=\"\" width=\"240\" height=\"320\" class=\"alignnone size-full wp-image-5130\" srcset=\"https:\/\/www.voilco-aster.fr\/blog-sejours-vacances\/files\/2017\/07\/img_5732.jpg 240w, https:\/\/www.voilco-aster.fr\/blog-sejours-vacances\/files\/2017\/07\/img_5732-225x300.jpg 225w\" sizes=\"auto, (max-width: 240px) 100vw, 240px\" \/><\/a><a href=\"http:\/\/www.voilco-aster.fr\/blog-sejours-vacances\/files\/2017\/07\/img_5731.jpg\"><img loading=\"lazy\" decoding=\"async\" src=\"http:\/\/www.voilco-aster.fr\/blog-sejours-vacances\/files\/2017\/07\/img_5731.jpg\" alt=\"\" width=\"240\" height=\"320\" class=\"alignnone size-full wp-image-5129\" srcset=\"https:\/\/www.voilco-aster.fr\/blog-sejours-vacances\/files\/2017\/07\/img_5731.jpg 240w, https:\/\/www.voilco-aster.fr\/blog-sejours-vacances\/files\/2017\/07\/img_5731-225x300.jpg 225w\" sizes=\"auto, (max-width: 240px) 100vw, 240px\" \/><\/a><a href=\"http:\/\/www.voilco-aster.fr\/blog-sejours-vacances\/files\/2017\/07\/img_5730.jpg\"><img loading=\"lazy\" decoding=\"async\" src=\"http:\/\/www.voilco-aster.fr\/blog-sejours-vacances\/files\/2017\/07\/img_5730.jpg\" alt=\"\" width=\"240\" height=\"320\" class=\"alignnone size-full wp-image-5131\" srcset=\"https:\/\/www.voilco-aster.fr\/blog-sejours-vacances\/files\/2017\/07\/img_5730.jpg 240w, https:\/\/www.voilco-aster.fr\/blog-sejours-vacances\/files\/2017\/07\/img_5730-225x300.jpg 225w\" sizes=\"auto, (max-width: 240px) 100vw, 240px\" \/><\/a><a href=\"http:\/\/www.voilco-aster.fr\/blog-sejours-vacances\/files\/2017\/07\/img_5729-1.jpg\"><img loading=\"lazy\" decoding=\"async\" src=\"http:\/\/www.voilco-aster.fr\/blog-sejours-vacances\/files\/2017\/07\/img_5729-1.jpg\" alt=\"\" width=\"320\" height=\"240\" class=\"alignnone size-full wp-image-5132\" srcset=\"https:\/\/www.voilco-aster.fr\/blog-sejours-vacances\/files\/2017\/07\/img_5729-1.jpg 320w, https:\/\/www.voilco-aster.fr\/blog-sejours-vacances\/files\/2017\/07\/img_5729-1-300x225.jpg 300w\" sizes=\"auto, (max-width: 320px) 100vw, 320px\" \/><\/a><br \/>\n<a href=\"http:\/\/www.voilco-aster.fr\/blog-sejours-vacances\/files\/2017\/07\/img_5740.jpg\"><img loading=\"lazy\" decoding=\"async\" src=\"http:\/\/www.voilco-aster.fr\/blog-sejours-vacances\/files\/2017\/07\/img_5740.jpg\" alt=\"\" width=\"240\" height=\"320\" class=\"alignnone size-full wp-image-5134\" srcset=\"https:\/\/www.voilco-aster.fr\/blog-sejours-vacances\/files\/2017\/07\/img_5740.jpg 240w, https:\/\/www.voilco-aster.fr\/blog-sejours-vacances\/files\/2017\/07\/img_5740-225x300.jpg 225w\" sizes=\"auto, (max-width: 240px) 100vw, 240px\" \/><\/a><a href=\"http:\/\/www.voilco-aster.fr\/blog-sejours-vacances\/files\/2017\/07\/img_5739.jpg\"><img loading=\"lazy\" decoding=\"async\" src=\"http:\/\/www.voilco-aster.fr\/blog-sejours-vacances\/files\/2017\/07\/img_5739.jpg\" alt=\"\" width=\"320\" height=\"240\" class=\"alignnone size-full wp-image-5139\" srcset=\"https:\/\/www.voilco-aster.fr\/blog-sejours-vacances\/files\/2017\/07\/img_5739.jpg 320w, https:\/\/www.voilco-aster.fr\/blog-sejours-vacances\/files\/2017\/07\/img_5739-300x225.jpg 300w\" sizes=\"auto, (max-width: 320px) 100vw, 320px\" \/><\/a><a href=\"http:\/\/www.voilco-aster.fr\/blog-sejours-vacances\/files\/2017\/07\/img_5738.jpg\"><img loading=\"lazy\" decoding=\"async\" src=\"http:\/\/www.voilco-aster.fr\/blog-sejours-vacances\/files\/2017\/07\/img_5738.jpg\" alt=\"\" width=\"240\" height=\"320\" class=\"alignnone size-full wp-image-5136\" srcset=\"https:\/\/www.voilco-aster.fr\/blog-sejours-vacances\/files\/2017\/07\/img_5738.jpg 240w, https:\/\/www.voilco-aster.fr\/blog-sejours-vacances\/files\/2017\/07\/img_5738-225x300.jpg 225w\" sizes=\"auto, (max-width: 240px) 100vw, 240px\" \/><\/a><a href=\"http:\/\/www.voilco-aster.fr\/blog-sejours-vacances\/files\/2017\/07\/img_5737.jpg\"><img loading=\"lazy\" decoding=\"async\" src=\"http:\/\/www.voilco-aster.fr\/blog-sejours-vacances\/files\/2017\/07\/img_5737.jpg\" alt=\"\" width=\"320\" height=\"240\" class=\"alignnone size-full wp-image-5133\" srcset=\"https:\/\/www.voilco-aster.fr\/blog-sejours-vacances\/files\/2017\/07\/img_5737.jpg 320w, https:\/\/www.voilco-aster.fr\/blog-sejours-vacances\/files\/2017\/07\/img_5737-300x225.jpg 300w\" sizes=\"auto, (max-width: 320px) 100vw, 320px\" \/><\/a><a href=\"http:\/\/www.voilco-aster.fr\/blog-sejours-vacances\/files\/2017\/07\/img_5736.jpg\"><img loading=\"lazy\" decoding=\"async\" src=\"http:\/\/www.voilco-aster.fr\/blog-sejours-vacances\/files\/2017\/07\/img_5736.jpg\" alt=\"\" width=\"320\" height=\"240\" class=\"alignnone size-full wp-image-5135\" srcset=\"https:\/\/www.voilco-aster.fr\/blog-sejours-vacances\/files\/2017\/07\/img_5736.jpg 320w, https:\/\/www.voilco-aster.fr\/blog-sejours-vacances\/files\/2017\/07\/img_5736-300x225.jpg 300w\" sizes=\"auto, (max-width: 320px) 100vw, 320px\" \/><\/a><a href=\"http:\/\/www.voilco-aster.fr\/blog-sejours-vacances\/files\/2017\/07\/img_5735.jpg\"><img loading=\"lazy\" decoding=\"async\" src=\"http:\/\/www.voilco-aster.fr\/blog-sejours-vacances\/files\/2017\/07\/img_5735.jpg\" alt=\"\" width=\"320\" height=\"240\" class=\"alignnone size-full wp-image-5137\" srcset=\"https:\/\/www.voilco-aster.fr\/blog-sejours-vacances\/files\/2017\/07\/img_5735.jpg 320w, https:\/\/www.voilco-aster.fr\/blog-sejours-vacances\/files\/2017\/07\/img_5735-300x225.jpg 300w\" sizes=\"auto, (max-width: 320px) 100vw, 320px\" \/><\/a><a href=\"http:\/\/www.voilco-aster.fr\/blog-sejours-vacances\/files\/2017\/07\/img_5734.jpg\"><img loading=\"lazy\" decoding=\"async\" src=\"http:\/\/www.voilco-aster.fr\/blog-sejours-vacances\/files\/2017\/07\/img_5734.jpg\" alt=\"\" width=\"320\" height=\"240\" class=\"alignnone size-full wp-image-5138\" srcset=\"https:\/\/www.voilco-aster.fr\/blog-sejours-vacances\/files\/2017\/07\/img_5734.jpg 320w, https:\/\/www.voilco-aster.fr\/blog-sejours-vacances\/files\/2017\/07\/img_5734-300x225.jpg 300w\" sizes=\"auto, (max-width: 320px) 100vw, 320px\" \/><\/a><a href=\"http:\/\/www.voilco-aster.fr\/blog-sejours-vacances\/files\/2017\/07\/img_5733.jpg\"><img loading=\"lazy\" decoding=\"async\" src=\"http:\/\/www.voilco-aster.fr\/blog-sejours-vacances\/files\/2017\/07\/img_5733.jpg\" alt=\"\" width=\"240\" height=\"320\" class=\"alignnone size-full wp-image-5140\" srcset=\"https:\/\/www.voilco-aster.fr\/blog-sejours-vacances\/files\/2017\/07\/img_5733.jpg 240w, https:\/\/www.voilco-aster.fr\/blog-sejours-vacances\/files\/2017\/07\/img_5733-225x300.jpg 225w\" sizes=\"auto, (max-width: 240px) 100vw, 240px\" \/><\/a><\/p>\n","protected":false},"excerpt":{"rendered":"<p>Le beau temps s&rsquo;est install\u00e9 \u00e0 Viam et les enfants en profitent pour manger dehors midi et soir ! 2 randonn\u00e9es sont parties 3 jours et 2 nuits pour d\u00e9couvrir la nature et vivre l&rsquo;aventure du camps sous tentes.&nbsp; Les activit\u00e9s voile et cano\u00eb-kayak, la baignade permettent de se rafra\u00eechir et de profiter du lac &hellip; <a href=\"https:\/\/www.voilco-aster.fr\/blog-sejours-vacances\/2017\/07\/19\/plein-de-photos-de-viam\/\" class=\"more-link\">Continuer la lecture de <span class=\"screen-reader-text\">Plein de photos de Viam !<\/span><\/a><\/p>\n","protected":false},"author":1,"featured_media":0,"comment_status":"open","ping_status":"closed","sticky":false,"template":"","format":"standard","meta":{"footnotes":""},"categories":[1],"tags":[],"class_list":["post-5117","post","type-post","status-publish","format-standard","hentry","category-sejours-ete"],"_links":{"self":[{"href":"https:\/\/www.voilco-aster.fr\/blog-sejours-vacances\/wp-json\/wp\/v2\/posts\/5117","targetHints":{"allow":["GET"]}}],"collection":[{"href":"https:\/\/www.voilco-aster.fr\/blog-sejours-vacances\/wp-json\/wp\/v2\/posts"}],"about":[{"href":"https:\/\/www.voilco-aster.fr\/blog-sejours-vacances\/wp-json\/wp\/v2\/types\/post"}],"author":[{"embeddable":true,"href":"https:\/\/www.voilco-aster.fr\/blog-sejours-vacances\/wp-json\/wp\/v2\/users\/1"}],"replies":[{"embeddable":true,"href":"https:\/\/www.voilco-aster.fr\/blog-sejours-vacances\/wp-json\/wp\/v2\/comments?post=5117"}],"version-history":[{"count":2,"href":"https:\/\/www.voilco-aster.fr\/blog-sejours-vacances\/wp-json\/wp\/v2\/posts\/5117\/revisions"}],"predecessor-version":[{"id":5141,"href":"https:\/\/www.voilco-aster.fr\/blog-sejours-vacances\/wp-json\/wp\/v2\/posts\/5117\/revisions\/5141"}],"wp:attachment":[{"href":"https:\/\/www.voilco-aster.fr\/blog-sejours-vacances\/wp-json\/wp\/v2\/media?parent=5117"}],"wp:term":[{"taxonomy":"category","embeddable":true,"href":"https:\/\/www.voilco-aster.fr\/blog-sejours-vacances\/wp-json\/wp\/v2\/categories?post=5117"},{"taxonomy":"post_tag","embeddable":true,"href":"https:\/\/www.voilco-aster.fr\/blog-sejours-vacances\/wp-json\/wp\/v2\/tags?post=5117"}],"curies":[{"name":"wp","href":"https:\/\/api.w.org\/{rel}","templated":true}]}}