{"id":5147,"date":"2017-07-19T10:05:40","date_gmt":"2017-07-19T09:05:40","guid":{"rendered":"http:\/\/www.voilco-aster.fr\/blog-sejours-vacances\/?p=5147"},"modified":"2017-07-19T10:05:40","modified_gmt":"2017-07-19T09:05:40","slug":"et-encore-quelques-photos-de-st-priest","status":"publish","type":"post","link":"https:\/\/www.voilco-aster.fr\/blog-sejours-vacances\/2017\/07\/19\/et-encore-quelques-photos-de-st-priest\/","title":{"rendered":"Et encore quelques photos de St Priest!"},"content":{"rendered":"<p>Par de belles journ\u00e9es ensoleill\u00e9es, la situation du centre, dans un sous-bois, au pied d&rsquo;un \u00e9tang de 26 ha, est id\u00e9ale \u00e0 la pratique de nombreuses activit\u00e9s. Et les enfants ne s&rsquo;en privent pas! Quoi de mieux qu&rsquo;une petite balade sur l&rsquo;eau ou un jeu collectif \u00e0 l&rsquo;ombre des arbres&#8230;Mais les enfants sont mis aussi \u00e0 contribution pour la confection des repas&#8230;Je vous rassure, c&rsquo;est loin d&rsquo;\u00eatre une corv\u00e9e! A tr\u00e8s bient\u00f4t avec de nouvelles photos.<\/p>\n<p>&nbsp;<\/p>\n<div id='gallery-1' class='gallery galleryid-5147 gallery-columns-1 gallery-size-large'><figure class='gallery-item'>\n\t\t\t<div class='gallery-icon landscape'>\n\t\t\t\t<a href='https:\/\/www.voilco-aster.fr\/blog-sejours-vacances\/2017\/07\/19\/et-encore-quelques-photos-de-st-priest\/img_0199\/'><img loading=\"lazy\" decoding=\"async\" width=\"660\" height=\"495\" src=\"https:\/\/www.voilco-aster.fr\/blog-sejours-vacances\/files\/2017\/07\/IMG_0199-800x600.jpg\" class=\"attachment-large size-large\" alt=\"\" srcset=\"https:\/\/www.voilco-aster.fr\/blog-sejours-vacances\/files\/2017\/07\/IMG_0199-800x600.jpg 800w, https:\/\/www.voilco-aster.fr\/blog-sejours-vacances\/files\/2017\/07\/IMG_0199-300x225.jpg 300w, https:\/\/www.voilco-aster.fr\/blog-sejours-vacances\/files\/2017\/07\/IMG_0199-768x576.jpg 768w\" sizes=\"auto, (max-width: 660px) 100vw, 660px\" \/><\/a>\n\t\t\t<\/div><\/figure><figure class='gallery-item'>\n\t\t\t<div class='gallery-icon landscape'>\n\t\t\t\t<a href='https:\/\/www.voilco-aster.fr\/blog-sejours-vacances\/2017\/07\/19\/et-encore-quelques-photos-de-st-priest\/img_0206\/'><img loading=\"lazy\" decoding=\"async\" width=\"660\" height=\"495\" src=\"https:\/\/www.voilco-aster.fr\/blog-sejours-vacances\/files\/2017\/07\/IMG_0206-800x600.jpg\" class=\"attachment-large size-large\" alt=\"\" srcset=\"https:\/\/www.voilco-aster.fr\/blog-sejours-vacances\/files\/2017\/07\/IMG_0206-800x600.jpg 800w, https:\/\/www.voilco-aster.fr\/blog-sejours-vacances\/files\/2017\/07\/IMG_0206-300x225.jpg 300w, https:\/\/www.voilco-aster.fr\/blog-sejours-vacances\/files\/2017\/07\/IMG_0206-768x576.jpg 768w\" sizes=\"auto, (max-width: 660px) 100vw, 660px\" \/><\/a>\n\t\t\t<\/div><\/figure><figure class='gallery-item'>\n\t\t\t<div class='gallery-icon landscape'>\n\t\t\t\t<a href='https:\/\/www.voilco-aster.fr\/blog-sejours-vacances\/2017\/07\/19\/et-encore-quelques-photos-de-st-priest\/img_0258-4\/'><img loading=\"lazy\" decoding=\"async\" width=\"660\" height=\"495\" src=\"https:\/\/www.voilco-aster.fr\/blog-sejours-vacances\/files\/2017\/07\/IMG_0258-1-800x600.jpg\" class=\"attachment-large size-large\" alt=\"\" srcset=\"https:\/\/www.voilco-aster.fr\/blog-sejours-vacances\/files\/2017\/07\/IMG_0258-1-800x600.jpg 800w, https:\/\/www.voilco-aster.fr\/blog-sejours-vacances\/files\/2017\/07\/IMG_0258-1-300x225.jpg 300w, https:\/\/www.voilco-aster.fr\/blog-sejours-vacances\/files\/2017\/07\/IMG_0258-1-768x576.jpg 768w\" sizes=\"auto, (max-width: 660px) 100vw, 660px\" \/><\/a>\n\t\t\t<\/div><\/figure><figure class='gallery-item'>\n\t\t\t<div class='gallery-icon landscape'>\n\t\t\t\t<a href='https:\/\/www.voilco-aster.fr\/blog-sejours-vacances\/2017\/07\/19\/et-encore-quelques-photos-de-st-priest\/img_0289\/'><img loading=\"lazy\" decoding=\"async\" width=\"660\" height=\"495\" src=\"https:\/\/www.voilco-aster.fr\/blog-sejours-vacances\/files\/2017\/07\/IMG_0289-800x600.jpg\" class=\"attachment-large size-large\" alt=\"\" srcset=\"https:\/\/www.voilco-aster.fr\/blog-sejours-vacances\/files\/2017\/07\/IMG_0289-800x600.jpg 800w, https:\/\/www.voilco-aster.fr\/blog-sejours-vacances\/files\/2017\/07\/IMG_0289-300x225.jpg 300w, https:\/\/www.voilco-aster.fr\/blog-sejours-vacances\/files\/2017\/07\/IMG_0289-768x576.jpg 768w\" sizes=\"auto, (max-width: 660px) 100vw, 660px\" \/><\/a>\n\t\t\t<\/div><\/figure><figure class='gallery-item'>\n\t\t\t<div class='gallery-icon portrait'>\n\t\t\t\t<a href='https:\/\/www.voilco-aster.fr\/blog-sejours-vacances\/2017\/07\/19\/et-encore-quelques-photos-de-st-priest\/img_0202-2\/'><img loading=\"lazy\" decoding=\"async\" width=\"600\" height=\"800\" src=\"https:\/\/www.voilco-aster.fr\/blog-sejours-vacances\/files\/2017\/07\/IMG_0202-1-600x800.jpg\" class=\"attachment-large size-large\" alt=\"\" srcset=\"https:\/\/www.voilco-aster.fr\/blog-sejours-vacances\/files\/2017\/07\/IMG_0202-1-600x800.jpg 600w, https:\/\/www.voilco-aster.fr\/blog-sejours-vacances\/files\/2017\/07\/IMG_0202-1-225x300.jpg 225w, https:\/\/www.voilco-aster.fr\/blog-sejours-vacances\/files\/2017\/07\/IMG_0202-1-768x1024.jpg 768w\" sizes=\"auto, (max-width: 600px) 100vw, 600px\" \/><\/a>\n\t\t\t<\/div><\/figure>\n\t\t<\/div>\n\n","protected":false},"excerpt":{"rendered":"<p>Par de belles journ\u00e9es ensoleill\u00e9es, la situation du centre, dans un sous-bois, au pied d&rsquo;un \u00e9tang de 26 ha, est id\u00e9ale \u00e0 la pratique de nombreuses activit\u00e9s. Et les enfants ne s&rsquo;en privent pas! Quoi de mieux qu&rsquo;une petite balade sur l&rsquo;eau ou un jeu collectif \u00e0 l&rsquo;ombre des arbres&#8230;Mais les enfants sont mis aussi &hellip; <a href=\"https:\/\/www.voilco-aster.fr\/blog-sejours-vacances\/2017\/07\/19\/et-encore-quelques-photos-de-st-priest\/\" class=\"more-link\">Continuer la lecture de <span class=\"screen-reader-text\">Et encore quelques photos de St Priest!<\/span><\/a><\/p>\n","protected":false},"author":3,"featured_media":0,"comment_status":"open","ping_status":"closed","sticky":false,"template":"","format":"standard","meta":{"footnotes":""},"categories":[1],"tags":[],"class_list":["post-5147","post","type-post","status-publish","format-standard","hentry","category-sejours-ete"],"_links":{"self":[{"href":"https:\/\/www.voilco-aster.fr\/blog-sejours-vacances\/wp-json\/wp\/v2\/posts\/5147","targetHints":{"allow":["GET"]}}],"collection":[{"href":"https:\/\/www.voilco-aster.fr\/blog-sejours-vacances\/wp-json\/wp\/v2\/posts"}],"about":[{"href":"https:\/\/www.voilco-aster.fr\/blog-sejours-vacances\/wp-json\/wp\/v2\/types\/post"}],"author":[{"embeddable":true,"href":"https:\/\/www.voilco-aster.fr\/blog-sejours-vacances\/wp-json\/wp\/v2\/users\/3"}],"replies":[{"embeddable":true,"href":"https:\/\/www.voilco-aster.fr\/blog-sejours-vacances\/wp-json\/wp\/v2\/comments?post=5147"}],"version-history":[{"count":3,"href":"https:\/\/www.voilco-aster.fr\/blog-sejours-vacances\/wp-json\/wp\/v2\/posts\/5147\/revisions"}],"predecessor-version":[{"id":5156,"href":"https:\/\/www.voilco-aster.fr\/blog-sejours-vacances\/wp-json\/wp\/v2\/posts\/5147\/revisions\/5156"}],"wp:attachment":[{"href":"https:\/\/www.voilco-aster.fr\/blog-sejours-vacances\/wp-json\/wp\/v2\/media?parent=5147"}],"wp:term":[{"taxonomy":"category","embeddable":true,"href":"https:\/\/www.voilco-aster.fr\/blog-sejours-vacances\/wp-json\/wp\/v2\/categories?post=5147"},{"taxonomy":"post_tag","embeddable":true,"href":"https:\/\/www.voilco-aster.fr\/blog-sejours-vacances\/wp-json\/wp\/v2\/tags?post=5147"}],"curies":[{"name":"wp","href":"https:\/\/api.w.org\/{rel}","templated":true}]}}