{"id":5212,"date":"2017-07-21T14:20:53","date_gmt":"2017-07-21T13:20:53","guid":{"rendered":"http:\/\/www.voilco-aster.fr\/blog-sejours-vacances\/?p=5212"},"modified":"2017-08-01T22:18:47","modified_gmt":"2017-08-01T21:18:47","slug":"quelques-photos-de-notre-presquile-de-viam","status":"publish","type":"post","link":"https:\/\/www.voilco-aster.fr\/blog-sejours-vacances\/2017\/07\/21\/quelques-photos-de-notre-presquile-de-viam\/","title":{"rendered":"Quelques photos de notre presqu&rsquo;\u00eele de Viam!"},"content":{"rendered":"<p>Bonjour \u00e0 tous,<\/p>\n<p>Et voici quelques photos de l&rsquo;h\u00e9bergement sur notre belle presqu&rsquo;\u00eele situ\u00e9e \u00ab\u00a0Puy Gaillau\u00a0\u00bb sur la petite commune de Viam, en Haute-Corr\u00e8ze, car il faut rappeler que ce projet est nouveau, le mat\u00e9riel achet\u00e9 cette ann\u00e9e et l&rsquo;am\u00e9nagement effectu\u00e9 sur plusieurs mois par les b\u00e9n\u00e9voles de l&rsquo;association. Je vous laisse admirer le r\u00e9sultat! Nous avons m\u00eame une yourte&#8230;<\/p>\n<div id='gallery-1' class='gallery galleryid-5212 gallery-columns-1 gallery-size-large'><figure class='gallery-item'>\n\t\t\t<div class='gallery-icon landscape'>\n\t\t\t\t<a href='https:\/\/www.voilco-aster.fr\/blog-sejours-vacances\/2017\/07\/21\/quelques-photos-de-notre-presquile-de-viam\/img_1418\/'><img loading=\"lazy\" decoding=\"async\" width=\"660\" height=\"495\" src=\"https:\/\/www.voilco-aster.fr\/blog-sejours-vacances\/files\/2017\/07\/IMG_1418-800x600.jpg\" class=\"attachment-large size-large\" alt=\"\" srcset=\"https:\/\/www.voilco-aster.fr\/blog-sejours-vacances\/files\/2017\/07\/IMG_1418-800x600.jpg 800w, https:\/\/www.voilco-aster.fr\/blog-sejours-vacances\/files\/2017\/07\/IMG_1418-300x225.jpg 300w, https:\/\/www.voilco-aster.fr\/blog-sejours-vacances\/files\/2017\/07\/IMG_1418-768x576.jpg 768w\" sizes=\"auto, (max-width: 660px) 100vw, 660px\" \/><\/a>\n\t\t\t<\/div><\/figure><figure class='gallery-item'>\n\t\t\t<div class='gallery-icon landscape'>\n\t\t\t\t<a href='https:\/\/www.voilco-aster.fr\/blog-sejours-vacances\/2017\/07\/21\/quelques-photos-de-notre-presquile-de-viam\/tentes-couchage-2\/'><img loading=\"lazy\" decoding=\"async\" width=\"660\" height=\"495\" src=\"https:\/\/www.voilco-aster.fr\/blog-sejours-vacances\/files\/2017\/07\/Tentes-couchage-2-800x600.jpg\" class=\"attachment-large size-large\" alt=\"\" srcset=\"https:\/\/www.voilco-aster.fr\/blog-sejours-vacances\/files\/2017\/07\/Tentes-couchage-2-800x600.jpg 800w, https:\/\/www.voilco-aster.fr\/blog-sejours-vacances\/files\/2017\/07\/Tentes-couchage-2-300x225.jpg 300w, https:\/\/www.voilco-aster.fr\/blog-sejours-vacances\/files\/2017\/07\/Tentes-couchage-2-768x576.jpg 768w\" sizes=\"auto, (max-width: 660px) 100vw, 660px\" \/><\/a>\n\t\t\t<\/div><\/figure><figure class='gallery-item'>\n\t\t\t<div class='gallery-icon landscape'>\n\t\t\t\t<a href='https:\/\/www.voilco-aster.fr\/blog-sejours-vacances\/2017\/07\/21\/quelques-photos-de-notre-presquile-de-viam\/tentes-couchage-8\/'><img loading=\"lazy\" decoding=\"async\" width=\"660\" height=\"495\" src=\"https:\/\/www.voilco-aster.fr\/blog-sejours-vacances\/files\/2017\/07\/Tentes-couchage-8-800x600.jpg\" class=\"attachment-large size-large\" alt=\"\" srcset=\"https:\/\/www.voilco-aster.fr\/blog-sejours-vacances\/files\/2017\/07\/Tentes-couchage-8-800x600.jpg 800w, https:\/\/www.voilco-aster.fr\/blog-sejours-vacances\/files\/2017\/07\/Tentes-couchage-8-300x225.jpg 300w, https:\/\/www.voilco-aster.fr\/blog-sejours-vacances\/files\/2017\/07\/Tentes-couchage-8-768x576.jpg 768w\" sizes=\"auto, (max-width: 660px) 100vw, 660px\" \/><\/a>\n\t\t\t<\/div><\/figure><figure class='gallery-item'>\n\t\t\t<div class='gallery-icon landscape'>\n\t\t\t\t<a href='https:\/\/www.voilco-aster.fr\/blog-sejours-vacances\/2017\/07\/21\/quelques-photos-de-notre-presquile-de-viam\/tentes-couchage\/'><img loading=\"lazy\" decoding=\"async\" width=\"660\" height=\"495\" src=\"https:\/\/www.voilco-aster.fr\/blog-sejours-vacances\/files\/2017\/07\/Tentes-couchage-800x600.jpg\" class=\"attachment-large size-large\" alt=\"\" srcset=\"https:\/\/www.voilco-aster.fr\/blog-sejours-vacances\/files\/2017\/07\/Tentes-couchage-800x600.jpg 800w, https:\/\/www.voilco-aster.fr\/blog-sejours-vacances\/files\/2017\/07\/Tentes-couchage-300x225.jpg 300w, https:\/\/www.voilco-aster.fr\/blog-sejours-vacances\/files\/2017\/07\/Tentes-couchage-768x576.jpg 768w\" sizes=\"auto, (max-width: 660px) 100vw, 660px\" \/><\/a>\n\t\t\t<\/div><\/figure><figure class='gallery-item'>\n\t\t\t<div class='gallery-icon landscape'>\n\t\t\t\t<a href='https:\/\/www.voilco-aster.fr\/blog-sejours-vacances\/2017\/07\/21\/quelques-photos-de-notre-presquile-de-viam\/tente-refectoire-et-cuisine\/'><img loading=\"lazy\" decoding=\"async\" width=\"660\" height=\"495\" src=\"https:\/\/www.voilco-aster.fr\/blog-sejours-vacances\/files\/2017\/07\/Tente-r\u00e9fectoire-et-cuisine-800x600.jpg\" class=\"attachment-large size-large\" alt=\"\" srcset=\"https:\/\/www.voilco-aster.fr\/blog-sejours-vacances\/files\/2017\/07\/Tente-r\u00e9fectoire-et-cuisine-800x600.jpg 800w, https:\/\/www.voilco-aster.fr\/blog-sejours-vacances\/files\/2017\/07\/Tente-r\u00e9fectoire-et-cuisine-300x225.jpg 300w, https:\/\/www.voilco-aster.fr\/blog-sejours-vacances\/files\/2017\/07\/Tente-r\u00e9fectoire-et-cuisine-768x576.jpg 768w\" sizes=\"auto, (max-width: 660px) 100vw, 660px\" \/><\/a>\n\t\t\t<\/div><\/figure><figure class='gallery-item'>\n\t\t\t<div class='gallery-icon landscape'>\n\t\t\t\t<a href='https:\/\/www.voilco-aster.fr\/blog-sejours-vacances\/2017\/07\/21\/quelques-photos-de-notre-presquile-de-viam\/tente-refectoire-interieur\/'><img loading=\"lazy\" decoding=\"async\" width=\"660\" height=\"495\" src=\"https:\/\/www.voilco-aster.fr\/blog-sejours-vacances\/files\/2017\/07\/Tente-r\u00e9fectoire-int\u00e9rieur-800x600.jpg\" class=\"attachment-large size-large\" alt=\"\" srcset=\"https:\/\/www.voilco-aster.fr\/blog-sejours-vacances\/files\/2017\/07\/Tente-r\u00e9fectoire-int\u00e9rieur-800x600.jpg 800w, https:\/\/www.voilco-aster.fr\/blog-sejours-vacances\/files\/2017\/07\/Tente-r\u00e9fectoire-int\u00e9rieur-300x225.jpg 300w, https:\/\/www.voilco-aster.fr\/blog-sejours-vacances\/files\/2017\/07\/Tente-r\u00e9fectoire-int\u00e9rieur-768x576.jpg 768w\" sizes=\"auto, (max-width: 660px) 100vw, 660px\" \/><\/a>\n\t\t\t<\/div><\/figure><figure class='gallery-item'>\n\t\t\t<div class='gallery-icon landscape'>\n\t\t\t\t<a href='https:\/\/www.voilco-aster.fr\/blog-sejours-vacances\/2017\/07\/21\/quelques-photos-de-notre-presquile-de-viam\/tente-refectoire\/'><img loading=\"lazy\" decoding=\"async\" width=\"660\" height=\"495\" src=\"https:\/\/www.voilco-aster.fr\/blog-sejours-vacances\/files\/2017\/07\/Tente-r\u00e9fectoire-800x600.jpg\" class=\"attachment-large size-large\" alt=\"\" srcset=\"https:\/\/www.voilco-aster.fr\/blog-sejours-vacances\/files\/2017\/07\/Tente-r\u00e9fectoire-800x600.jpg 800w, https:\/\/www.voilco-aster.fr\/blog-sejours-vacances\/files\/2017\/07\/Tente-r\u00e9fectoire-300x225.jpg 300w, https:\/\/www.voilco-aster.fr\/blog-sejours-vacances\/files\/2017\/07\/Tente-r\u00e9fectoire-768x576.jpg 768w\" sizes=\"auto, (max-width: 660px) 100vw, 660px\" \/><\/a>\n\t\t\t<\/div><\/figure><figure class='gallery-item'>\n\t\t\t<div class='gallery-icon landscape'>\n\t\t\t\t<a href='https:\/\/www.voilco-aster.fr\/blog-sejours-vacances\/2017\/07\/21\/quelques-photos-de-notre-presquile-de-viam\/yourte\/'><img loading=\"lazy\" decoding=\"async\" width=\"660\" height=\"495\" src=\"https:\/\/www.voilco-aster.fr\/blog-sejours-vacances\/files\/2017\/07\/Yourte-800x600.jpg\" class=\"attachment-large size-large\" alt=\"\" srcset=\"https:\/\/www.voilco-aster.fr\/blog-sejours-vacances\/files\/2017\/07\/Yourte-800x600.jpg 800w, https:\/\/www.voilco-aster.fr\/blog-sejours-vacances\/files\/2017\/07\/Yourte-300x225.jpg 300w, https:\/\/www.voilco-aster.fr\/blog-sejours-vacances\/files\/2017\/07\/Yourte-768x576.jpg 768w\" sizes=\"auto, (max-width: 660px) 100vw, 660px\" \/><\/a>\n\t\t\t<\/div><\/figure><figure class='gallery-item'>\n\t\t\t<div class='gallery-icon portrait'>\n\t\t\t\t<a href='https:\/\/www.voilco-aster.fr\/blog-sejours-vacances\/2017\/07\/21\/quelques-photos-de-notre-presquile-de-viam\/vue-centrale\/'><img loading=\"lazy\" decoding=\"async\" width=\"600\" height=\"800\" src=\"https:\/\/www.voilco-aster.fr\/blog-sejours-vacances\/files\/2017\/07\/Vue-centrale-e1501622292554-600x800.jpg\" class=\"attachment-large size-large\" alt=\"\" srcset=\"https:\/\/www.voilco-aster.fr\/blog-sejours-vacances\/files\/2017\/07\/Vue-centrale-e1501622292554-600x800.jpg 600w, https:\/\/www.voilco-aster.fr\/blog-sejours-vacances\/files\/2017\/07\/Vue-centrale-e1501622292554-225x300.jpg 225w, https:\/\/www.voilco-aster.fr\/blog-sejours-vacances\/files\/2017\/07\/Vue-centrale-e1501622292554-768x1024.jpg 768w\" sizes=\"auto, (max-width: 600px) 100vw, 600px\" \/><\/a>\n\t\t\t<\/div><\/figure><figure class='gallery-item'>\n\t\t\t<div class='gallery-icon landscape'>\n\t\t\t\t<a href='https:\/\/www.voilco-aster.fr\/blog-sejours-vacances\/2017\/07\/21\/quelques-photos-de-notre-presquile-de-viam\/interieur-yourte-2\/'><img loading=\"lazy\" decoding=\"async\" width=\"660\" height=\"495\" src=\"https:\/\/www.voilco-aster.fr\/blog-sejours-vacances\/files\/2017\/07\/Int\u00e9rieur-yourte-2-800x600.jpg\" class=\"attachment-large size-large\" alt=\"\" srcset=\"https:\/\/www.voilco-aster.fr\/blog-sejours-vacances\/files\/2017\/07\/Int\u00e9rieur-yourte-2-800x600.jpg 800w, https:\/\/www.voilco-aster.fr\/blog-sejours-vacances\/files\/2017\/07\/Int\u00e9rieur-yourte-2-300x225.jpg 300w, https:\/\/www.voilco-aster.fr\/blog-sejours-vacances\/files\/2017\/07\/Int\u00e9rieur-yourte-2-768x576.jpg 768w\" sizes=\"auto, (max-width: 660px) 100vw, 660px\" \/><\/a>\n\t\t\t<\/div><\/figure><figure class='gallery-item'>\n\t\t\t<div class='gallery-icon portrait'>\n\t\t\t\t<a href='https:\/\/www.voilco-aster.fr\/blog-sejours-vacances\/2017\/07\/21\/quelques-photos-de-notre-presquile-de-viam\/yourte-2\/'><img loading=\"lazy\" decoding=\"async\" width=\"600\" height=\"800\" src=\"https:\/\/www.voilco-aster.fr\/blog-sejours-vacances\/files\/2017\/07\/Yourte-2-e1501622313270-600x800.jpg\" class=\"attachment-large size-large\" alt=\"\" srcset=\"https:\/\/www.voilco-aster.fr\/blog-sejours-vacances\/files\/2017\/07\/Yourte-2-e1501622313270-600x800.jpg 600w, https:\/\/www.voilco-aster.fr\/blog-sejours-vacances\/files\/2017\/07\/Yourte-2-e1501622313270-225x300.jpg 225w, https:\/\/www.voilco-aster.fr\/blog-sejours-vacances\/files\/2017\/07\/Yourte-2-e1501622313270-768x1024.jpg 768w\" sizes=\"auto, (max-width: 600px) 100vw, 600px\" \/><\/a>\n\t\t\t<\/div><\/figure>\n\t\t<\/div>\n\n","protected":false},"excerpt":{"rendered":"<p>Bonjour \u00e0 tous, Et voici quelques photos de l&rsquo;h\u00e9bergement sur notre belle presqu&rsquo;\u00eele situ\u00e9e \u00ab\u00a0Puy Gaillau\u00a0\u00bb sur la petite commune de Viam, en Haute-Corr\u00e8ze, car il faut rappeler que ce projet est nouveau, le mat\u00e9riel achet\u00e9 cette ann\u00e9e et l&rsquo;am\u00e9nagement effectu\u00e9 sur plusieurs mois par les b\u00e9n\u00e9voles de l&rsquo;association. Je vous laisse admirer le r\u00e9sultat! &hellip; <a href=\"https:\/\/www.voilco-aster.fr\/blog-sejours-vacances\/2017\/07\/21\/quelques-photos-de-notre-presquile-de-viam\/\" class=\"more-link\">Continuer la lecture de <span class=\"screen-reader-text\">Quelques photos de notre presqu&rsquo;\u00eele de Viam!<\/span><\/a><\/p>\n","protected":false},"author":3,"featured_media":0,"comment_status":"open","ping_status":"closed","sticky":false,"template":"","format":"standard","meta":{"footnotes":""},"categories":[6],"tags":[],"class_list":["post-5212","post","type-post","status-publish","format-standard","hentry","category-sejours-11-14-ans"],"_links":{"self":[{"href":"https:\/\/www.voilco-aster.fr\/blog-sejours-vacances\/wp-json\/wp\/v2\/posts\/5212","targetHints":{"allow":["GET"]}}],"collection":[{"href":"https:\/\/www.voilco-aster.fr\/blog-sejours-vacances\/wp-json\/wp\/v2\/posts"}],"about":[{"href":"https:\/\/www.voilco-aster.fr\/blog-sejours-vacances\/wp-json\/wp\/v2\/types\/post"}],"author":[{"embeddable":true,"href":"https:\/\/www.voilco-aster.fr\/blog-sejours-vacances\/wp-json\/wp\/v2\/users\/3"}],"replies":[{"embeddable":true,"href":"https:\/\/www.voilco-aster.fr\/blog-sejours-vacances\/wp-json\/wp\/v2\/comments?post=5212"}],"version-history":[{"count":2,"href":"https:\/\/www.voilco-aster.fr\/blog-sejours-vacances\/wp-json\/wp\/v2\/posts\/5212\/revisions"}],"predecessor-version":[{"id":5360,"href":"https:\/\/www.voilco-aster.fr\/blog-sejours-vacances\/wp-json\/wp\/v2\/posts\/5212\/revisions\/5360"}],"wp:attachment":[{"href":"https:\/\/www.voilco-aster.fr\/blog-sejours-vacances\/wp-json\/wp\/v2\/media?parent=5212"}],"wp:term":[{"taxonomy":"category","embeddable":true,"href":"https:\/\/www.voilco-aster.fr\/blog-sejours-vacances\/wp-json\/wp\/v2\/categories?post=5212"},{"taxonomy":"post_tag","embeddable":true,"href":"https:\/\/www.voilco-aster.fr\/blog-sejours-vacances\/wp-json\/wp\/v2\/tags?post=5212"}],"curies":[{"name":"wp","href":"https:\/\/api.w.org\/{rel}","templated":true}]}}