{"id":5298,"date":"2017-07-27T12:33:44","date_gmt":"2017-07-27T11:33:44","guid":{"rendered":"http:\/\/www.voilco-aster.fr\/blog-sejours-vacances\/?p=5298"},"modified":"2017-07-27T12:33:44","modified_gmt":"2017-07-27T11:33:44","slug":"des-nouvelles-du-sejour-itinerant-canoe-kayak","status":"publish","type":"post","link":"https:\/\/www.voilco-aster.fr\/blog-sejours-vacances\/2017\/07\/27\/des-nouvelles-du-sejour-itinerant-canoe-kayak\/","title":{"rendered":"Des nouvelles du s\u00e9jour itin\u00e9rant cano\u00eb-kayak!"},"content":{"rendered":"<p>Bonjour \u00e0 tous, voici quelques photos du s\u00e9jour itin\u00e9rant qui se d\u00e9roule tr\u00e8s bien, malgr\u00e9 les caprices de la m\u00e9t\u00e9o! Nous avons cherch\u00e9 le soleil partout o\u00f9 nous sommes pass\u00e9s mais nous ne l&rsquo;avons toujours pas trouv\u00e9! Je vous laisse admirer les vedettes&#8230;De vrais professionnels de la navigation! Enfin, on essaie en tout cas!<\/p>\n<div id='gallery-1' class='gallery galleryid-5298 gallery-columns-1 gallery-size-large'><figure class='gallery-item'>\n\t\t\t<div class='gallery-icon landscape'>\n\t\t\t\t<a href='https:\/\/www.voilco-aster.fr\/blog-sejours-vacances\/2017\/07\/27\/des-nouvelles-du-sejour-itinerant-canoe-kayak\/20170726_155113_resized\/'><img loading=\"lazy\" decoding=\"async\" width=\"660\" height=\"371\" src=\"https:\/\/www.voilco-aster.fr\/blog-sejours-vacances\/files\/2017\/07\/20170726_155113_resized-800x450.jpg\" class=\"attachment-large size-large\" alt=\"\" srcset=\"https:\/\/www.voilco-aster.fr\/blog-sejours-vacances\/files\/2017\/07\/20170726_155113_resized-800x450.jpg 800w, https:\/\/www.voilco-aster.fr\/blog-sejours-vacances\/files\/2017\/07\/20170726_155113_resized-300x169.jpg 300w, https:\/\/www.voilco-aster.fr\/blog-sejours-vacances\/files\/2017\/07\/20170726_155113_resized-768x432.jpg 768w\" sizes=\"auto, (max-width: 660px) 100vw, 660px\" \/><\/a>\n\t\t\t<\/div><\/figure><figure class='gallery-item'>\n\t\t\t<div class='gallery-icon landscape'>\n\t\t\t\t<a href='https:\/\/www.voilco-aster.fr\/blog-sejours-vacances\/2017\/07\/27\/des-nouvelles-du-sejour-itinerant-canoe-kayak\/20170726_154932_resized\/'><img loading=\"lazy\" decoding=\"async\" width=\"660\" height=\"371\" src=\"https:\/\/www.voilco-aster.fr\/blog-sejours-vacances\/files\/2017\/07\/20170726_154932_resized-800x450.jpg\" class=\"attachment-large size-large\" alt=\"\" srcset=\"https:\/\/www.voilco-aster.fr\/blog-sejours-vacances\/files\/2017\/07\/20170726_154932_resized-800x450.jpg 800w, https:\/\/www.voilco-aster.fr\/blog-sejours-vacances\/files\/2017\/07\/20170726_154932_resized-300x169.jpg 300w, https:\/\/www.voilco-aster.fr\/blog-sejours-vacances\/files\/2017\/07\/20170726_154932_resized-768x432.jpg 768w\" sizes=\"auto, (max-width: 660px) 100vw, 660px\" \/><\/a>\n\t\t\t<\/div><\/figure><figure class='gallery-item'>\n\t\t\t<div class='gallery-icon landscape'>\n\t\t\t\t<a href='https:\/\/www.voilco-aster.fr\/blog-sejours-vacances\/2017\/07\/27\/des-nouvelles-du-sejour-itinerant-canoe-kayak\/20170726_154803_resized\/'><img loading=\"lazy\" decoding=\"async\" width=\"660\" height=\"371\" src=\"https:\/\/www.voilco-aster.fr\/blog-sejours-vacances\/files\/2017\/07\/20170726_154803_resized-800x450.jpg\" class=\"attachment-large size-large\" alt=\"\" srcset=\"https:\/\/www.voilco-aster.fr\/blog-sejours-vacances\/files\/2017\/07\/20170726_154803_resized-800x450.jpg 800w, https:\/\/www.voilco-aster.fr\/blog-sejours-vacances\/files\/2017\/07\/20170726_154803_resized-300x169.jpg 300w, https:\/\/www.voilco-aster.fr\/blog-sejours-vacances\/files\/2017\/07\/20170726_154803_resized-768x432.jpg 768w\" sizes=\"auto, (max-width: 660px) 100vw, 660px\" \/><\/a>\n\t\t\t<\/div><\/figure><figure class='gallery-item'>\n\t\t\t<div class='gallery-icon landscape'>\n\t\t\t\t<a href='https:\/\/www.voilco-aster.fr\/blog-sejours-vacances\/2017\/07\/27\/des-nouvelles-du-sejour-itinerant-canoe-kayak\/20170726_135522_resized\/'><img loading=\"lazy\" decoding=\"async\" width=\"660\" height=\"371\" src=\"https:\/\/www.voilco-aster.fr\/blog-sejours-vacances\/files\/2017\/07\/20170726_135522_resized-800x450.jpg\" class=\"attachment-large size-large\" alt=\"\" srcset=\"https:\/\/www.voilco-aster.fr\/blog-sejours-vacances\/files\/2017\/07\/20170726_135522_resized-800x450.jpg 800w, https:\/\/www.voilco-aster.fr\/blog-sejours-vacances\/files\/2017\/07\/20170726_135522_resized-300x169.jpg 300w, https:\/\/www.voilco-aster.fr\/blog-sejours-vacances\/files\/2017\/07\/20170726_135522_resized-768x432.jpg 768w\" sizes=\"auto, (max-width: 660px) 100vw, 660px\" \/><\/a>\n\t\t\t<\/div><\/figure><figure class='gallery-item'>\n\t\t\t<div class='gallery-icon portrait'>\n\t\t\t\t<a href='https:\/\/www.voilco-aster.fr\/blog-sejours-vacances\/2017\/07\/27\/des-nouvelles-du-sejour-itinerant-canoe-kayak\/20170726_135508_resized\/'><img loading=\"lazy\" decoding=\"async\" width=\"450\" height=\"800\" src=\"https:\/\/www.voilco-aster.fr\/blog-sejours-vacances\/files\/2017\/07\/20170726_135508_resized-450x800.jpg\" class=\"attachment-large size-large\" alt=\"\" srcset=\"https:\/\/www.voilco-aster.fr\/blog-sejours-vacances\/files\/2017\/07\/20170726_135508_resized-450x800.jpg 450w, https:\/\/www.voilco-aster.fr\/blog-sejours-vacances\/files\/2017\/07\/20170726_135508_resized-169x300.jpg 169w, https:\/\/www.voilco-aster.fr\/blog-sejours-vacances\/files\/2017\/07\/20170726_135508_resized-768x1365.jpg 768w, https:\/\/www.voilco-aster.fr\/blog-sejours-vacances\/files\/2017\/07\/20170726_135508_resized.jpg 1377w\" sizes=\"auto, (max-width: 450px) 100vw, 450px\" \/><\/a>\n\t\t\t<\/div><\/figure><figure class='gallery-item'>\n\t\t\t<div class='gallery-icon landscape'>\n\t\t\t\t<a href='https:\/\/www.voilco-aster.fr\/blog-sejours-vacances\/2017\/07\/27\/des-nouvelles-du-sejour-itinerant-canoe-kayak\/20170726_101150_resized\/'><img loading=\"lazy\" decoding=\"async\" width=\"660\" height=\"371\" src=\"https:\/\/www.voilco-aster.fr\/blog-sejours-vacances\/files\/2017\/07\/20170726_101150_resized-800x450.jpg\" class=\"attachment-large size-large\" alt=\"\" srcset=\"https:\/\/www.voilco-aster.fr\/blog-sejours-vacances\/files\/2017\/07\/20170726_101150_resized-800x450.jpg 800w, https:\/\/www.voilco-aster.fr\/blog-sejours-vacances\/files\/2017\/07\/20170726_101150_resized-300x169.jpg 300w, https:\/\/www.voilco-aster.fr\/blog-sejours-vacances\/files\/2017\/07\/20170726_101150_resized-768x432.jpg 768w\" sizes=\"auto, (max-width: 660px) 100vw, 660px\" \/><\/a>\n\t\t\t<\/div><\/figure><figure class='gallery-item'>\n\t\t\t<div class='gallery-icon portrait'>\n\t\t\t\t<a href='https:\/\/www.voilco-aster.fr\/blog-sejours-vacances\/2017\/07\/27\/des-nouvelles-du-sejour-itinerant-canoe-kayak\/20170726_101137_resized\/'><img loading=\"lazy\" decoding=\"async\" width=\"450\" height=\"800\" src=\"https:\/\/www.voilco-aster.fr\/blog-sejours-vacances\/files\/2017\/07\/20170726_101137_resized-450x800.jpg\" class=\"attachment-large size-large\" alt=\"\" srcset=\"https:\/\/www.voilco-aster.fr\/blog-sejours-vacances\/files\/2017\/07\/20170726_101137_resized-450x800.jpg 450w, https:\/\/www.voilco-aster.fr\/blog-sejours-vacances\/files\/2017\/07\/20170726_101137_resized-169x300.jpg 169w, https:\/\/www.voilco-aster.fr\/blog-sejours-vacances\/files\/2017\/07\/20170726_101137_resized-768x1365.jpg 768w, https:\/\/www.voilco-aster.fr\/blog-sejours-vacances\/files\/2017\/07\/20170726_101137_resized.jpg 1377w\" sizes=\"auto, (max-width: 450px) 100vw, 450px\" \/><\/a>\n\t\t\t<\/div><\/figure><figure class='gallery-item'>\n\t\t\t<div class='gallery-icon landscape'>\n\t\t\t\t<a href='https:\/\/www.voilco-aster.fr\/blog-sejours-vacances\/2017\/07\/27\/des-nouvelles-du-sejour-itinerant-canoe-kayak\/20170726_101125_resized\/'><img loading=\"lazy\" decoding=\"async\" width=\"660\" height=\"371\" src=\"https:\/\/www.voilco-aster.fr\/blog-sejours-vacances\/files\/2017\/07\/20170726_101125_resized-800x450.jpg\" class=\"attachment-large size-large\" alt=\"\" srcset=\"https:\/\/www.voilco-aster.fr\/blog-sejours-vacances\/files\/2017\/07\/20170726_101125_resized-800x450.jpg 800w, https:\/\/www.voilco-aster.fr\/blog-sejours-vacances\/files\/2017\/07\/20170726_101125_resized-300x169.jpg 300w, https:\/\/www.voilco-aster.fr\/blog-sejours-vacances\/files\/2017\/07\/20170726_101125_resized-768x432.jpg 768w\" sizes=\"auto, (max-width: 660px) 100vw, 660px\" \/><\/a>\n\t\t\t<\/div><\/figure><figure class='gallery-item'>\n\t\t\t<div class='gallery-icon landscape'>\n\t\t\t\t<a href='https:\/\/www.voilco-aster.fr\/blog-sejours-vacances\/2017\/07\/27\/des-nouvelles-du-sejour-itinerant-canoe-kayak\/20170723_113901_resized\/'><img loading=\"lazy\" decoding=\"async\" width=\"660\" height=\"371\" src=\"https:\/\/www.voilco-aster.fr\/blog-sejours-vacances\/files\/2017\/07\/20170723_113901_resized-800x450.jpg\" class=\"attachment-large size-large\" alt=\"\" srcset=\"https:\/\/www.voilco-aster.fr\/blog-sejours-vacances\/files\/2017\/07\/20170723_113901_resized-800x450.jpg 800w, https:\/\/www.voilco-aster.fr\/blog-sejours-vacances\/files\/2017\/07\/20170723_113901_resized-300x169.jpg 300w, https:\/\/www.voilco-aster.fr\/blog-sejours-vacances\/files\/2017\/07\/20170723_113901_resized-768x432.jpg 768w\" sizes=\"auto, (max-width: 660px) 100vw, 660px\" \/><\/a>\n\t\t\t<\/div><\/figure><figure class='gallery-item'>\n\t\t\t<div class='gallery-icon landscape'>\n\t\t\t\t<a href='https:\/\/www.voilco-aster.fr\/blog-sejours-vacances\/2017\/07\/27\/des-nouvelles-du-sejour-itinerant-canoe-kayak\/20170723_113833_resized\/'><img loading=\"lazy\" decoding=\"async\" width=\"660\" height=\"371\" src=\"https:\/\/www.voilco-aster.fr\/blog-sejours-vacances\/files\/2017\/07\/20170723_113833_resized-800x450.jpg\" class=\"attachment-large size-large\" alt=\"\" srcset=\"https:\/\/www.voilco-aster.fr\/blog-sejours-vacances\/files\/2017\/07\/20170723_113833_resized-800x450.jpg 800w, https:\/\/www.voilco-aster.fr\/blog-sejours-vacances\/files\/2017\/07\/20170723_113833_resized-300x169.jpg 300w, https:\/\/www.voilco-aster.fr\/blog-sejours-vacances\/files\/2017\/07\/20170723_113833_resized-768x432.jpg 768w\" sizes=\"auto, (max-width: 660px) 100vw, 660px\" \/><\/a>\n\t\t\t<\/div><\/figure>\n\t\t<\/div>\n\n","protected":false},"excerpt":{"rendered":"<p>Bonjour \u00e0 tous, voici quelques photos du s\u00e9jour itin\u00e9rant qui se d\u00e9roule tr\u00e8s bien, malgr\u00e9 les caprices de la m\u00e9t\u00e9o! Nous avons cherch\u00e9 le soleil partout o\u00f9 nous sommes pass\u00e9s mais nous ne l&rsquo;avons toujours pas trouv\u00e9! Je vous laisse admirer les vedettes&#8230;De vrais professionnels de la navigation! Enfin, on essaie en tout cas!<\/p>\n","protected":false},"author":3,"featured_media":0,"comment_status":"open","ping_status":"closed","sticky":false,"template":"","format":"standard","meta":{"footnotes":""},"categories":[1],"tags":[],"class_list":["post-5298","post","type-post","status-publish","format-standard","hentry","category-sejours-ete"],"_links":{"self":[{"href":"https:\/\/www.voilco-aster.fr\/blog-sejours-vacances\/wp-json\/wp\/v2\/posts\/5298","targetHints":{"allow":["GET"]}}],"collection":[{"href":"https:\/\/www.voilco-aster.fr\/blog-sejours-vacances\/wp-json\/wp\/v2\/posts"}],"about":[{"href":"https:\/\/www.voilco-aster.fr\/blog-sejours-vacances\/wp-json\/wp\/v2\/types\/post"}],"author":[{"embeddable":true,"href":"https:\/\/www.voilco-aster.fr\/blog-sejours-vacances\/wp-json\/wp\/v2\/users\/3"}],"replies":[{"embeddable":true,"href":"https:\/\/www.voilco-aster.fr\/blog-sejours-vacances\/wp-json\/wp\/v2\/comments?post=5298"}],"version-history":[{"count":2,"href":"https:\/\/www.voilco-aster.fr\/blog-sejours-vacances\/wp-json\/wp\/v2\/posts\/5298\/revisions"}],"predecessor-version":[{"id":5310,"href":"https:\/\/www.voilco-aster.fr\/blog-sejours-vacances\/wp-json\/wp\/v2\/posts\/5298\/revisions\/5310"}],"wp:attachment":[{"href":"https:\/\/www.voilco-aster.fr\/blog-sejours-vacances\/wp-json\/wp\/v2\/media?parent=5298"}],"wp:term":[{"taxonomy":"category","embeddable":true,"href":"https:\/\/www.voilco-aster.fr\/blog-sejours-vacances\/wp-json\/wp\/v2\/categories?post=5298"},{"taxonomy":"post_tag","embeddable":true,"href":"https:\/\/www.voilco-aster.fr\/blog-sejours-vacances\/wp-json\/wp\/v2\/tags?post=5298"}],"curies":[{"name":"wp","href":"https:\/\/api.w.org\/{rel}","templated":true}]}}