{"id":5700,"date":"2018-07-13T21:19:32","date_gmt":"2018-07-13T20:19:32","guid":{"rendered":"https:\/\/www.voilco-aster.fr\/blog-sejours-vacances\/?p=5700"},"modified":"2018-07-13T21:20:36","modified_gmt":"2018-07-13T20:20:36","slug":"le-debut-de-la-colo-a-viam","status":"publish","type":"post","link":"https:\/\/www.voilco-aster.fr\/blog-sejours-vacances\/2018\/07\/13\/le-debut-de-la-colo-a-viam\/","title":{"rendered":"Le d\u00e9but de la colo \u00e0 Viam"},"content":{"rendered":"<p>C&rsquo;est d\u00e9j\u00e0 le 3\u00e8me jour \u00e0 Viam et les enfants peuvent profiter du soleil depuis leur arriv\u00e9e !<\/p>\n<p>Cela nous a permis de faire du cano\u00eb-kayak, de jouer de la for\u00eat&#8230; Les enfants profitent bien de leurs vacances et passent le bonjour \u00e0 leur famille !<\/p>\n<p><img loading=\"lazy\" decoding=\"async\" src=\"https:\/\/www.voilco-aster.fr\/blog-sejours-vacances\/files\/2018\/07\/img_0322.jpg\" class=\"wp-image-5695 size-full\" height=\"3024\" width=\"4032\" srcset=\"https:\/\/www.voilco-aster.fr\/blog-sejours-vacances\/files\/2018\/07\/img_0322.jpg 4032w, https:\/\/www.voilco-aster.fr\/blog-sejours-vacances\/files\/2018\/07\/img_0322-300x225.jpg 300w, https:\/\/www.voilco-aster.fr\/blog-sejours-vacances\/files\/2018\/07\/img_0322-768x576.jpg 768w, https:\/\/www.voilco-aster.fr\/blog-sejours-vacances\/files\/2018\/07\/img_0322-800x600.jpg 800w\" sizes=\"auto, (max-width: 4032px) 100vw, 4032px\" \/><img loading=\"lazy\" decoding=\"async\" src=\"https:\/\/www.voilco-aster.fr\/blog-sejours-vacances\/files\/2018\/07\/img_0321.jpg\" class=\"size-full wp-image-5699\" height=\"3024\" width=\"4032\" srcset=\"https:\/\/www.voilco-aster.fr\/blog-sejours-vacances\/files\/2018\/07\/img_0321.jpg 4032w, https:\/\/www.voilco-aster.fr\/blog-sejours-vacances\/files\/2018\/07\/img_0321-300x225.jpg 300w, https:\/\/www.voilco-aster.fr\/blog-sejours-vacances\/files\/2018\/07\/img_0321-768x576.jpg 768w, https:\/\/www.voilco-aster.fr\/blog-sejours-vacances\/files\/2018\/07\/img_0321-800x600.jpg 800w\" sizes=\"auto, (max-width: 4032px) 100vw, 4032px\" \/><img loading=\"lazy\" decoding=\"async\" src=\"https:\/\/www.voilco-aster.fr\/blog-sejours-vacances\/files\/2018\/07\/img_0318.jpg\" class=\"wp-image-5697 size-full\" height=\"3024\" width=\"4032\" srcset=\"https:\/\/www.voilco-aster.fr\/blog-sejours-vacances\/files\/2018\/07\/img_0318.jpg 4032w, https:\/\/www.voilco-aster.fr\/blog-sejours-vacances\/files\/2018\/07\/img_0318-300x225.jpg 300w, https:\/\/www.voilco-aster.fr\/blog-sejours-vacances\/files\/2018\/07\/img_0318-768x576.jpg 768w, https:\/\/www.voilco-aster.fr\/blog-sejours-vacances\/files\/2018\/07\/img_0318-800x600.jpg 800w\" sizes=\"auto, (max-width: 4032px) 100vw, 4032px\" \/><img loading=\"lazy\" decoding=\"async\" src=\"https:\/\/www.voilco-aster.fr\/blog-sejours-vacances\/files\/2018\/07\/img_0317.jpg\" class=\"size-full wp-image-5696\" height=\"3024\" width=\"4032\" srcset=\"https:\/\/www.voilco-aster.fr\/blog-sejours-vacances\/files\/2018\/07\/img_0317.jpg 4032w, https:\/\/www.voilco-aster.fr\/blog-sejours-vacances\/files\/2018\/07\/img_0317-300x225.jpg 300w, https:\/\/www.voilco-aster.fr\/blog-sejours-vacances\/files\/2018\/07\/img_0317-768x576.jpg 768w, https:\/\/www.voilco-aster.fr\/blog-sejours-vacances\/files\/2018\/07\/img_0317-800x600.jpg 800w\" sizes=\"auto, (max-width: 4032px) 100vw, 4032px\" \/><img loading=\"lazy\" decoding=\"async\" src=\"https:\/\/www.voilco-aster.fr\/blog-sejours-vacances\/files\/2018\/07\/img_0314.jpg\" class=\"size-full wp-image-5698\" height=\"4032\" width=\"3024\" srcset=\"https:\/\/www.voilco-aster.fr\/blog-sejours-vacances\/files\/2018\/07\/img_0314.jpg 3024w, https:\/\/www.voilco-aster.fr\/blog-sejours-vacances\/files\/2018\/07\/img_0314-225x300.jpg 225w, https:\/\/www.voilco-aster.fr\/blog-sejours-vacances\/files\/2018\/07\/img_0314-768x1024.jpg 768w, https:\/\/www.voilco-aster.fr\/blog-sejours-vacances\/files\/2018\/07\/img_0314-600x800.jpg 600w\" sizes=\"auto, (max-width: 3024px) 100vw, 3024px\" \/><\/p>\n","protected":false},"excerpt":{"rendered":"<p>C&rsquo;est d\u00e9j\u00e0 le 3\u00e8me jour \u00e0 Viam et les enfants peuvent profiter du soleil depuis leur arriv\u00e9e ! Cela nous a permis de faire du cano\u00eb-kayak, de jouer de la for\u00eat&#8230; Les enfants profitent bien de leurs vacances et passent le bonjour \u00e0 leur famille !<\/p>\n","protected":false},"author":1,"featured_media":0,"comment_status":"open","ping_status":"closed","sticky":false,"template":"","format":"standard","meta":{"footnotes":""},"categories":[6],"tags":[],"class_list":["post-5700","post","type-post","status-publish","format-standard","hentry","category-sejours-11-14-ans"],"_links":{"self":[{"href":"https:\/\/www.voilco-aster.fr\/blog-sejours-vacances\/wp-json\/wp\/v2\/posts\/5700","targetHints":{"allow":["GET"]}}],"collection":[{"href":"https:\/\/www.voilco-aster.fr\/blog-sejours-vacances\/wp-json\/wp\/v2\/posts"}],"about":[{"href":"https:\/\/www.voilco-aster.fr\/blog-sejours-vacances\/wp-json\/wp\/v2\/types\/post"}],"author":[{"embeddable":true,"href":"https:\/\/www.voilco-aster.fr\/blog-sejours-vacances\/wp-json\/wp\/v2\/users\/1"}],"replies":[{"embeddable":true,"href":"https:\/\/www.voilco-aster.fr\/blog-sejours-vacances\/wp-json\/wp\/v2\/comments?post=5700"}],"version-history":[{"count":2,"href":"https:\/\/www.voilco-aster.fr\/blog-sejours-vacances\/wp-json\/wp\/v2\/posts\/5700\/revisions"}],"predecessor-version":[{"id":5702,"href":"https:\/\/www.voilco-aster.fr\/blog-sejours-vacances\/wp-json\/wp\/v2\/posts\/5700\/revisions\/5702"}],"wp:attachment":[{"href":"https:\/\/www.voilco-aster.fr\/blog-sejours-vacances\/wp-json\/wp\/v2\/media?parent=5700"}],"wp:term":[{"taxonomy":"category","embeddable":true,"href":"https:\/\/www.voilco-aster.fr\/blog-sejours-vacances\/wp-json\/wp\/v2\/categories?post=5700"},{"taxonomy":"post_tag","embeddable":true,"href":"https:\/\/www.voilco-aster.fr\/blog-sejours-vacances\/wp-json\/wp\/v2\/tags?post=5700"}],"curies":[{"name":"wp","href":"https:\/\/api.w.org\/{rel}","templated":true}]}}