{"id":5763,"date":"2018-07-18T20:55:04","date_gmt":"2018-07-18T19:55:04","guid":{"rendered":"https:\/\/www.voilco-aster.fr\/blog-sejours-vacances\/?p=5763"},"modified":"2018-07-18T20:52:51","modified_gmt":"2018-07-18T19:52:51","slug":"canoe-kayak-a-viam-2","status":"publish","type":"post","link":"https:\/\/www.voilco-aster.fr\/blog-sejours-vacances\/2018\/07\/18\/canoe-kayak-a-viam-2\/","title":{"rendered":"Cano\u00eb kayak \u00e0 Viam"},"content":{"rendered":"<p>Les enfants d\u00e9couvrent le cano\u00eb kayak \u00e0 Viam. Avec un soleil magnifique, ils peuvent profiter de leur vacances \u00e0 fond ! Mardi et mercredi, nous avons pu remonter la rivi\u00e8re en cano\u00eb kayak et nous arr\u00eater \u00e0 un rocher o\u00f9 les enfants ont pu sauter dans l&rsquo;eau ! C&rsquo;\u00e9tait super amusant et les enfants en redemandent !<\/p>\n<p>Un groupe \u00e9tait parti en randonn\u00e9e de lundi \u00e0 mercredi et ils sont rentr\u00e9s aujourd&rsquo;hui apr\u00e8s trois jours de campement au bord d&rsquo;un ruisseau !<\/p>\n<p><img loading=\"lazy\" decoding=\"async\" src=\"https:\/\/www.voilco-aster.fr\/blog-sejours-vacances\/files\/2018\/07\/img_0339.jpg\" class=\"size-full wp-image-5769\" height=\"3024\" width=\"4032\" srcset=\"https:\/\/www.voilco-aster.fr\/blog-sejours-vacances\/files\/2018\/07\/img_0339.jpg 4032w, https:\/\/www.voilco-aster.fr\/blog-sejours-vacances\/files\/2018\/07\/img_0339-300x225.jpg 300w, https:\/\/www.voilco-aster.fr\/blog-sejours-vacances\/files\/2018\/07\/img_0339-768x576.jpg 768w, https:\/\/www.voilco-aster.fr\/blog-sejours-vacances\/files\/2018\/07\/img_0339-800x600.jpg 800w\" sizes=\"auto, (max-width: 4032px) 100vw, 4032px\" \/><img loading=\"lazy\" decoding=\"async\" src=\"https:\/\/www.voilco-aster.fr\/blog-sejours-vacances\/files\/2018\/07\/img_0338.jpg\" class=\"size-full wp-image-5765\" height=\"3024\" width=\"4032\" srcset=\"https:\/\/www.voilco-aster.fr\/blog-sejours-vacances\/files\/2018\/07\/img_0338.jpg 4032w, https:\/\/www.voilco-aster.fr\/blog-sejours-vacances\/files\/2018\/07\/img_0338-300x225.jpg 300w, https:\/\/www.voilco-aster.fr\/blog-sejours-vacances\/files\/2018\/07\/img_0338-768x576.jpg 768w, https:\/\/www.voilco-aster.fr\/blog-sejours-vacances\/files\/2018\/07\/img_0338-800x600.jpg 800w\" sizes=\"auto, (max-width: 4032px) 100vw, 4032px\" \/><img loading=\"lazy\" decoding=\"async\" src=\"https:\/\/www.voilco-aster.fr\/blog-sejours-vacances\/files\/2018\/07\/img_0337.jpg\" class=\"wp-image-5767 size-full\" height=\"3024\" width=\"4032\" srcset=\"https:\/\/www.voilco-aster.fr\/blog-sejours-vacances\/files\/2018\/07\/img_0337.jpg 4032w, https:\/\/www.voilco-aster.fr\/blog-sejours-vacances\/files\/2018\/07\/img_0337-300x225.jpg 300w, https:\/\/www.voilco-aster.fr\/blog-sejours-vacances\/files\/2018\/07\/img_0337-768x576.jpg 768w, https:\/\/www.voilco-aster.fr\/blog-sejours-vacances\/files\/2018\/07\/img_0337-800x600.jpg 800w\" sizes=\"auto, (max-width: 4032px) 100vw, 4032px\" \/><img loading=\"lazy\" decoding=\"async\" src=\"https:\/\/www.voilco-aster.fr\/blog-sejours-vacances\/files\/2018\/07\/img_0336.jpg\" class=\"size-full wp-image-5768\" height=\"3024\" width=\"4032\" srcset=\"https:\/\/www.voilco-aster.fr\/blog-sejours-vacances\/files\/2018\/07\/img_0336.jpg 4032w, https:\/\/www.voilco-aster.fr\/blog-sejours-vacances\/files\/2018\/07\/img_0336-300x225.jpg 300w, https:\/\/www.voilco-aster.fr\/blog-sejours-vacances\/files\/2018\/07\/img_0336-768x576.jpg 768w, https:\/\/www.voilco-aster.fr\/blog-sejours-vacances\/files\/2018\/07\/img_0336-800x600.jpg 800w\" sizes=\"auto, (max-width: 4032px) 100vw, 4032px\" \/><\/p>\n","protected":false},"excerpt":{"rendered":"<p>Les enfants d\u00e9couvrent le cano\u00eb kayak \u00e0 Viam. Avec un soleil magnifique, ils peuvent profiter de leur vacances \u00e0 fond ! Mardi et mercredi, nous avons pu remonter la rivi\u00e8re en cano\u00eb kayak et nous arr\u00eater \u00e0 un rocher o\u00f9 les enfants ont pu sauter dans l&rsquo;eau ! C&rsquo;\u00e9tait super amusant et les enfants en &hellip; <a href=\"https:\/\/www.voilco-aster.fr\/blog-sejours-vacances\/2018\/07\/18\/canoe-kayak-a-viam-2\/\" class=\"more-link\">Continuer la lecture de <span class=\"screen-reader-text\">Cano\u00eb kayak \u00e0 Viam<\/span><\/a><\/p>\n","protected":false},"author":1,"featured_media":0,"comment_status":"open","ping_status":"closed","sticky":false,"template":"","format":"standard","meta":{"footnotes":""},"categories":[6],"tags":[],"class_list":["post-5763","post","type-post","status-publish","format-standard","hentry","category-sejours-11-14-ans"],"_links":{"self":[{"href":"https:\/\/www.voilco-aster.fr\/blog-sejours-vacances\/wp-json\/wp\/v2\/posts\/5763","targetHints":{"allow":["GET"]}}],"collection":[{"href":"https:\/\/www.voilco-aster.fr\/blog-sejours-vacances\/wp-json\/wp\/v2\/posts"}],"about":[{"href":"https:\/\/www.voilco-aster.fr\/blog-sejours-vacances\/wp-json\/wp\/v2\/types\/post"}],"author":[{"embeddable":true,"href":"https:\/\/www.voilco-aster.fr\/blog-sejours-vacances\/wp-json\/wp\/v2\/users\/1"}],"replies":[{"embeddable":true,"href":"https:\/\/www.voilco-aster.fr\/blog-sejours-vacances\/wp-json\/wp\/v2\/comments?post=5763"}],"version-history":[{"count":2,"href":"https:\/\/www.voilco-aster.fr\/blog-sejours-vacances\/wp-json\/wp\/v2\/posts\/5763\/revisions"}],"predecessor-version":[{"id":5770,"href":"https:\/\/www.voilco-aster.fr\/blog-sejours-vacances\/wp-json\/wp\/v2\/posts\/5763\/revisions\/5770"}],"wp:attachment":[{"href":"https:\/\/www.voilco-aster.fr\/blog-sejours-vacances\/wp-json\/wp\/v2\/media?parent=5763"}],"wp:term":[{"taxonomy":"category","embeddable":true,"href":"https:\/\/www.voilco-aster.fr\/blog-sejours-vacances\/wp-json\/wp\/v2\/categories?post=5763"},{"taxonomy":"post_tag","embeddable":true,"href":"https:\/\/www.voilco-aster.fr\/blog-sejours-vacances\/wp-json\/wp\/v2\/tags?post=5763"}],"curies":[{"name":"wp","href":"https:\/\/api.w.org\/{rel}","templated":true}]}}