{"id":5828,"date":"2018-07-24T01:06:50","date_gmt":"2018-07-24T00:06:50","guid":{"rendered":"http:\/\/www.voilco-aster.fr\/blog-sejours-vacances\/?p=5828"},"modified":"2018-07-24T01:06:50","modified_gmt":"2018-07-24T00:06:50","slug":"les-jours-senchainent-mais-ne-se-ressemblent-pas","status":"publish","type":"post","link":"https:\/\/www.voilco-aster.fr\/blog-sejours-vacances\/2018\/07\/24\/les-jours-senchainent-mais-ne-se-ressemblent-pas\/","title":{"rendered":"Les jours s&rsquo;encha\u00eenent mais ne se ressemblent pas"},"content":{"rendered":"<p>Amis du jour bonjour, amis du soir bonsoir !<\/p>\n<p>Hier nous avons d\u00e9but\u00e9 la matin\u00e9e avec la poursuite de nos projets (micro-fus\u00e9es, cano\u00eb-kayak, journalisme, rando 3, th\u00e9\u00e2tre) pendant que certains copains sont partis pour la randonn\u00e9e n\u00b02 (au programme camping et piscine pendant 3 jours).<br \/>\nL&rsquo;apr\u00e8s-midi 8 enfants se sont initi\u00e9s \u00e0 la voile avec Axel, les autres ont particip\u00e9 au grand jeu \u00ab\u00a0La guerre des nombres\u00a0\u00bb men\u00e9 par Sara, une apr\u00e8s-midi sportive et riche en bonne humeur.<br \/>\nLe soir nous avons eu le droit \u00e0 une veill\u00e9e \u00ab\u00a0Fureur\u00a0\u00bb qui a d&rsquo;ailleurs fait fureur aupr\u00e8s des enfants, une soir\u00e9e toute en musique et en danse qui a su ravir les copains.<\/p>\n<p>Aujourd&rsquo;hui (23 juillet) les projets se sont poursuit toute la matin\u00e9e avec notamment la pr\u00e9paration de la rando 3 (dont le d\u00e9part est imminent) et l&rsquo;apr\u00e8s-midi a \u00e9t\u00e9 rythm\u00e9e par un \u00ab\u00a0douanier contrebandier\u00a0\u00bb qui s&rsquo;est achev\u00e9 par un go\u00fbter bien m\u00e9rit\u00e9.<img loading=\"lazy\" decoding=\"async\" class=\"aligncenter size-full wp-image-5829\" src=\"http:\/\/www.voilco-aster.fr\/blog-sejours-vacances\/files\/2018\/07\/VOILCOA.jpg\" alt=\"\" width=\"960\" height=\"720\" srcset=\"https:\/\/www.voilco-aster.fr\/blog-sejours-vacances\/files\/2018\/07\/VOILCOA.jpg 960w, https:\/\/www.voilco-aster.fr\/blog-sejours-vacances\/files\/2018\/07\/VOILCOA-300x225.jpg 300w, https:\/\/www.voilco-aster.fr\/blog-sejours-vacances\/files\/2018\/07\/VOILCOA-768x576.jpg 768w, https:\/\/www.voilco-aster.fr\/blog-sejours-vacances\/files\/2018\/07\/VOILCOA-800x600.jpg 800w\" sizes=\"auto, (max-width: 960px) 100vw, 960px\" \/> <img loading=\"lazy\" decoding=\"async\" class=\"aligncenter size-full wp-image-5830\" src=\"http:\/\/www.voilco-aster.fr\/blog-sejours-vacances\/files\/2018\/07\/ASTRO.jpg\" alt=\"\" width=\"720\" height=\"960\" srcset=\"https:\/\/www.voilco-aster.fr\/blog-sejours-vacances\/files\/2018\/07\/ASTRO.jpg 720w, https:\/\/www.voilco-aster.fr\/blog-sejours-vacances\/files\/2018\/07\/ASTRO-225x300.jpg 225w, https:\/\/www.voilco-aster.fr\/blog-sejours-vacances\/files\/2018\/07\/ASTRO-600x800.jpg 600w\" sizes=\"auto, (max-width: 720px) 100vw, 720px\" \/> <img loading=\"lazy\" decoding=\"async\" class=\"aligncenter size-full wp-image-5831\" src=\"http:\/\/www.voilco-aster.fr\/blog-sejours-vacances\/files\/2018\/07\/VOILC.jpg\" alt=\"\" width=\"720\" height=\"960\" srcset=\"https:\/\/www.voilco-aster.fr\/blog-sejours-vacances\/files\/2018\/07\/VOILC.jpg 720w, https:\/\/www.voilco-aster.fr\/blog-sejours-vacances\/files\/2018\/07\/VOILC-225x300.jpg 225w, https:\/\/www.voilco-aster.fr\/blog-sejours-vacances\/files\/2018\/07\/VOILC-600x800.jpg 600w\" sizes=\"auto, (max-width: 720px) 100vw, 720px\" \/> <img loading=\"lazy\" decoding=\"async\" class=\"aligncenter size-full wp-image-5832\" src=\"http:\/\/www.voilco-aster.fr\/blog-sejours-vacances\/files\/2018\/07\/VOILCOAS.jpg\" alt=\"\" width=\"720\" height=\"960\" srcset=\"https:\/\/www.voilco-aster.fr\/blog-sejours-vacances\/files\/2018\/07\/VOILCOAS.jpg 720w, https:\/\/www.voilco-aster.fr\/blog-sejours-vacances\/files\/2018\/07\/VOILCOAS-225x300.jpg 225w, https:\/\/www.voilco-aster.fr\/blog-sejours-vacances\/files\/2018\/07\/VOILCOAS-600x800.jpg 600w\" sizes=\"auto, (max-width: 720px) 100vw, 720px\" \/> <img loading=\"lazy\" decoding=\"async\" class=\"aligncenter size-full wp-image-5833\" src=\"http:\/\/www.voilco-aster.fr\/blog-sejours-vacances\/files\/2018\/07\/voilcoast.jpg\" alt=\"\" width=\"960\" height=\"720\" srcset=\"https:\/\/www.voilco-aster.fr\/blog-sejours-vacances\/files\/2018\/07\/voilcoast.jpg 960w, https:\/\/www.voilco-aster.fr\/blog-sejours-vacances\/files\/2018\/07\/voilcoast-300x225.jpg 300w, https:\/\/www.voilco-aster.fr\/blog-sejours-vacances\/files\/2018\/07\/voilcoast-768x576.jpg 768w, https:\/\/www.voilco-aster.fr\/blog-sejours-vacances\/files\/2018\/07\/voilcoast-800x600.jpg 800w\" sizes=\"auto, (max-width: 960px) 100vw, 960px\" \/> <img loading=\"lazy\" decoding=\"async\" class=\"aligncenter size-full wp-image-5834\" src=\"http:\/\/www.voilco-aster.fr\/blog-sejours-vacances\/files\/2018\/07\/VOILCOO.jpg\" alt=\"\" width=\"960\" height=\"720\" srcset=\"https:\/\/www.voilco-aster.fr\/blog-sejours-vacances\/files\/2018\/07\/VOILCOO.jpg 960w, https:\/\/www.voilco-aster.fr\/blog-sejours-vacances\/files\/2018\/07\/VOILCOO-300x225.jpg 300w, https:\/\/www.voilco-aster.fr\/blog-sejours-vacances\/files\/2018\/07\/VOILCOO-768x576.jpg 768w, https:\/\/www.voilco-aster.fr\/blog-sejours-vacances\/files\/2018\/07\/VOILCOO-800x600.jpg 800w\" sizes=\"auto, (max-width: 960px) 100vw, 960px\" \/> <img loading=\"lazy\" decoding=\"async\" class=\"aligncenter size-full wp-image-5835\" src=\"http:\/\/www.voilco-aster.fr\/blog-sejours-vacances\/files\/2018\/07\/V.jpg\" alt=\"\" width=\"1536\" height=\"2048\" srcset=\"https:\/\/www.voilco-aster.fr\/blog-sejours-vacances\/files\/2018\/07\/V.jpg 1536w, https:\/\/www.voilco-aster.fr\/blog-sejours-vacances\/files\/2018\/07\/V-225x300.jpg 225w, https:\/\/www.voilco-aster.fr\/blog-sejours-vacances\/files\/2018\/07\/V-768x1024.jpg 768w, https:\/\/www.voilco-aster.fr\/blog-sejours-vacances\/files\/2018\/07\/V-600x800.jpg 600w\" sizes=\"auto, (max-width: 1536px) 100vw, 1536px\" \/> <img loading=\"lazy\" decoding=\"async\" class=\"aligncenter size-full wp-image-5836\" src=\"http:\/\/www.voilco-aster.fr\/blog-sejours-vacances\/files\/2018\/07\/VOI.jpg\" alt=\"\" width=\"1536\" height=\"2048\" srcset=\"https:\/\/www.voilco-aster.fr\/blog-sejours-vacances\/files\/2018\/07\/VOI.jpg 1536w, https:\/\/www.voilco-aster.fr\/blog-sejours-vacances\/files\/2018\/07\/VOI-225x300.jpg 225w, https:\/\/www.voilco-aster.fr\/blog-sejours-vacances\/files\/2018\/07\/VOI-768x1024.jpg 768w, https:\/\/www.voilco-aster.fr\/blog-sejours-vacances\/files\/2018\/07\/VOI-600x800.jpg 600w\" sizes=\"auto, (max-width: 1536px) 100vw, 1536px\" \/> <img loading=\"lazy\" decoding=\"async\" class=\"aligncenter size-full wp-image-5837\" src=\"http:\/\/www.voilco-aster.fr\/blog-sejours-vacances\/files\/2018\/07\/VOIL.jpg\" alt=\"\" width=\"1536\" height=\"2048\" srcset=\"https:\/\/www.voilco-aster.fr\/blog-sejours-vacances\/files\/2018\/07\/VOIL.jpg 1536w, https:\/\/www.voilco-aster.fr\/blog-sejours-vacances\/files\/2018\/07\/VOIL-225x300.jpg 225w, https:\/\/www.voilco-aster.fr\/blog-sejours-vacances\/files\/2018\/07\/VOIL-768x1024.jpg 768w, https:\/\/www.voilco-aster.fr\/blog-sejours-vacances\/files\/2018\/07\/VOIL-600x800.jpg 600w\" sizes=\"auto, (max-width: 1536px) 100vw, 1536px\" \/><br \/>\nCe soir les enfants se sont initi\u00e9s \u00e0 la danse hongroise avec Sara et nous avons poursuivi la soir\u00e9e par une veill\u00e9e astronomie anim\u00e9e par Blaise, avec l&rsquo;observation de la lune, et l&rsquo;\u00e9tude des \u00e9toiles, une soir\u00e9e riche en d\u00e9couverte. Les enfants se sont couch\u00e9s des \u00e9toiles plein les yeux.<\/p>\n","protected":false},"excerpt":{"rendered":"<p>Amis du jour bonjour, amis du soir bonsoir ! Hier nous avons d\u00e9but\u00e9 la matin\u00e9e avec la poursuite de nos projets (micro-fus\u00e9es, cano\u00eb-kayak, journalisme, rando 3, th\u00e9\u00e2tre) pendant que certains copains sont partis pour la randonn\u00e9e n\u00b02 (au programme camping et piscine pendant 3 jours). L&rsquo;apr\u00e8s-midi 8 enfants se sont initi\u00e9s \u00e0 la voile avec &hellip; <a href=\"https:\/\/www.voilco-aster.fr\/blog-sejours-vacances\/2018\/07\/24\/les-jours-senchainent-mais-ne-se-ressemblent-pas\/\" class=\"more-link\">Continuer la lecture de <span class=\"screen-reader-text\">Les jours s&rsquo;encha\u00eenent mais ne se ressemblent pas<\/span><\/a><\/p>\n","protected":false},"author":6,"featured_media":0,"comment_status":"open","ping_status":"closed","sticky":false,"template":"","format":"standard","meta":{"footnotes":""},"categories":[1],"tags":[],"class_list":["post-5828","post","type-post","status-publish","format-standard","hentry","category-sejours-ete"],"_links":{"self":[{"href":"https:\/\/www.voilco-aster.fr\/blog-sejours-vacances\/wp-json\/wp\/v2\/posts\/5828","targetHints":{"allow":["GET"]}}],"collection":[{"href":"https:\/\/www.voilco-aster.fr\/blog-sejours-vacances\/wp-json\/wp\/v2\/posts"}],"about":[{"href":"https:\/\/www.voilco-aster.fr\/blog-sejours-vacances\/wp-json\/wp\/v2\/types\/post"}],"author":[{"embeddable":true,"href":"https:\/\/www.voilco-aster.fr\/blog-sejours-vacances\/wp-json\/wp\/v2\/users\/6"}],"replies":[{"embeddable":true,"href":"https:\/\/www.voilco-aster.fr\/blog-sejours-vacances\/wp-json\/wp\/v2\/comments?post=5828"}],"version-history":[{"count":1,"href":"https:\/\/www.voilco-aster.fr\/blog-sejours-vacances\/wp-json\/wp\/v2\/posts\/5828\/revisions"}],"predecessor-version":[{"id":5838,"href":"https:\/\/www.voilco-aster.fr\/blog-sejours-vacances\/wp-json\/wp\/v2\/posts\/5828\/revisions\/5838"}],"wp:attachment":[{"href":"https:\/\/www.voilco-aster.fr\/blog-sejours-vacances\/wp-json\/wp\/v2\/media?parent=5828"}],"wp:term":[{"taxonomy":"category","embeddable":true,"href":"https:\/\/www.voilco-aster.fr\/blog-sejours-vacances\/wp-json\/wp\/v2\/categories?post=5828"},{"taxonomy":"post_tag","embeddable":true,"href":"https:\/\/www.voilco-aster.fr\/blog-sejours-vacances\/wp-json\/wp\/v2\/tags?post=5828"}],"curies":[{"name":"wp","href":"https:\/\/api.w.org\/{rel}","templated":true}]}}