{"id":6269,"date":"2019-07-19T14:17:27","date_gmt":"2019-07-19T13:17:27","guid":{"rendered":"https:\/\/www.voilco-aster.fr\/blog-sejours-vacances\/?p=6269"},"modified":"2019-07-19T14:17:27","modified_gmt":"2019-07-19T13:17:27","slug":"il-faut-chaud","status":"publish","type":"post","link":"https:\/\/www.voilco-aster.fr\/blog-sejours-vacances\/2019\/07\/19\/il-faut-chaud\/","title":{"rendered":"Il faut chaud"},"content":{"rendered":"\n<p>Hier nous nous sommes baign\u00e9s avec la chaleur qu\u2019il faisait.<\/p>\n\n\n\n<p>Le matin nous avons continu\u00e9 nos projet d\u2019animation <\/p>\n\n\n\n<p>Le tournoi Voilco sport se pr\u00e9sente bien les pose paraphent a arbitrer les diff\u00e9rentes \u00e9preuves auxquelles vont jou\u00e9 leurs copains.<\/p>\n\n\n\n<p>La rando 2 se pr\u00e9pare, ils vont pouvoir pr\u00e9parer le barbecue avec les animateurs<\/p>\n\n\n\n<ul class=\"wp-block-gallery columns-3 is-cropped wp-block-gallery-1 is-layout-flex wp-block-gallery-is-layout-flex\"><li class=\"blocks-gallery-item\"><figure><img loading=\"lazy\" decoding=\"async\" width=\"800\" height=\"600\" src=\"https:\/\/www.voilco-aster.fr\/blog-sejours-vacances\/files\/2019\/07\/55AFA4B7-2F67-4066-95F6-EFBFB8BEB432-800x600.jpeg\" alt=\"\" data-id=\"6250\" data-link=\"https:\/\/www.voilco-aster.fr\/blog-sejours-vacances\/?attachment_id=6250\" class=\"wp-image-6250\" srcset=\"https:\/\/www.voilco-aster.fr\/blog-sejours-vacances\/files\/2019\/07\/55AFA4B7-2F67-4066-95F6-EFBFB8BEB432-800x600.jpeg 800w, https:\/\/www.voilco-aster.fr\/blog-sejours-vacances\/files\/2019\/07\/55AFA4B7-2F67-4066-95F6-EFBFB8BEB432-300x225.jpeg 300w, https:\/\/www.voilco-aster.fr\/blog-sejours-vacances\/files\/2019\/07\/55AFA4B7-2F67-4066-95F6-EFBFB8BEB432-768x576.jpeg 768w\" sizes=\"auto, (max-width: 800px) 100vw, 800px\" \/><\/figure><\/li><li class=\"blocks-gallery-item\"><figure><img loading=\"lazy\" decoding=\"async\" width=\"800\" height=\"600\" src=\"https:\/\/www.voilco-aster.fr\/blog-sejours-vacances\/files\/2019\/07\/2E0FEA86-5F43-4046-9E1C-11A51CBAFD10-800x600.jpeg\" alt=\"\" data-id=\"6249\" data-link=\"https:\/\/www.voilco-aster.fr\/blog-sejours-vacances\/?attachment_id=6249\" class=\"wp-image-6249\" srcset=\"https:\/\/www.voilco-aster.fr\/blog-sejours-vacances\/files\/2019\/07\/2E0FEA86-5F43-4046-9E1C-11A51CBAFD10-800x600.jpeg 800w, https:\/\/www.voilco-aster.fr\/blog-sejours-vacances\/files\/2019\/07\/2E0FEA86-5F43-4046-9E1C-11A51CBAFD10-300x225.jpeg 300w, https:\/\/www.voilco-aster.fr\/blog-sejours-vacances\/files\/2019\/07\/2E0FEA86-5F43-4046-9E1C-11A51CBAFD10-768x576.jpeg 768w, https:\/\/www.voilco-aster.fr\/blog-sejours-vacances\/files\/2019\/07\/2E0FEA86-5F43-4046-9E1C-11A51CBAFD10.jpeg 2048w\" sizes=\"auto, (max-width: 800px) 100vw, 800px\" \/><\/figure><\/li><li class=\"blocks-gallery-item\"><figure><img loading=\"lazy\" decoding=\"async\" width=\"800\" height=\"600\" src=\"https:\/\/www.voilco-aster.fr\/blog-sejours-vacances\/files\/2019\/07\/BF87E906-994E-4A19-866F-5DC91FA04D24-800x600.jpeg\" alt=\"\" data-id=\"6248\" data-link=\"https:\/\/www.voilco-aster.fr\/blog-sejours-vacances\/?attachment_id=6248\" class=\"wp-image-6248\" srcset=\"https:\/\/www.voilco-aster.fr\/blog-sejours-vacances\/files\/2019\/07\/BF87E906-994E-4A19-866F-5DC91FA04D24-800x600.jpeg 800w, https:\/\/www.voilco-aster.fr\/blog-sejours-vacances\/files\/2019\/07\/BF87E906-994E-4A19-866F-5DC91FA04D24-300x225.jpeg 300w, https:\/\/www.voilco-aster.fr\/blog-sejours-vacances\/files\/2019\/07\/BF87E906-994E-4A19-866F-5DC91FA04D24-768x576.jpeg 768w, https:\/\/www.voilco-aster.fr\/blog-sejours-vacances\/files\/2019\/07\/BF87E906-994E-4A19-866F-5DC91FA04D24.jpeg 2048w\" sizes=\"auto, (max-width: 800px) 100vw, 800px\" \/><\/figure><\/li><li class=\"blocks-gallery-item\"><figure><img loading=\"lazy\" decoding=\"async\" width=\"800\" height=\"600\" src=\"https:\/\/www.voilco-aster.fr\/blog-sejours-vacances\/files\/2019\/07\/2A8EEC9E-8D76-422B-A550-57C408CF41DB-800x600.jpeg\" alt=\"\" data-id=\"6247\" data-link=\"https:\/\/www.voilco-aster.fr\/blog-sejours-vacances\/?attachment_id=6247\" class=\"wp-image-6247\" srcset=\"https:\/\/www.voilco-aster.fr\/blog-sejours-vacances\/files\/2019\/07\/2A8EEC9E-8D76-422B-A550-57C408CF41DB-800x600.jpeg 800w, https:\/\/www.voilco-aster.fr\/blog-sejours-vacances\/files\/2019\/07\/2A8EEC9E-8D76-422B-A550-57C408CF41DB-300x225.jpeg 300w, https:\/\/www.voilco-aster.fr\/blog-sejours-vacances\/files\/2019\/07\/2A8EEC9E-8D76-422B-A550-57C408CF41DB-768x576.jpeg 768w\" sizes=\"auto, (max-width: 800px) 100vw, 800px\" \/><\/figure><\/li><li class=\"blocks-gallery-item\"><figure><img loading=\"lazy\" decoding=\"async\" width=\"800\" height=\"600\" src=\"https:\/\/www.voilco-aster.fr\/blog-sejours-vacances\/files\/2019\/07\/8C0A4A50-EE2D-444E-9A64-594902B7989A-800x600.jpeg\" alt=\"\" data-id=\"6246\" data-link=\"https:\/\/www.voilco-aster.fr\/blog-sejours-vacances\/?attachment_id=6246\" class=\"wp-image-6246\" srcset=\"https:\/\/www.voilco-aster.fr\/blog-sejours-vacances\/files\/2019\/07\/8C0A4A50-EE2D-444E-9A64-594902B7989A-800x600.jpeg 800w, https:\/\/www.voilco-aster.fr\/blog-sejours-vacances\/files\/2019\/07\/8C0A4A50-EE2D-444E-9A64-594902B7989A-300x225.jpeg 300w, https:\/\/www.voilco-aster.fr\/blog-sejours-vacances\/files\/2019\/07\/8C0A4A50-EE2D-444E-9A64-594902B7989A-768x576.jpeg 768w\" sizes=\"auto, (max-width: 800px) 100vw, 800px\" \/><\/figure><\/li><li class=\"blocks-gallery-item\"><figure><img loading=\"lazy\" decoding=\"async\" width=\"800\" height=\"600\" src=\"https:\/\/www.voilco-aster.fr\/blog-sejours-vacances\/files\/2019\/07\/208E96D9-7AE8-45FD-916F-3B78789D575F-800x600.jpeg\" alt=\"\" data-id=\"6245\" data-link=\"https:\/\/www.voilco-aster.fr\/blog-sejours-vacances\/?attachment_id=6245\" class=\"wp-image-6245\" srcset=\"https:\/\/www.voilco-aster.fr\/blog-sejours-vacances\/files\/2019\/07\/208E96D9-7AE8-45FD-916F-3B78789D575F-800x600.jpeg 800w, https:\/\/www.voilco-aster.fr\/blog-sejours-vacances\/files\/2019\/07\/208E96D9-7AE8-45FD-916F-3B78789D575F-300x225.jpeg 300w, https:\/\/www.voilco-aster.fr\/blog-sejours-vacances\/files\/2019\/07\/208E96D9-7AE8-45FD-916F-3B78789D575F-768x576.jpeg 768w\" sizes=\"auto, (max-width: 800px) 100vw, 800px\" \/><\/figure><\/li><li class=\"blocks-gallery-item\"><figure><img loading=\"lazy\" decoding=\"async\" width=\"800\" height=\"600\" src=\"https:\/\/www.voilco-aster.fr\/blog-sejours-vacances\/files\/2019\/07\/665C6FF6-A7AC-4A50-B2DA-084072054A0F-800x600.jpeg\" alt=\"\" data-id=\"6244\" data-link=\"https:\/\/www.voilco-aster.fr\/blog-sejours-vacances\/?attachment_id=6244\" class=\"wp-image-6244\" srcset=\"https:\/\/www.voilco-aster.fr\/blog-sejours-vacances\/files\/2019\/07\/665C6FF6-A7AC-4A50-B2DA-084072054A0F-800x600.jpeg 800w, https:\/\/www.voilco-aster.fr\/blog-sejours-vacances\/files\/2019\/07\/665C6FF6-A7AC-4A50-B2DA-084072054A0F-300x225.jpeg 300w, https:\/\/www.voilco-aster.fr\/blog-sejours-vacances\/files\/2019\/07\/665C6FF6-A7AC-4A50-B2DA-084072054A0F-768x576.jpeg 768w\" sizes=\"auto, (max-width: 800px) 100vw, 800px\" \/><\/figure><\/li><li class=\"blocks-gallery-item\"><figure><img loading=\"lazy\" decoding=\"async\" width=\"800\" height=\"600\" src=\"https:\/\/www.voilco-aster.fr\/blog-sejours-vacances\/files\/2019\/07\/F6BABF21-3E1C-46C3-AD16-3CC210159C0B-800x600.jpeg\" alt=\"\" data-id=\"6270\" data-link=\"https:\/\/www.voilco-aster.fr\/blog-sejours-vacances\/?attachment_id=6270\" class=\"wp-image-6270\" srcset=\"https:\/\/www.voilco-aster.fr\/blog-sejours-vacances\/files\/2019\/07\/F6BABF21-3E1C-46C3-AD16-3CC210159C0B-800x600.jpeg 800w, https:\/\/www.voilco-aster.fr\/blog-sejours-vacances\/files\/2019\/07\/F6BABF21-3E1C-46C3-AD16-3CC210159C0B-300x225.jpeg 300w, https:\/\/www.voilco-aster.fr\/blog-sejours-vacances\/files\/2019\/07\/F6BABF21-3E1C-46C3-AD16-3CC210159C0B-768x576.jpeg 768w\" sizes=\"auto, (max-width: 800px) 100vw, 800px\" \/><\/figure><\/li><li class=\"blocks-gallery-item\"><figure><img loading=\"lazy\" decoding=\"async\" width=\"800\" height=\"600\" src=\"https:\/\/www.voilco-aster.fr\/blog-sejours-vacances\/files\/2019\/07\/2C8B28FE-58D8-43EC-9E11-3DCF4B5422BD-800x600.jpeg\" alt=\"\" data-id=\"6271\" data-link=\"https:\/\/www.voilco-aster.fr\/blog-sejours-vacances\/?attachment_id=6271\" class=\"wp-image-6271\" srcset=\"https:\/\/www.voilco-aster.fr\/blog-sejours-vacances\/files\/2019\/07\/2C8B28FE-58D8-43EC-9E11-3DCF4B5422BD-800x600.jpeg 800w, https:\/\/www.voilco-aster.fr\/blog-sejours-vacances\/files\/2019\/07\/2C8B28FE-58D8-43EC-9E11-3DCF4B5422BD-300x225.jpeg 300w, https:\/\/www.voilco-aster.fr\/blog-sejours-vacances\/files\/2019\/07\/2C8B28FE-58D8-43EC-9E11-3DCF4B5422BD-768x576.jpeg 768w\" sizes=\"auto, (max-width: 800px) 100vw, 800px\" \/><\/figure><\/li><li class=\"blocks-gallery-item\"><figure><img loading=\"lazy\" decoding=\"async\" width=\"800\" height=\"600\" src=\"https:\/\/www.voilco-aster.fr\/blog-sejours-vacances\/files\/2019\/07\/820871B0-B2B6-48BB-8B42-11F8D6A32834-800x600.jpeg\" alt=\"\" data-id=\"6272\" data-link=\"https:\/\/www.voilco-aster.fr\/blog-sejours-vacances\/?attachment_id=6272\" class=\"wp-image-6272\" srcset=\"https:\/\/www.voilco-aster.fr\/blog-sejours-vacances\/files\/2019\/07\/820871B0-B2B6-48BB-8B42-11F8D6A32834-800x600.jpeg 800w, https:\/\/www.voilco-aster.fr\/blog-sejours-vacances\/files\/2019\/07\/820871B0-B2B6-48BB-8B42-11F8D6A32834-300x225.jpeg 300w, https:\/\/www.voilco-aster.fr\/blog-sejours-vacances\/files\/2019\/07\/820871B0-B2B6-48BB-8B42-11F8D6A32834-768x576.jpeg 768w\" sizes=\"auto, (max-width: 800px) 100vw, 800px\" \/><\/figure><\/li><li class=\"blocks-gallery-item\"><figure><img loading=\"lazy\" decoding=\"async\" width=\"800\" height=\"600\" src=\"https:\/\/www.voilco-aster.fr\/blog-sejours-vacances\/files\/2019\/07\/02B9F00C-8B00-49BB-8BDB-59C01773A346-800x600.jpeg\" alt=\"\" data-id=\"6273\" data-link=\"https:\/\/www.voilco-aster.fr\/blog-sejours-vacances\/?attachment_id=6273\" class=\"wp-image-6273\" srcset=\"https:\/\/www.voilco-aster.fr\/blog-sejours-vacances\/files\/2019\/07\/02B9F00C-8B00-49BB-8BDB-59C01773A346-800x600.jpeg 800w, https:\/\/www.voilco-aster.fr\/blog-sejours-vacances\/files\/2019\/07\/02B9F00C-8B00-49BB-8BDB-59C01773A346-300x225.jpeg 300w, https:\/\/www.voilco-aster.fr\/blog-sejours-vacances\/files\/2019\/07\/02B9F00C-8B00-49BB-8BDB-59C01773A346-768x576.jpeg 768w, https:\/\/www.voilco-aster.fr\/blog-sejours-vacances\/files\/2019\/07\/02B9F00C-8B00-49BB-8BDB-59C01773A346.jpeg 2048w\" sizes=\"auto, (max-width: 800px) 100vw, 800px\" \/><\/figure><\/li><li class=\"blocks-gallery-item\"><figure><img loading=\"lazy\" decoding=\"async\" width=\"800\" height=\"600\" src=\"https:\/\/www.voilco-aster.fr\/blog-sejours-vacances\/files\/2019\/07\/0EE98461-7FB7-435B-AC97-A81E2FF5B6DD-800x600.jpeg\" alt=\"\" data-id=\"6274\" data-link=\"https:\/\/www.voilco-aster.fr\/blog-sejours-vacances\/?attachment_id=6274\" class=\"wp-image-6274\" srcset=\"https:\/\/www.voilco-aster.fr\/blog-sejours-vacances\/files\/2019\/07\/0EE98461-7FB7-435B-AC97-A81E2FF5B6DD-800x600.jpeg 800w, https:\/\/www.voilco-aster.fr\/blog-sejours-vacances\/files\/2019\/07\/0EE98461-7FB7-435B-AC97-A81E2FF5B6DD-300x225.jpeg 300w, https:\/\/www.voilco-aster.fr\/blog-sejours-vacances\/files\/2019\/07\/0EE98461-7FB7-435B-AC97-A81E2FF5B6DD-768x576.jpeg 768w, https:\/\/www.voilco-aster.fr\/blog-sejours-vacances\/files\/2019\/07\/0EE98461-7FB7-435B-AC97-A81E2FF5B6DD.jpeg 2048w\" sizes=\"auto, (max-width: 800px) 100vw, 800px\" \/><\/figure><\/li><li class=\"blocks-gallery-item\"><figure><img loading=\"lazy\" decoding=\"async\" width=\"800\" height=\"600\" src=\"https:\/\/www.voilco-aster.fr\/blog-sejours-vacances\/files\/2019\/07\/876B17AF-3FA3-4D6F-ADA3-9025C005E496-800x600.jpeg\" alt=\"\" data-id=\"6275\" data-link=\"https:\/\/www.voilco-aster.fr\/blog-sejours-vacances\/?attachment_id=6275\" class=\"wp-image-6275\" srcset=\"https:\/\/www.voilco-aster.fr\/blog-sejours-vacances\/files\/2019\/07\/876B17AF-3FA3-4D6F-ADA3-9025C005E496-800x600.jpeg 800w, https:\/\/www.voilco-aster.fr\/blog-sejours-vacances\/files\/2019\/07\/876B17AF-3FA3-4D6F-ADA3-9025C005E496-300x225.jpeg 300w, https:\/\/www.voilco-aster.fr\/blog-sejours-vacances\/files\/2019\/07\/876B17AF-3FA3-4D6F-ADA3-9025C005E496-768x576.jpeg 768w\" sizes=\"auto, (max-width: 800px) 100vw, 800px\" \/><\/figure><\/li><li class=\"blocks-gallery-item\"><figure><img loading=\"lazy\" decoding=\"async\" width=\"800\" height=\"600\" src=\"https:\/\/www.voilco-aster.fr\/blog-sejours-vacances\/files\/2019\/07\/60890DC8-3177-40D4-B7F5-BF5B3950C039-800x600.jpeg\" alt=\"\" data-id=\"6276\" data-link=\"https:\/\/www.voilco-aster.fr\/blog-sejours-vacances\/?attachment_id=6276\" class=\"wp-image-6276\" srcset=\"https:\/\/www.voilco-aster.fr\/blog-sejours-vacances\/files\/2019\/07\/60890DC8-3177-40D4-B7F5-BF5B3950C039-800x600.jpeg 800w, https:\/\/www.voilco-aster.fr\/blog-sejours-vacances\/files\/2019\/07\/60890DC8-3177-40D4-B7F5-BF5B3950C039-300x225.jpeg 300w, https:\/\/www.voilco-aster.fr\/blog-sejours-vacances\/files\/2019\/07\/60890DC8-3177-40D4-B7F5-BF5B3950C039-768x576.jpeg 768w\" sizes=\"auto, (max-width: 800px) 100vw, 800px\" \/><\/figure><\/li><li class=\"blocks-gallery-item\"><figure><img loading=\"lazy\" decoding=\"async\" width=\"800\" height=\"600\" src=\"https:\/\/www.voilco-aster.fr\/blog-sejours-vacances\/files\/2019\/07\/E9D55F2B-F5F0-4787-92B8-A89972E88787-800x600.jpeg\" alt=\"\" data-id=\"6277\" data-link=\"https:\/\/www.voilco-aster.fr\/blog-sejours-vacances\/?attachment_id=6277\" class=\"wp-image-6277\" srcset=\"https:\/\/www.voilco-aster.fr\/blog-sejours-vacances\/files\/2019\/07\/E9D55F2B-F5F0-4787-92B8-A89972E88787-800x600.jpeg 800w, https:\/\/www.voilco-aster.fr\/blog-sejours-vacances\/files\/2019\/07\/E9D55F2B-F5F0-4787-92B8-A89972E88787-300x225.jpeg 300w, https:\/\/www.voilco-aster.fr\/blog-sejours-vacances\/files\/2019\/07\/E9D55F2B-F5F0-4787-92B8-A89972E88787-768x576.jpeg 768w, https:\/\/www.voilco-aster.fr\/blog-sejours-vacances\/files\/2019\/07\/E9D55F2B-F5F0-4787-92B8-A89972E88787.jpeg 2048w\" sizes=\"auto, (max-width: 800px) 100vw, 800px\" \/><\/figure><\/li><li class=\"blocks-gallery-item\"><figure><img loading=\"lazy\" decoding=\"async\" width=\"800\" height=\"600\" src=\"https:\/\/www.voilco-aster.fr\/blog-sejours-vacances\/files\/2019\/07\/64D1549B-4D3A-42B6-8E7A-ED0704B96FBF-800x600.jpeg\" alt=\"\" data-id=\"6278\" data-link=\"https:\/\/www.voilco-aster.fr\/blog-sejours-vacances\/?attachment_id=6278\" class=\"wp-image-6278\" srcset=\"https:\/\/www.voilco-aster.fr\/blog-sejours-vacances\/files\/2019\/07\/64D1549B-4D3A-42B6-8E7A-ED0704B96FBF-800x600.jpeg 800w, https:\/\/www.voilco-aster.fr\/blog-sejours-vacances\/files\/2019\/07\/64D1549B-4D3A-42B6-8E7A-ED0704B96FBF-300x225.jpeg 300w, https:\/\/www.voilco-aster.fr\/blog-sejours-vacances\/files\/2019\/07\/64D1549B-4D3A-42B6-8E7A-ED0704B96FBF-768x576.jpeg 768w, https:\/\/www.voilco-aster.fr\/blog-sejours-vacances\/files\/2019\/07\/64D1549B-4D3A-42B6-8E7A-ED0704B96FBF.jpeg 2048w\" sizes=\"auto, (max-width: 800px) 100vw, 800px\" \/><\/figure><\/li><li class=\"blocks-gallery-item\"><figure><img loading=\"lazy\" decoding=\"async\" width=\"800\" height=\"600\" src=\"https:\/\/www.voilco-aster.fr\/blog-sejours-vacances\/files\/2019\/07\/5BFC1681-78EC-4AB0-90F3-2D2F771D822F-800x600.jpeg\" alt=\"\" data-id=\"6279\" data-link=\"https:\/\/www.voilco-aster.fr\/blog-sejours-vacances\/?attachment_id=6279\" class=\"wp-image-6279\" srcset=\"https:\/\/www.voilco-aster.fr\/blog-sejours-vacances\/files\/2019\/07\/5BFC1681-78EC-4AB0-90F3-2D2F771D822F-800x600.jpeg 800w, https:\/\/www.voilco-aster.fr\/blog-sejours-vacances\/files\/2019\/07\/5BFC1681-78EC-4AB0-90F3-2D2F771D822F-300x225.jpeg 300w, https:\/\/www.voilco-aster.fr\/blog-sejours-vacances\/files\/2019\/07\/5BFC1681-78EC-4AB0-90F3-2D2F771D822F-768x576.jpeg 768w, https:\/\/www.voilco-aster.fr\/blog-sejours-vacances\/files\/2019\/07\/5BFC1681-78EC-4AB0-90F3-2D2F771D822F.jpeg 2048w\" sizes=\"auto, (max-width: 800px) 100vw, 800px\" \/><\/figure><\/li><li class=\"blocks-gallery-item\"><figure><img loading=\"lazy\" decoding=\"async\" width=\"800\" height=\"600\" src=\"https:\/\/www.voilco-aster.fr\/blog-sejours-vacances\/files\/2019\/07\/73C82F41-973E-4D4A-A0DD-E65629905CC4-800x600.jpeg\" alt=\"\" data-id=\"6280\" data-link=\"https:\/\/www.voilco-aster.fr\/blog-sejours-vacances\/?attachment_id=6280\" class=\"wp-image-6280\" srcset=\"https:\/\/www.voilco-aster.fr\/blog-sejours-vacances\/files\/2019\/07\/73C82F41-973E-4D4A-A0DD-E65629905CC4-800x600.jpeg 800w, https:\/\/www.voilco-aster.fr\/blog-sejours-vacances\/files\/2019\/07\/73C82F41-973E-4D4A-A0DD-E65629905CC4-300x225.jpeg 300w, https:\/\/www.voilco-aster.fr\/blog-sejours-vacances\/files\/2019\/07\/73C82F41-973E-4D4A-A0DD-E65629905CC4-768x576.jpeg 768w\" sizes=\"auto, (max-width: 800px) 100vw, 800px\" \/><\/figure><\/li><li class=\"blocks-gallery-item\"><figure><img loading=\"lazy\" decoding=\"async\" width=\"800\" height=\"600\" src=\"https:\/\/www.voilco-aster.fr\/blog-sejours-vacances\/files\/2019\/07\/73AD139A-839F-4C83-9431-3C1B0564D8AC-800x600.jpeg\" alt=\"\" data-id=\"6281\" data-link=\"https:\/\/www.voilco-aster.fr\/blog-sejours-vacances\/?attachment_id=6281\" class=\"wp-image-6281\" srcset=\"https:\/\/www.voilco-aster.fr\/blog-sejours-vacances\/files\/2019\/07\/73AD139A-839F-4C83-9431-3C1B0564D8AC-800x600.jpeg 800w, https:\/\/www.voilco-aster.fr\/blog-sejours-vacances\/files\/2019\/07\/73AD139A-839F-4C83-9431-3C1B0564D8AC-300x225.jpeg 300w, https:\/\/www.voilco-aster.fr\/blog-sejours-vacances\/files\/2019\/07\/73AD139A-839F-4C83-9431-3C1B0564D8AC-768x576.jpeg 768w\" sizes=\"auto, (max-width: 800px) 100vw, 800px\" \/><\/figure><\/li><li class=\"blocks-gallery-item\"><figure><img loading=\"lazy\" decoding=\"async\" width=\"800\" height=\"600\" src=\"https:\/\/www.voilco-aster.fr\/blog-sejours-vacances\/files\/2019\/07\/A56B0E97-3F4C-425C-974E-B3E6B86F0AC0-800x600.jpeg\" alt=\"\" data-id=\"6282\" data-link=\"https:\/\/www.voilco-aster.fr\/blog-sejours-vacances\/?attachment_id=6282\" class=\"wp-image-6282\" srcset=\"https:\/\/www.voilco-aster.fr\/blog-sejours-vacances\/files\/2019\/07\/A56B0E97-3F4C-425C-974E-B3E6B86F0AC0-800x600.jpeg 800w, https:\/\/www.voilco-aster.fr\/blog-sejours-vacances\/files\/2019\/07\/A56B0E97-3F4C-425C-974E-B3E6B86F0AC0-300x225.jpeg 300w, https:\/\/www.voilco-aster.fr\/blog-sejours-vacances\/files\/2019\/07\/A56B0E97-3F4C-425C-974E-B3E6B86F0AC0-768x576.jpeg 768w\" sizes=\"auto, (max-width: 800px) 100vw, 800px\" \/><\/figure><\/li><li class=\"blocks-gallery-item\"><figure><img loading=\"lazy\" decoding=\"async\" width=\"800\" height=\"600\" src=\"https:\/\/www.voilco-aster.fr\/blog-sejours-vacances\/files\/2019\/07\/85376A5A-E9F2-4C22-A164-E43B9027F3B8-800x600.jpeg\" alt=\"\" data-id=\"6283\" data-link=\"https:\/\/www.voilco-aster.fr\/blog-sejours-vacances\/?attachment_id=6283\" class=\"wp-image-6283\" srcset=\"https:\/\/www.voilco-aster.fr\/blog-sejours-vacances\/files\/2019\/07\/85376A5A-E9F2-4C22-A164-E43B9027F3B8-800x600.jpeg 800w, https:\/\/www.voilco-aster.fr\/blog-sejours-vacances\/files\/2019\/07\/85376A5A-E9F2-4C22-A164-E43B9027F3B8-300x225.jpeg 300w, https:\/\/www.voilco-aster.fr\/blog-sejours-vacances\/files\/2019\/07\/85376A5A-E9F2-4C22-A164-E43B9027F3B8-768x576.jpeg 768w, https:\/\/www.voilco-aster.fr\/blog-sejours-vacances\/files\/2019\/07\/85376A5A-E9F2-4C22-A164-E43B9027F3B8.jpeg 2048w\" sizes=\"auto, (max-width: 800px) 100vw, 800px\" \/><\/figure><\/li><li class=\"blocks-gallery-item\"><figure><img loading=\"lazy\" decoding=\"async\" width=\"800\" height=\"600\" src=\"https:\/\/www.voilco-aster.fr\/blog-sejours-vacances\/files\/2019\/07\/9F521602-0585-44E9-BCCB-4A6930AD4A88-800x600.jpeg\" alt=\"\" data-id=\"6284\" data-link=\"https:\/\/www.voilco-aster.fr\/blog-sejours-vacances\/?attachment_id=6284\" class=\"wp-image-6284\" srcset=\"https:\/\/www.voilco-aster.fr\/blog-sejours-vacances\/files\/2019\/07\/9F521602-0585-44E9-BCCB-4A6930AD4A88-800x600.jpeg 800w, https:\/\/www.voilco-aster.fr\/blog-sejours-vacances\/files\/2019\/07\/9F521602-0585-44E9-BCCB-4A6930AD4A88-300x225.jpeg 300w, https:\/\/www.voilco-aster.fr\/blog-sejours-vacances\/files\/2019\/07\/9F521602-0585-44E9-BCCB-4A6930AD4A88-768x576.jpeg 768w\" sizes=\"auto, (max-width: 800px) 100vw, 800px\" \/><\/figure><\/li><li class=\"blocks-gallery-item\"><figure><img loading=\"lazy\" decoding=\"async\" width=\"800\" height=\"600\" src=\"https:\/\/www.voilco-aster.fr\/blog-sejours-vacances\/files\/2019\/07\/6309E781-B7B1-4560-9650-45425E1CB6F3-800x600.jpeg\" alt=\"\" data-id=\"6285\" data-link=\"https:\/\/www.voilco-aster.fr\/blog-sejours-vacances\/?attachment_id=6285\" class=\"wp-image-6285\" srcset=\"https:\/\/www.voilco-aster.fr\/blog-sejours-vacances\/files\/2019\/07\/6309E781-B7B1-4560-9650-45425E1CB6F3-800x600.jpeg 800w, https:\/\/www.voilco-aster.fr\/blog-sejours-vacances\/files\/2019\/07\/6309E781-B7B1-4560-9650-45425E1CB6F3-300x225.jpeg 300w, https:\/\/www.voilco-aster.fr\/blog-sejours-vacances\/files\/2019\/07\/6309E781-B7B1-4560-9650-45425E1CB6F3-768x576.jpeg 768w\" sizes=\"auto, (max-width: 800px) 100vw, 800px\" \/><\/figure><\/li><li class=\"blocks-gallery-item\"><figure><img loading=\"lazy\" decoding=\"async\" width=\"800\" height=\"600\" src=\"https:\/\/www.voilco-aster.fr\/blog-sejours-vacances\/files\/2019\/07\/7955E982-77AD-4D3B-B87C-0581CAB0FF38-800x600.jpeg\" alt=\"\" data-id=\"6286\" data-link=\"https:\/\/www.voilco-aster.fr\/blog-sejours-vacances\/?attachment_id=6286\" class=\"wp-image-6286\" srcset=\"https:\/\/www.voilco-aster.fr\/blog-sejours-vacances\/files\/2019\/07\/7955E982-77AD-4D3B-B87C-0581CAB0FF38-800x600.jpeg 800w, https:\/\/www.voilco-aster.fr\/blog-sejours-vacances\/files\/2019\/07\/7955E982-77AD-4D3B-B87C-0581CAB0FF38-300x225.jpeg 300w, https:\/\/www.voilco-aster.fr\/blog-sejours-vacances\/files\/2019\/07\/7955E982-77AD-4D3B-B87C-0581CAB0FF38-768x576.jpeg 768w\" sizes=\"auto, (max-width: 800px) 100vw, 800px\" \/><\/figure><\/li><li class=\"blocks-gallery-item\"><figure><img loading=\"lazy\" decoding=\"async\" width=\"800\" height=\"600\" src=\"https:\/\/www.voilco-aster.fr\/blog-sejours-vacances\/files\/2019\/07\/E972A78F-31D7-467E-94DB-E794E2CF4D26-800x600.jpeg\" alt=\"\" data-id=\"6287\" data-link=\"https:\/\/www.voilco-aster.fr\/blog-sejours-vacances\/?attachment_id=6287\" class=\"wp-image-6287\" srcset=\"https:\/\/www.voilco-aster.fr\/blog-sejours-vacances\/files\/2019\/07\/E972A78F-31D7-467E-94DB-E794E2CF4D26-800x600.jpeg 800w, https:\/\/www.voilco-aster.fr\/blog-sejours-vacances\/files\/2019\/07\/E972A78F-31D7-467E-94DB-E794E2CF4D26-300x225.jpeg 300w, https:\/\/www.voilco-aster.fr\/blog-sejours-vacances\/files\/2019\/07\/E972A78F-31D7-467E-94DB-E794E2CF4D26-768x576.jpeg 768w\" sizes=\"auto, (max-width: 800px) 100vw, 800px\" \/><\/figure><\/li><\/ul>\n","protected":false},"excerpt":{"rendered":"<p>Hier nous nous sommes baign\u00e9s avec la chaleur qu\u2019il faisait. Le matin nous avons continu\u00e9 nos projet d\u2019animation Le tournoi Voilco sport se pr\u00e9sente bien les pose paraphent a arbitrer les diff\u00e9rentes \u00e9preuves auxquelles vont jou\u00e9 leurs copains. La rando 2 se pr\u00e9pare, ils vont pouvoir pr\u00e9parer le barbecue avec les animateurs<\/p>\n","protected":false},"author":6,"featured_media":0,"comment_status":"open","ping_status":"closed","sticky":false,"template":"","format":"standard","meta":{"footnotes":""},"categories":[5],"tags":[],"class_list":["post-6269","post","type-post","status-publish","format-standard","hentry","category-sejours-6-11-ans"],"_links":{"self":[{"href":"https:\/\/www.voilco-aster.fr\/blog-sejours-vacances\/wp-json\/wp\/v2\/posts\/6269","targetHints":{"allow":["GET"]}}],"collection":[{"href":"https:\/\/www.voilco-aster.fr\/blog-sejours-vacances\/wp-json\/wp\/v2\/posts"}],"about":[{"href":"https:\/\/www.voilco-aster.fr\/blog-sejours-vacances\/wp-json\/wp\/v2\/types\/post"}],"author":[{"embeddable":true,"href":"https:\/\/www.voilco-aster.fr\/blog-sejours-vacances\/wp-json\/wp\/v2\/users\/6"}],"replies":[{"embeddable":true,"href":"https:\/\/www.voilco-aster.fr\/blog-sejours-vacances\/wp-json\/wp\/v2\/comments?post=6269"}],"version-history":[{"count":1,"href":"https:\/\/www.voilco-aster.fr\/blog-sejours-vacances\/wp-json\/wp\/v2\/posts\/6269\/revisions"}],"predecessor-version":[{"id":6288,"href":"https:\/\/www.voilco-aster.fr\/blog-sejours-vacances\/wp-json\/wp\/v2\/posts\/6269\/revisions\/6288"}],"wp:attachment":[{"href":"https:\/\/www.voilco-aster.fr\/blog-sejours-vacances\/wp-json\/wp\/v2\/media?parent=6269"}],"wp:term":[{"taxonomy":"category","embeddable":true,"href":"https:\/\/www.voilco-aster.fr\/blog-sejours-vacances\/wp-json\/wp\/v2\/categories?post=6269"},{"taxonomy":"post_tag","embeddable":true,"href":"https:\/\/www.voilco-aster.fr\/blog-sejours-vacances\/wp-json\/wp\/v2\/tags?post=6269"}],"curies":[{"name":"wp","href":"https:\/\/api.w.org\/{rel}","templated":true}]}}