{"id":6289,"date":"2019-07-19T14:35:22","date_gmt":"2019-07-19T13:35:22","guid":{"rendered":"https:\/\/www.voilco-aster.fr\/blog-sejours-vacances\/?p=6289"},"modified":"2019-07-19T14:35:22","modified_gmt":"2019-07-19T13:35:22","slug":"encore-une-belle-journee-5","status":"publish","type":"post","link":"https:\/\/www.voilco-aster.fr\/blog-sejours-vacances\/2019\/07\/19\/encore-une-belle-journee-5\/","title":{"rendered":"Encore une belle journ\u00e9e"},"content":{"rendered":"\n<p>Les enfants continuent de profiter de leurs vacances \u00e0 fond, ils chantent, ils dansent, nous avons le bonheur d\u2019avoir un super groupe il y a peu de dispute. Nous profitons autant qu\u2019eux nous passons tous de superbes moments.<\/p>\n\n\n\n<p>Les enfants de la randonn\u00e9e 1 vont rentr\u00e9s demain apr\u00e9s midi ils nous manquent <\/p>\n\n\n\n<p><\/p>\n\n\n\n<p><\/p>\n\n\n\n<ul class=\"wp-block-gallery columns-3 is-cropped wp-block-gallery-1 is-layout-flex wp-block-gallery-is-layout-flex\"><li class=\"blocks-gallery-item\"><figure><img loading=\"lazy\" decoding=\"async\" width=\"800\" height=\"600\" src=\"https:\/\/www.voilco-aster.fr\/blog-sejours-vacances\/files\/2019\/07\/C2D4CCC5-BC90-4B39-91E3-8EECAE9B380B-800x600.jpeg\" alt=\"\" data-id=\"6290\" data-link=\"https:\/\/www.voilco-aster.fr\/blog-sejours-vacances\/?attachment_id=6290\" class=\"wp-image-6290\" srcset=\"https:\/\/www.voilco-aster.fr\/blog-sejours-vacances\/files\/2019\/07\/C2D4CCC5-BC90-4B39-91E3-8EECAE9B380B-800x600.jpeg 800w, https:\/\/www.voilco-aster.fr\/blog-sejours-vacances\/files\/2019\/07\/C2D4CCC5-BC90-4B39-91E3-8EECAE9B380B-300x225.jpeg 300w, https:\/\/www.voilco-aster.fr\/blog-sejours-vacances\/files\/2019\/07\/C2D4CCC5-BC90-4B39-91E3-8EECAE9B380B-768x576.jpeg 768w\" sizes=\"auto, (max-width: 800px) 100vw, 800px\" \/><\/figure><\/li><li class=\"blocks-gallery-item\"><figure><img loading=\"lazy\" decoding=\"async\" width=\"800\" height=\"600\" src=\"https:\/\/www.voilco-aster.fr\/blog-sejours-vacances\/files\/2019\/07\/FDDEB612-1867-40C3-80AD-922A18D397DC-800x600.jpeg\" alt=\"\" data-id=\"6291\" data-link=\"https:\/\/www.voilco-aster.fr\/blog-sejours-vacances\/?attachment_id=6291\" class=\"wp-image-6291\" srcset=\"https:\/\/www.voilco-aster.fr\/blog-sejours-vacances\/files\/2019\/07\/FDDEB612-1867-40C3-80AD-922A18D397DC-800x600.jpeg 800w, https:\/\/www.voilco-aster.fr\/blog-sejours-vacances\/files\/2019\/07\/FDDEB612-1867-40C3-80AD-922A18D397DC-300x225.jpeg 300w, https:\/\/www.voilco-aster.fr\/blog-sejours-vacances\/files\/2019\/07\/FDDEB612-1867-40C3-80AD-922A18D397DC-768x576.jpeg 768w\" sizes=\"auto, (max-width: 800px) 100vw, 800px\" \/><\/figure><\/li><li class=\"blocks-gallery-item\"><figure><img loading=\"lazy\" decoding=\"async\" width=\"800\" height=\"600\" src=\"https:\/\/www.voilco-aster.fr\/blog-sejours-vacances\/files\/2019\/07\/6A343A51-5DDA-489C-91FF-FD57180DC6D6-800x600.jpeg\" alt=\"\" data-id=\"6292\" data-link=\"https:\/\/www.voilco-aster.fr\/blog-sejours-vacances\/?attachment_id=6292\" class=\"wp-image-6292\" srcset=\"https:\/\/www.voilco-aster.fr\/blog-sejours-vacances\/files\/2019\/07\/6A343A51-5DDA-489C-91FF-FD57180DC6D6-800x600.jpeg 800w, https:\/\/www.voilco-aster.fr\/blog-sejours-vacances\/files\/2019\/07\/6A343A51-5DDA-489C-91FF-FD57180DC6D6-300x225.jpeg 300w, https:\/\/www.voilco-aster.fr\/blog-sejours-vacances\/files\/2019\/07\/6A343A51-5DDA-489C-91FF-FD57180DC6D6-768x576.jpeg 768w\" sizes=\"auto, (max-width: 800px) 100vw, 800px\" \/><\/figure><\/li><li class=\"blocks-gallery-item\"><figure><img loading=\"lazy\" decoding=\"async\" width=\"800\" height=\"600\" src=\"https:\/\/www.voilco-aster.fr\/blog-sejours-vacances\/files\/2019\/07\/D0F6DB37-0EE0-4B32-B469-15310216972C-800x600.jpeg\" alt=\"\" data-id=\"6293\" data-link=\"https:\/\/www.voilco-aster.fr\/blog-sejours-vacances\/?attachment_id=6293\" class=\"wp-image-6293\" srcset=\"https:\/\/www.voilco-aster.fr\/blog-sejours-vacances\/files\/2019\/07\/D0F6DB37-0EE0-4B32-B469-15310216972C-800x600.jpeg 800w, https:\/\/www.voilco-aster.fr\/blog-sejours-vacances\/files\/2019\/07\/D0F6DB37-0EE0-4B32-B469-15310216972C-300x225.jpeg 300w, https:\/\/www.voilco-aster.fr\/blog-sejours-vacances\/files\/2019\/07\/D0F6DB37-0EE0-4B32-B469-15310216972C-768x576.jpeg 768w\" sizes=\"auto, (max-width: 800px) 100vw, 800px\" \/><\/figure><\/li><li class=\"blocks-gallery-item\"><figure><img loading=\"lazy\" decoding=\"async\" width=\"800\" height=\"600\" src=\"https:\/\/www.voilco-aster.fr\/blog-sejours-vacances\/files\/2019\/07\/C9C8400D-27D1-443C-BB9F-4EF7A3AC63C4-800x600.jpeg\" alt=\"\" data-id=\"6294\" data-link=\"https:\/\/www.voilco-aster.fr\/blog-sejours-vacances\/?attachment_id=6294\" class=\"wp-image-6294\" srcset=\"https:\/\/www.voilco-aster.fr\/blog-sejours-vacances\/files\/2019\/07\/C9C8400D-27D1-443C-BB9F-4EF7A3AC63C4-800x600.jpeg 800w, https:\/\/www.voilco-aster.fr\/blog-sejours-vacances\/files\/2019\/07\/C9C8400D-27D1-443C-BB9F-4EF7A3AC63C4-300x225.jpeg 300w, https:\/\/www.voilco-aster.fr\/blog-sejours-vacances\/files\/2019\/07\/C9C8400D-27D1-443C-BB9F-4EF7A3AC63C4-768x576.jpeg 768w\" sizes=\"auto, (max-width: 800px) 100vw, 800px\" \/><\/figure><\/li><li class=\"blocks-gallery-item\"><figure><img loading=\"lazy\" decoding=\"async\" width=\"800\" height=\"600\" src=\"https:\/\/www.voilco-aster.fr\/blog-sejours-vacances\/files\/2019\/07\/1D71A52F-6871-421D-ABB0-D238E8D03501-800x600.jpeg\" alt=\"\" data-id=\"6295\" data-link=\"https:\/\/www.voilco-aster.fr\/blog-sejours-vacances\/?attachment_id=6295\" class=\"wp-image-6295\" srcset=\"https:\/\/www.voilco-aster.fr\/blog-sejours-vacances\/files\/2019\/07\/1D71A52F-6871-421D-ABB0-D238E8D03501-800x600.jpeg 800w, https:\/\/www.voilco-aster.fr\/blog-sejours-vacances\/files\/2019\/07\/1D71A52F-6871-421D-ABB0-D238E8D03501-300x225.jpeg 300w, https:\/\/www.voilco-aster.fr\/blog-sejours-vacances\/files\/2019\/07\/1D71A52F-6871-421D-ABB0-D238E8D03501-768x576.jpeg 768w\" sizes=\"auto, (max-width: 800px) 100vw, 800px\" \/><\/figure><\/li><li class=\"blocks-gallery-item\"><figure><img loading=\"lazy\" decoding=\"async\" width=\"800\" height=\"600\" src=\"https:\/\/www.voilco-aster.fr\/blog-sejours-vacances\/files\/2019\/07\/F9EC3EFD-978E-4592-A3E8-3BDC2343458E-800x600.jpeg\" alt=\"\" data-id=\"6296\" data-link=\"https:\/\/www.voilco-aster.fr\/blog-sejours-vacances\/?attachment_id=6296\" class=\"wp-image-6296\" srcset=\"https:\/\/www.voilco-aster.fr\/blog-sejours-vacances\/files\/2019\/07\/F9EC3EFD-978E-4592-A3E8-3BDC2343458E-800x600.jpeg 800w, https:\/\/www.voilco-aster.fr\/blog-sejours-vacances\/files\/2019\/07\/F9EC3EFD-978E-4592-A3E8-3BDC2343458E-300x225.jpeg 300w, https:\/\/www.voilco-aster.fr\/blog-sejours-vacances\/files\/2019\/07\/F9EC3EFD-978E-4592-A3E8-3BDC2343458E-768x576.jpeg 768w\" sizes=\"auto, (max-width: 800px) 100vw, 800px\" \/><\/figure><\/li><li class=\"blocks-gallery-item\"><figure><img loading=\"lazy\" decoding=\"async\" width=\"800\" height=\"600\" src=\"https:\/\/www.voilco-aster.fr\/blog-sejours-vacances\/files\/2019\/07\/99D4BE21-3280-4A3F-B006-468549B7DF8F-800x600.jpeg\" alt=\"\" data-id=\"6297\" data-link=\"https:\/\/www.voilco-aster.fr\/blog-sejours-vacances\/?attachment_id=6297\" class=\"wp-image-6297\" srcset=\"https:\/\/www.voilco-aster.fr\/blog-sejours-vacances\/files\/2019\/07\/99D4BE21-3280-4A3F-B006-468549B7DF8F-800x600.jpeg 800w, https:\/\/www.voilco-aster.fr\/blog-sejours-vacances\/files\/2019\/07\/99D4BE21-3280-4A3F-B006-468549B7DF8F-300x225.jpeg 300w, https:\/\/www.voilco-aster.fr\/blog-sejours-vacances\/files\/2019\/07\/99D4BE21-3280-4A3F-B006-468549B7DF8F-768x576.jpeg 768w\" sizes=\"auto, (max-width: 800px) 100vw, 800px\" \/><\/figure><\/li><li class=\"blocks-gallery-item\"><figure><img loading=\"lazy\" decoding=\"async\" width=\"800\" height=\"600\" src=\"https:\/\/www.voilco-aster.fr\/blog-sejours-vacances\/files\/2019\/07\/14A39E3E-F1A6-4DF0-8648-28C1805BFF26-800x600.jpeg\" alt=\"\" data-id=\"6298\" data-link=\"https:\/\/www.voilco-aster.fr\/blog-sejours-vacances\/?attachment_id=6298\" class=\"wp-image-6298\" srcset=\"https:\/\/www.voilco-aster.fr\/blog-sejours-vacances\/files\/2019\/07\/14A39E3E-F1A6-4DF0-8648-28C1805BFF26-800x600.jpeg 800w, https:\/\/www.voilco-aster.fr\/blog-sejours-vacances\/files\/2019\/07\/14A39E3E-F1A6-4DF0-8648-28C1805BFF26-300x225.jpeg 300w, https:\/\/www.voilco-aster.fr\/blog-sejours-vacances\/files\/2019\/07\/14A39E3E-F1A6-4DF0-8648-28C1805BFF26-768x576.jpeg 768w\" sizes=\"auto, (max-width: 800px) 100vw, 800px\" \/><\/figure><\/li><li class=\"blocks-gallery-item\"><figure><img loading=\"lazy\" decoding=\"async\" width=\"800\" height=\"600\" src=\"https:\/\/www.voilco-aster.fr\/blog-sejours-vacances\/files\/2019\/07\/097EDE65-6B09-42C3-8953-A35A2CD59014-800x600.jpeg\" alt=\"\" data-id=\"6299\" data-link=\"https:\/\/www.voilco-aster.fr\/blog-sejours-vacances\/?attachment_id=6299\" class=\"wp-image-6299\" srcset=\"https:\/\/www.voilco-aster.fr\/blog-sejours-vacances\/files\/2019\/07\/097EDE65-6B09-42C3-8953-A35A2CD59014-800x600.jpeg 800w, https:\/\/www.voilco-aster.fr\/blog-sejours-vacances\/files\/2019\/07\/097EDE65-6B09-42C3-8953-A35A2CD59014-300x225.jpeg 300w, https:\/\/www.voilco-aster.fr\/blog-sejours-vacances\/files\/2019\/07\/097EDE65-6B09-42C3-8953-A35A2CD59014-768x576.jpeg 768w\" sizes=\"auto, (max-width: 800px) 100vw, 800px\" \/><\/figure><\/li><\/ul>\n","protected":false},"excerpt":{"rendered":"<p>Les enfants continuent de profiter de leurs vacances \u00e0 fond, ils chantent, ils dansent, nous avons le bonheur d\u2019avoir un super groupe il y a peu de dispute. Nous profitons autant qu\u2019eux nous passons tous de superbes moments. Les enfants de la randonn\u00e9e 1 vont rentr\u00e9s demain apr\u00e9s midi ils nous manquent<\/p>\n","protected":false},"author":6,"featured_media":0,"comment_status":"open","ping_status":"closed","sticky":false,"template":"","format":"standard","meta":{"footnotes":""},"categories":[5],"tags":[],"class_list":["post-6289","post","type-post","status-publish","format-standard","hentry","category-sejours-6-11-ans"],"_links":{"self":[{"href":"https:\/\/www.voilco-aster.fr\/blog-sejours-vacances\/wp-json\/wp\/v2\/posts\/6289","targetHints":{"allow":["GET"]}}],"collection":[{"href":"https:\/\/www.voilco-aster.fr\/blog-sejours-vacances\/wp-json\/wp\/v2\/posts"}],"about":[{"href":"https:\/\/www.voilco-aster.fr\/blog-sejours-vacances\/wp-json\/wp\/v2\/types\/post"}],"author":[{"embeddable":true,"href":"https:\/\/www.voilco-aster.fr\/blog-sejours-vacances\/wp-json\/wp\/v2\/users\/6"}],"replies":[{"embeddable":true,"href":"https:\/\/www.voilco-aster.fr\/blog-sejours-vacances\/wp-json\/wp\/v2\/comments?post=6289"}],"version-history":[{"count":1,"href":"https:\/\/www.voilco-aster.fr\/blog-sejours-vacances\/wp-json\/wp\/v2\/posts\/6289\/revisions"}],"predecessor-version":[{"id":6300,"href":"https:\/\/www.voilco-aster.fr\/blog-sejours-vacances\/wp-json\/wp\/v2\/posts\/6289\/revisions\/6300"}],"wp:attachment":[{"href":"https:\/\/www.voilco-aster.fr\/blog-sejours-vacances\/wp-json\/wp\/v2\/media?parent=6289"}],"wp:term":[{"taxonomy":"category","embeddable":true,"href":"https:\/\/www.voilco-aster.fr\/blog-sejours-vacances\/wp-json\/wp\/v2\/categories?post=6289"},{"taxonomy":"post_tag","embeddable":true,"href":"https:\/\/www.voilco-aster.fr\/blog-sejours-vacances\/wp-json\/wp\/v2\/tags?post=6289"}],"curies":[{"name":"wp","href":"https:\/\/api.w.org\/{rel}","templated":true}]}}