{"id":6304,"date":"2019-07-21T00:05:27","date_gmt":"2019-07-20T23:05:27","guid":{"rendered":"https:\/\/www.voilco-aster.fr\/blog-sejours-vacances\/?p=6304"},"modified":"2019-07-20T23:48:21","modified_gmt":"2019-07-20T22:48:21","slug":"olympiades-a-viam-2","status":"publish","type":"post","link":"https:\/\/www.voilco-aster.fr\/blog-sejours-vacances\/2019\/07\/21\/olympiades-a-viam-2\/","title":{"rendered":"Olympiades \u00e0 Viam"},"content":{"rendered":"<p>Vendredi, des olympiades ont eu lieu sur la presqu&rsquo;\u00eele de Viam !<\/p>\n<p>Organis\u00e9es par les enfants avec l&rsquo;aide d&rsquo;un animateur, elles ont permis \u00e0 6 \u00e9quipes de jouer \u00e0 pleins d&rsquo;\u00e9preuves diff\u00e9rentes : basket, foot, parcours, course, badminton, ping-pong, slack-Line. A la fin, les \u00e9quipes ont \u00e9t\u00e9 d\u00e9partag\u00e9es par une \u00e9preuve de kayak entre animateurs !<\/p>\n<p><img loading=\"lazy\" decoding=\"async\" src=\"https:\/\/www.voilco-aster.fr\/blog-sejours-vacances\/files\/2019\/07\/img_1216-1.jpg\" class=\"size-full wp-image-6302\" width=\"4032\" height=\"3024\" srcset=\"https:\/\/www.voilco-aster.fr\/blog-sejours-vacances\/files\/2019\/07\/img_1216-1.jpg 4032w, https:\/\/www.voilco-aster.fr\/blog-sejours-vacances\/files\/2019\/07\/img_1216-1-300x225.jpg 300w, https:\/\/www.voilco-aster.fr\/blog-sejours-vacances\/files\/2019\/07\/img_1216-1-768x576.jpg 768w, https:\/\/www.voilco-aster.fr\/blog-sejours-vacances\/files\/2019\/07\/img_1216-1-800x600.jpg 800w\" sizes=\"auto, (max-width: 4032px) 100vw, 4032px\" \/><\/p>\n<p><img loading=\"lazy\" decoding=\"async\" src=\"https:\/\/www.voilco-aster.fr\/blog-sejours-vacances\/files\/2019\/07\/img_1217-1.jpg\" class=\"size-full wp-image-6303\" width=\"4032\" height=\"3024\" srcset=\"https:\/\/www.voilco-aster.fr\/blog-sejours-vacances\/files\/2019\/07\/img_1217-1.jpg 4032w, https:\/\/www.voilco-aster.fr\/blog-sejours-vacances\/files\/2019\/07\/img_1217-1-300x225.jpg 300w, https:\/\/www.voilco-aster.fr\/blog-sejours-vacances\/files\/2019\/07\/img_1217-1-768x576.jpg 768w, https:\/\/www.voilco-aster.fr\/blog-sejours-vacances\/files\/2019\/07\/img_1217-1-800x600.jpg 800w\" sizes=\"auto, (max-width: 4032px) 100vw, 4032px\" \/><\/p>\n<p><img loading=\"lazy\" decoding=\"async\" src=\"https:\/\/www.voilco-aster.fr\/blog-sejours-vacances\/files\/2019\/07\/img_1218-9.jpg\" class=\"size-full wp-image-6306\" width=\"4032\" height=\"3024\" srcset=\"https:\/\/www.voilco-aster.fr\/blog-sejours-vacances\/files\/2019\/07\/img_1218-9.jpg 4032w, https:\/\/www.voilco-aster.fr\/blog-sejours-vacances\/files\/2019\/07\/img_1218-9-300x225.jpg 300w, https:\/\/www.voilco-aster.fr\/blog-sejours-vacances\/files\/2019\/07\/img_1218-9-768x576.jpg 768w, https:\/\/www.voilco-aster.fr\/blog-sejours-vacances\/files\/2019\/07\/img_1218-9-800x600.jpg 800w\" sizes=\"auto, (max-width: 4032px) 100vw, 4032px\" \/><\/p>\n<p><img loading=\"lazy\" decoding=\"async\" src=\"https:\/\/www.voilco-aster.fr\/blog-sejours-vacances\/files\/2019\/07\/img_1220-3.jpg\" class=\"size-full wp-image-6307\" width=\"4032\" height=\"3024\" srcset=\"https:\/\/www.voilco-aster.fr\/blog-sejours-vacances\/files\/2019\/07\/img_1220-3.jpg 4032w, https:\/\/www.voilco-aster.fr\/blog-sejours-vacances\/files\/2019\/07\/img_1220-3-300x225.jpg 300w, https:\/\/www.voilco-aster.fr\/blog-sejours-vacances\/files\/2019\/07\/img_1220-3-768x576.jpg 768w, https:\/\/www.voilco-aster.fr\/blog-sejours-vacances\/files\/2019\/07\/img_1220-3-800x600.jpg 800w\" sizes=\"auto, (max-width: 4032px) 100vw, 4032px\" \/><\/p>\n<p><img loading=\"lazy\" decoding=\"async\" src=\"https:\/\/www.voilco-aster.fr\/blog-sejours-vacances\/files\/2019\/07\/img_1222-1.jpg\" class=\"size-full wp-image-6308\" width=\"4032\" height=\"3024\" srcset=\"https:\/\/www.voilco-aster.fr\/blog-sejours-vacances\/files\/2019\/07\/img_1222-1.jpg 4032w, https:\/\/www.voilco-aster.fr\/blog-sejours-vacances\/files\/2019\/07\/img_1222-1-300x225.jpg 300w, https:\/\/www.voilco-aster.fr\/blog-sejours-vacances\/files\/2019\/07\/img_1222-1-768x576.jpg 768w, https:\/\/www.voilco-aster.fr\/blog-sejours-vacances\/files\/2019\/07\/img_1222-1-800x600.jpg 800w\" sizes=\"auto, (max-width: 4032px) 100vw, 4032px\" \/><\/p>\n<p><img loading=\"lazy\" decoding=\"async\" src=\"https:\/\/www.voilco-aster.fr\/blog-sejours-vacances\/files\/2019\/07\/img_1223-1.jpg\" class=\"size-full wp-image-6309\" width=\"4032\" height=\"3024\" srcset=\"https:\/\/www.voilco-aster.fr\/blog-sejours-vacances\/files\/2019\/07\/img_1223-1.jpg 4032w, https:\/\/www.voilco-aster.fr\/blog-sejours-vacances\/files\/2019\/07\/img_1223-1-300x225.jpg 300w, https:\/\/www.voilco-aster.fr\/blog-sejours-vacances\/files\/2019\/07\/img_1223-1-768x576.jpg 768w, https:\/\/www.voilco-aster.fr\/blog-sejours-vacances\/files\/2019\/07\/img_1223-1-800x600.jpg 800w\" sizes=\"auto, (max-width: 4032px) 100vw, 4032px\" \/><\/p>\n<p><img decoding=\"async\" src=\"file:\/\/\/var\/mobile\/Containers\/Data\/Application\/FA9E151C-682D-483C-A274-36C8C9C5A53F\/Library\/Caches\/Media\/thumbnail-p6887-2436x2436.jpeg\" class=\"size-full\" data-wp_upload_id=\"x-coredata:\/\/BC3AB835-3B9D-4642-A677-392A212D040E\/Media\/p6887\"><\/p>\n<p><img loading=\"lazy\" decoding=\"async\" src=\"https:\/\/www.voilco-aster.fr\/blog-sejours-vacances\/files\/2019\/07\/img_1227-1.jpg\" class=\"size-full wp-image-6311\" width=\"4032\" height=\"3024\" srcset=\"https:\/\/www.voilco-aster.fr\/blog-sejours-vacances\/files\/2019\/07\/img_1227-1.jpg 4032w, https:\/\/www.voilco-aster.fr\/blog-sejours-vacances\/files\/2019\/07\/img_1227-1-300x225.jpg 300w, https:\/\/www.voilco-aster.fr\/blog-sejours-vacances\/files\/2019\/07\/img_1227-1-768x576.jpg 768w, https:\/\/www.voilco-aster.fr\/blog-sejours-vacances\/files\/2019\/07\/img_1227-1-800x600.jpg 800w\" sizes=\"auto, (max-width: 4032px) 100vw, 4032px\" \/><\/p>\n<p><img loading=\"lazy\" decoding=\"async\" src=\"https:\/\/www.voilco-aster.fr\/blog-sejours-vacances\/files\/2019\/07\/img_1228-1.jpg\" class=\"size-full wp-image-6312\" width=\"4032\" height=\"3024\" srcset=\"https:\/\/www.voilco-aster.fr\/blog-sejours-vacances\/files\/2019\/07\/img_1228-1.jpg 4032w, https:\/\/www.voilco-aster.fr\/blog-sejours-vacances\/files\/2019\/07\/img_1228-1-300x225.jpg 300w, https:\/\/www.voilco-aster.fr\/blog-sejours-vacances\/files\/2019\/07\/img_1228-1-768x576.jpg 768w, https:\/\/www.voilco-aster.fr\/blog-sejours-vacances\/files\/2019\/07\/img_1228-1-800x600.jpg 800w\" sizes=\"auto, (max-width: 4032px) 100vw, 4032px\" \/><\/p>\n<p><img loading=\"lazy\" decoding=\"async\" src=\"https:\/\/www.voilco-aster.fr\/blog-sejours-vacances\/files\/2019\/07\/img_1229-1.jpg\" class=\"size-full wp-image-6313\" width=\"4032\" height=\"3024\" srcset=\"https:\/\/www.voilco-aster.fr\/blog-sejours-vacances\/files\/2019\/07\/img_1229-1.jpg 4032w, https:\/\/www.voilco-aster.fr\/blog-sejours-vacances\/files\/2019\/07\/img_1229-1-300x225.jpg 300w, https:\/\/www.voilco-aster.fr\/blog-sejours-vacances\/files\/2019\/07\/img_1229-1-768x576.jpg 768w, https:\/\/www.voilco-aster.fr\/blog-sejours-vacances\/files\/2019\/07\/img_1229-1-800x600.jpg 800w\" sizes=\"auto, (max-width: 4032px) 100vw, 4032px\" \/><\/p>\n<p><img loading=\"lazy\" decoding=\"async\" src=\"https:\/\/www.voilco-aster.fr\/blog-sejours-vacances\/files\/2019\/07\/img_1231-2.jpg\" class=\"size-full wp-image-6314\" width=\"4032\" height=\"3024\" srcset=\"https:\/\/www.voilco-aster.fr\/blog-sejours-vacances\/files\/2019\/07\/img_1231-2.jpg 4032w, https:\/\/www.voilco-aster.fr\/blog-sejours-vacances\/files\/2019\/07\/img_1231-2-300x225.jpg 300w, https:\/\/www.voilco-aster.fr\/blog-sejours-vacances\/files\/2019\/07\/img_1231-2-768x576.jpg 768w, https:\/\/www.voilco-aster.fr\/blog-sejours-vacances\/files\/2019\/07\/img_1231-2-800x600.jpg 800w\" sizes=\"auto, (max-width: 4032px) 100vw, 4032px\" \/><\/p>\n<p><img loading=\"lazy\" decoding=\"async\" src=\"https:\/\/www.voilco-aster.fr\/blog-sejours-vacances\/files\/2019\/07\/img_1232-1.jpg\" class=\"size-full wp-image-6316\" width=\"4032\" height=\"3024\" srcset=\"https:\/\/www.voilco-aster.fr\/blog-sejours-vacances\/files\/2019\/07\/img_1232-1.jpg 4032w, https:\/\/www.voilco-aster.fr\/blog-sejours-vacances\/files\/2019\/07\/img_1232-1-300x225.jpg 300w, https:\/\/www.voilco-aster.fr\/blog-sejours-vacances\/files\/2019\/07\/img_1232-1-768x576.jpg 768w, https:\/\/www.voilco-aster.fr\/blog-sejours-vacances\/files\/2019\/07\/img_1232-1-800x600.jpg 800w\" sizes=\"auto, (max-width: 4032px) 100vw, 4032px\" \/><\/p>\n","protected":false},"excerpt":{"rendered":"<p>Vendredi, des olympiades ont eu lieu sur la presqu&rsquo;\u00eele de Viam ! Organis\u00e9es par les enfants avec l&rsquo;aide d&rsquo;un animateur, elles ont permis \u00e0 6 \u00e9quipes de jouer \u00e0 pleins d&rsquo;\u00e9preuves diff\u00e9rentes : basket, foot, parcours, course, badminton, ping-pong, slack-Line. A la fin, les \u00e9quipes ont \u00e9t\u00e9 d\u00e9partag\u00e9es par une \u00e9preuve de kayak entre animateurs &hellip; <a href=\"https:\/\/www.voilco-aster.fr\/blog-sejours-vacances\/2019\/07\/21\/olympiades-a-viam-2\/\" class=\"more-link\">Continuer la lecture de <span class=\"screen-reader-text\">Olympiades \u00e0 Viam<\/span><\/a><\/p>\n","protected":false},"author":1,"featured_media":0,"comment_status":"open","ping_status":"closed","sticky":false,"template":"","format":"standard","meta":{"footnotes":""},"categories":[6],"tags":[],"class_list":["post-6304","post","type-post","status-publish","format-standard","hentry","category-sejours-11-14-ans"],"_links":{"self":[{"href":"https:\/\/www.voilco-aster.fr\/blog-sejours-vacances\/wp-json\/wp\/v2\/posts\/6304","targetHints":{"allow":["GET"]}}],"collection":[{"href":"https:\/\/www.voilco-aster.fr\/blog-sejours-vacances\/wp-json\/wp\/v2\/posts"}],"about":[{"href":"https:\/\/www.voilco-aster.fr\/blog-sejours-vacances\/wp-json\/wp\/v2\/types\/post"}],"author":[{"embeddable":true,"href":"https:\/\/www.voilco-aster.fr\/blog-sejours-vacances\/wp-json\/wp\/v2\/users\/1"}],"replies":[{"embeddable":true,"href":"https:\/\/www.voilco-aster.fr\/blog-sejours-vacances\/wp-json\/wp\/v2\/comments?post=6304"}],"version-history":[{"count":3,"href":"https:\/\/www.voilco-aster.fr\/blog-sejours-vacances\/wp-json\/wp\/v2\/posts\/6304\/revisions"}],"predecessor-version":[{"id":6317,"href":"https:\/\/www.voilco-aster.fr\/blog-sejours-vacances\/wp-json\/wp\/v2\/posts\/6304\/revisions\/6317"}],"wp:attachment":[{"href":"https:\/\/www.voilco-aster.fr\/blog-sejours-vacances\/wp-json\/wp\/v2\/media?parent=6304"}],"wp:term":[{"taxonomy":"category","embeddable":true,"href":"https:\/\/www.voilco-aster.fr\/blog-sejours-vacances\/wp-json\/wp\/v2\/categories?post=6304"},{"taxonomy":"post_tag","embeddable":true,"href":"https:\/\/www.voilco-aster.fr\/blog-sejours-vacances\/wp-json\/wp\/v2\/tags?post=6304"}],"curies":[{"name":"wp","href":"https:\/\/api.w.org\/{rel}","templated":true}]}}