{"id":6318,"date":"2019-07-21T01:04:01","date_gmt":"2019-07-21T00:04:01","guid":{"rendered":"https:\/\/www.voilco-aster.fr\/blog-sejours-vacances\/?p=6318"},"modified":"2019-07-22T00:30:51","modified_gmt":"2019-07-21T23:30:51","slug":"a-fond-a-fond","status":"publish","type":"post","link":"https:\/\/www.voilco-aster.fr\/blog-sejours-vacances\/2019\/07\/21\/a-fond-a-fond\/","title":{"rendered":"\u00c0 fond \u00e0 fond"},"content":{"rendered":"\n<p>Bonjour chers parents hier soir les enfants ont organis\u00e9 une soir\u00e9e autour du match Alg\u00e9rie S\u00e9n\u00e9gal.<\/p>\n\n\n\n<p>La rando 1 est rentr\u00e9e cette apr\u00e8s midi et la rando 2 est partie ce matin. Ils sont bien install\u00e9s. <\/p>\n\n\n\n<p>Aujourd\u2019hui c&rsquo;\u00e9tait Barbecue : vos enfants continuent de participer \u00e0 la vie du groupe avec plaisir en mettant la table et en pr\u00e9parant les repas avec nous et la cuisini\u00e8re Emma.<\/p>\n\n\n\n<p><\/p>\n\n\n\n<ul class=\"wp-block-gallery columns-3 is-cropped wp-block-gallery-1 is-layout-flex wp-block-gallery-is-layout-flex\"><li class=\"blocks-gallery-item\"><figure><img loading=\"lazy\" decoding=\"async\" width=\"800\" height=\"600\" src=\"https:\/\/www.voilco-aster.fr\/blog-sejours-vacances\/files\/2019\/07\/4540EABB-46B5-4B55-9EC3-5EA82AF3DA42-800x600.jpeg\" alt=\"\" data-id=\"6319\" data-link=\"https:\/\/www.voilco-aster.fr\/blog-sejours-vacances\/?attachment_id=6319\" class=\"wp-image-6319\" srcset=\"https:\/\/www.voilco-aster.fr\/blog-sejours-vacances\/files\/2019\/07\/4540EABB-46B5-4B55-9EC3-5EA82AF3DA42-800x600.jpeg 800w, https:\/\/www.voilco-aster.fr\/blog-sejours-vacances\/files\/2019\/07\/4540EABB-46B5-4B55-9EC3-5EA82AF3DA42-300x225.jpeg 300w, https:\/\/www.voilco-aster.fr\/blog-sejours-vacances\/files\/2019\/07\/4540EABB-46B5-4B55-9EC3-5EA82AF3DA42-768x576.jpeg 768w\" sizes=\"auto, (max-width: 800px) 100vw, 800px\" \/><\/figure><\/li><li class=\"blocks-gallery-item\"><figure><img loading=\"lazy\" decoding=\"async\" width=\"800\" height=\"600\" src=\"https:\/\/www.voilco-aster.fr\/blog-sejours-vacances\/files\/2019\/07\/3C247C55-46C4-4A18-A98E-5927668934D6-800x600.jpeg\" alt=\"\" data-id=\"6320\" data-link=\"https:\/\/www.voilco-aster.fr\/blog-sejours-vacances\/?attachment_id=6320\" class=\"wp-image-6320\" srcset=\"https:\/\/www.voilco-aster.fr\/blog-sejours-vacances\/files\/2019\/07\/3C247C55-46C4-4A18-A98E-5927668934D6-800x600.jpeg 800w, https:\/\/www.voilco-aster.fr\/blog-sejours-vacances\/files\/2019\/07\/3C247C55-46C4-4A18-A98E-5927668934D6-300x225.jpeg 300w, https:\/\/www.voilco-aster.fr\/blog-sejours-vacances\/files\/2019\/07\/3C247C55-46C4-4A18-A98E-5927668934D6-768x576.jpeg 768w\" sizes=\"auto, (max-width: 800px) 100vw, 800px\" \/><\/figure><\/li><li class=\"blocks-gallery-item\"><figure><img loading=\"lazy\" decoding=\"async\" width=\"800\" height=\"600\" src=\"https:\/\/www.voilco-aster.fr\/blog-sejours-vacances\/files\/2019\/07\/95B9B316-5C70-4263-90BE-55CFE6B02DE2-800x600.jpeg\" alt=\"\" data-id=\"6321\" data-link=\"https:\/\/www.voilco-aster.fr\/blog-sejours-vacances\/?attachment_id=6321\" class=\"wp-image-6321\" srcset=\"https:\/\/www.voilco-aster.fr\/blog-sejours-vacances\/files\/2019\/07\/95B9B316-5C70-4263-90BE-55CFE6B02DE2-800x600.jpeg 800w, https:\/\/www.voilco-aster.fr\/blog-sejours-vacances\/files\/2019\/07\/95B9B316-5C70-4263-90BE-55CFE6B02DE2-300x225.jpeg 300w, https:\/\/www.voilco-aster.fr\/blog-sejours-vacances\/files\/2019\/07\/95B9B316-5C70-4263-90BE-55CFE6B02DE2-768x576.jpeg 768w\" sizes=\"auto, (max-width: 800px) 100vw, 800px\" \/><\/figure><\/li><li class=\"blocks-gallery-item\"><figure><img loading=\"lazy\" decoding=\"async\" width=\"800\" height=\"600\" src=\"https:\/\/www.voilco-aster.fr\/blog-sejours-vacances\/files\/2019\/07\/DDA942EC-AC0E-4BAB-A683-27979C5A4BD5-800x600.jpeg\" alt=\"\" data-id=\"6322\" data-link=\"https:\/\/www.voilco-aster.fr\/blog-sejours-vacances\/?attachment_id=6322\" class=\"wp-image-6322\" srcset=\"https:\/\/www.voilco-aster.fr\/blog-sejours-vacances\/files\/2019\/07\/DDA942EC-AC0E-4BAB-A683-27979C5A4BD5-800x600.jpeg 800w, https:\/\/www.voilco-aster.fr\/blog-sejours-vacances\/files\/2019\/07\/DDA942EC-AC0E-4BAB-A683-27979C5A4BD5-300x225.jpeg 300w, https:\/\/www.voilco-aster.fr\/blog-sejours-vacances\/files\/2019\/07\/DDA942EC-AC0E-4BAB-A683-27979C5A4BD5-768x576.jpeg 768w\" sizes=\"auto, (max-width: 800px) 100vw, 800px\" \/><\/figure><\/li><li class=\"blocks-gallery-item\"><figure><img loading=\"lazy\" decoding=\"async\" width=\"800\" height=\"600\" src=\"https:\/\/www.voilco-aster.fr\/blog-sejours-vacances\/files\/2019\/07\/45D5253A-C7CA-45A3-8939-0F314911850A-800x600.jpeg\" alt=\"\" data-id=\"6323\" data-link=\"https:\/\/www.voilco-aster.fr\/blog-sejours-vacances\/?attachment_id=6323\" class=\"wp-image-6323\" srcset=\"https:\/\/www.voilco-aster.fr\/blog-sejours-vacances\/files\/2019\/07\/45D5253A-C7CA-45A3-8939-0F314911850A-800x600.jpeg 800w, https:\/\/www.voilco-aster.fr\/blog-sejours-vacances\/files\/2019\/07\/45D5253A-C7CA-45A3-8939-0F314911850A-300x225.jpeg 300w, https:\/\/www.voilco-aster.fr\/blog-sejours-vacances\/files\/2019\/07\/45D5253A-C7CA-45A3-8939-0F314911850A-768x576.jpeg 768w\" sizes=\"auto, (max-width: 800px) 100vw, 800px\" \/><\/figure><\/li><li class=\"blocks-gallery-item\"><figure><img loading=\"lazy\" decoding=\"async\" width=\"800\" height=\"600\" src=\"https:\/\/www.voilco-aster.fr\/blog-sejours-vacances\/files\/2019\/07\/8F23FF42-419A-4F2B-BADF-2FD3569BB5DD-800x600.jpeg\" alt=\"\" data-id=\"6324\" data-link=\"https:\/\/www.voilco-aster.fr\/blog-sejours-vacances\/?attachment_id=6324\" class=\"wp-image-6324\" srcset=\"https:\/\/www.voilco-aster.fr\/blog-sejours-vacances\/files\/2019\/07\/8F23FF42-419A-4F2B-BADF-2FD3569BB5DD-800x600.jpeg 800w, https:\/\/www.voilco-aster.fr\/blog-sejours-vacances\/files\/2019\/07\/8F23FF42-419A-4F2B-BADF-2FD3569BB5DD-300x225.jpeg 300w, https:\/\/www.voilco-aster.fr\/blog-sejours-vacances\/files\/2019\/07\/8F23FF42-419A-4F2B-BADF-2FD3569BB5DD-768x576.jpeg 768w\" sizes=\"auto, (max-width: 800px) 100vw, 800px\" \/><\/figure><\/li><li class=\"blocks-gallery-item\"><figure><img loading=\"lazy\" decoding=\"async\" width=\"800\" height=\"600\" src=\"https:\/\/www.voilco-aster.fr\/blog-sejours-vacances\/files\/2019\/07\/BB950E2C-852A-44F6-B76F-EA497DEC13A5-800x600.jpeg\" alt=\"\" data-id=\"6325\" data-link=\"https:\/\/www.voilco-aster.fr\/blog-sejours-vacances\/?attachment_id=6325\" class=\"wp-image-6325\" srcset=\"https:\/\/www.voilco-aster.fr\/blog-sejours-vacances\/files\/2019\/07\/BB950E2C-852A-44F6-B76F-EA497DEC13A5-800x600.jpeg 800w, https:\/\/www.voilco-aster.fr\/blog-sejours-vacances\/files\/2019\/07\/BB950E2C-852A-44F6-B76F-EA497DEC13A5-300x225.jpeg 300w, https:\/\/www.voilco-aster.fr\/blog-sejours-vacances\/files\/2019\/07\/BB950E2C-852A-44F6-B76F-EA497DEC13A5-768x576.jpeg 768w\" sizes=\"auto, (max-width: 800px) 100vw, 800px\" \/><\/figure><\/li><li class=\"blocks-gallery-item\"><figure><img loading=\"lazy\" decoding=\"async\" width=\"800\" height=\"600\" src=\"https:\/\/www.voilco-aster.fr\/blog-sejours-vacances\/files\/2019\/07\/66B9EA62-94E1-4EA0-A21C-8C7EE39121D1-800x600.jpeg\" alt=\"\" data-id=\"6326\" data-link=\"https:\/\/www.voilco-aster.fr\/blog-sejours-vacances\/?attachment_id=6326\" class=\"wp-image-6326\" srcset=\"https:\/\/www.voilco-aster.fr\/blog-sejours-vacances\/files\/2019\/07\/66B9EA62-94E1-4EA0-A21C-8C7EE39121D1-800x600.jpeg 800w, https:\/\/www.voilco-aster.fr\/blog-sejours-vacances\/files\/2019\/07\/66B9EA62-94E1-4EA0-A21C-8C7EE39121D1-300x225.jpeg 300w, https:\/\/www.voilco-aster.fr\/blog-sejours-vacances\/files\/2019\/07\/66B9EA62-94E1-4EA0-A21C-8C7EE39121D1-768x576.jpeg 768w, https:\/\/www.voilco-aster.fr\/blog-sejours-vacances\/files\/2019\/07\/66B9EA62-94E1-4EA0-A21C-8C7EE39121D1.jpeg 2048w\" sizes=\"auto, (max-width: 800px) 100vw, 800px\" \/><\/figure><\/li><li class=\"blocks-gallery-item\"><figure><img loading=\"lazy\" decoding=\"async\" width=\"800\" height=\"600\" src=\"https:\/\/www.voilco-aster.fr\/blog-sejours-vacances\/files\/2019\/07\/45E9A132-8DEA-406B-BCFF-80A103736ABA-800x600.jpeg\" alt=\"\" data-id=\"6327\" data-link=\"https:\/\/www.voilco-aster.fr\/blog-sejours-vacances\/?attachment_id=6327\" class=\"wp-image-6327\" srcset=\"https:\/\/www.voilco-aster.fr\/blog-sejours-vacances\/files\/2019\/07\/45E9A132-8DEA-406B-BCFF-80A103736ABA-800x600.jpeg 800w, https:\/\/www.voilco-aster.fr\/blog-sejours-vacances\/files\/2019\/07\/45E9A132-8DEA-406B-BCFF-80A103736ABA-300x225.jpeg 300w, https:\/\/www.voilco-aster.fr\/blog-sejours-vacances\/files\/2019\/07\/45E9A132-8DEA-406B-BCFF-80A103736ABA-768x576.jpeg 768w, https:\/\/www.voilco-aster.fr\/blog-sejours-vacances\/files\/2019\/07\/45E9A132-8DEA-406B-BCFF-80A103736ABA.jpeg 2048w\" sizes=\"auto, (max-width: 800px) 100vw, 800px\" \/><\/figure><\/li><li class=\"blocks-gallery-item\"><figure><img loading=\"lazy\" decoding=\"async\" width=\"800\" height=\"600\" src=\"https:\/\/www.voilco-aster.fr\/blog-sejours-vacances\/files\/2019\/07\/72BCED29-DC67-4C61-9507-0BAE0C06AE2C-800x600.jpeg\" alt=\"\" data-id=\"6328\" data-link=\"https:\/\/www.voilco-aster.fr\/blog-sejours-vacances\/?attachment_id=6328\" class=\"wp-image-6328\" srcset=\"https:\/\/www.voilco-aster.fr\/blog-sejours-vacances\/files\/2019\/07\/72BCED29-DC67-4C61-9507-0BAE0C06AE2C-800x600.jpeg 800w, https:\/\/www.voilco-aster.fr\/blog-sejours-vacances\/files\/2019\/07\/72BCED29-DC67-4C61-9507-0BAE0C06AE2C-300x225.jpeg 300w, https:\/\/www.voilco-aster.fr\/blog-sejours-vacances\/files\/2019\/07\/72BCED29-DC67-4C61-9507-0BAE0C06AE2C-768x576.jpeg 768w, https:\/\/www.voilco-aster.fr\/blog-sejours-vacances\/files\/2019\/07\/72BCED29-DC67-4C61-9507-0BAE0C06AE2C.jpeg 2048w\" sizes=\"auto, (max-width: 800px) 100vw, 800px\" \/><\/figure><\/li><li class=\"blocks-gallery-item\"><figure><img loading=\"lazy\" decoding=\"async\" width=\"800\" height=\"600\" src=\"https:\/\/www.voilco-aster.fr\/blog-sejours-vacances\/files\/2019\/07\/C6D234E6-1A44-48B2-BE48-676A41CAC4BE-800x600.jpeg\" alt=\"\" data-id=\"6329\" data-link=\"https:\/\/www.voilco-aster.fr\/blog-sejours-vacances\/?attachment_id=6329\" class=\"wp-image-6329\" srcset=\"https:\/\/www.voilco-aster.fr\/blog-sejours-vacances\/files\/2019\/07\/C6D234E6-1A44-48B2-BE48-676A41CAC4BE-800x600.jpeg 800w, https:\/\/www.voilco-aster.fr\/blog-sejours-vacances\/files\/2019\/07\/C6D234E6-1A44-48B2-BE48-676A41CAC4BE-300x225.jpeg 300w, https:\/\/www.voilco-aster.fr\/blog-sejours-vacances\/files\/2019\/07\/C6D234E6-1A44-48B2-BE48-676A41CAC4BE-768x576.jpeg 768w\" sizes=\"auto, (max-width: 800px) 100vw, 800px\" \/><\/figure><\/li><li class=\"blocks-gallery-item\"><figure><img loading=\"lazy\" decoding=\"async\" width=\"800\" height=\"600\" src=\"https:\/\/www.voilco-aster.fr\/blog-sejours-vacances\/files\/2019\/07\/B9760FF0-8B60-47ED-A9B5-97D766D482EA-800x600.jpeg\" alt=\"\" data-id=\"6330\" data-link=\"https:\/\/www.voilco-aster.fr\/blog-sejours-vacances\/?attachment_id=6330\" class=\"wp-image-6330\" srcset=\"https:\/\/www.voilco-aster.fr\/blog-sejours-vacances\/files\/2019\/07\/B9760FF0-8B60-47ED-A9B5-97D766D482EA-800x600.jpeg 800w, https:\/\/www.voilco-aster.fr\/blog-sejours-vacances\/files\/2019\/07\/B9760FF0-8B60-47ED-A9B5-97D766D482EA-300x225.jpeg 300w, https:\/\/www.voilco-aster.fr\/blog-sejours-vacances\/files\/2019\/07\/B9760FF0-8B60-47ED-A9B5-97D766D482EA-768x576.jpeg 768w\" sizes=\"auto, (max-width: 800px) 100vw, 800px\" \/><\/figure><\/li><li class=\"blocks-gallery-item\"><figure><img loading=\"lazy\" decoding=\"async\" width=\"800\" height=\"600\" src=\"https:\/\/www.voilco-aster.fr\/blog-sejours-vacances\/files\/2019\/07\/06C43B15-85A6-4EDD-9D22-424056289599-800x600.jpeg\" alt=\"\" data-id=\"6331\" data-link=\"https:\/\/www.voilco-aster.fr\/blog-sejours-vacances\/?attachment_id=6331\" class=\"wp-image-6331\" srcset=\"https:\/\/www.voilco-aster.fr\/blog-sejours-vacances\/files\/2019\/07\/06C43B15-85A6-4EDD-9D22-424056289599-800x600.jpeg 800w, https:\/\/www.voilco-aster.fr\/blog-sejours-vacances\/files\/2019\/07\/06C43B15-85A6-4EDD-9D22-424056289599-300x225.jpeg 300w, https:\/\/www.voilco-aster.fr\/blog-sejours-vacances\/files\/2019\/07\/06C43B15-85A6-4EDD-9D22-424056289599-768x576.jpeg 768w\" sizes=\"auto, (max-width: 800px) 100vw, 800px\" \/><\/figure><\/li><li class=\"blocks-gallery-item\"><figure><img loading=\"lazy\" decoding=\"async\" width=\"800\" height=\"600\" src=\"https:\/\/www.voilco-aster.fr\/blog-sejours-vacances\/files\/2019\/07\/C520EB1C-1418-4BDE-8482-DFD604AAAF7C-800x600.jpeg\" alt=\"\" data-id=\"6332\" data-link=\"https:\/\/www.voilco-aster.fr\/blog-sejours-vacances\/?attachment_id=6332\" class=\"wp-image-6332\" srcset=\"https:\/\/www.voilco-aster.fr\/blog-sejours-vacances\/files\/2019\/07\/C520EB1C-1418-4BDE-8482-DFD604AAAF7C-800x600.jpeg 800w, https:\/\/www.voilco-aster.fr\/blog-sejours-vacances\/files\/2019\/07\/C520EB1C-1418-4BDE-8482-DFD604AAAF7C-300x225.jpeg 300w, https:\/\/www.voilco-aster.fr\/blog-sejours-vacances\/files\/2019\/07\/C520EB1C-1418-4BDE-8482-DFD604AAAF7C-768x576.jpeg 768w\" sizes=\"auto, (max-width: 800px) 100vw, 800px\" \/><\/figure><\/li><li class=\"blocks-gallery-item\"><figure><img loading=\"lazy\" decoding=\"async\" width=\"800\" height=\"600\" src=\"https:\/\/www.voilco-aster.fr\/blog-sejours-vacances\/files\/2019\/07\/F97DA596-DC09-4436-B5D4-073F22ABE38D-800x600.jpeg\" alt=\"\" data-id=\"6333\" data-link=\"https:\/\/www.voilco-aster.fr\/blog-sejours-vacances\/?attachment_id=6333\" class=\"wp-image-6333\" srcset=\"https:\/\/www.voilco-aster.fr\/blog-sejours-vacances\/files\/2019\/07\/F97DA596-DC09-4436-B5D4-073F22ABE38D-800x600.jpeg 800w, https:\/\/www.voilco-aster.fr\/blog-sejours-vacances\/files\/2019\/07\/F97DA596-DC09-4436-B5D4-073F22ABE38D-300x225.jpeg 300w, https:\/\/www.voilco-aster.fr\/blog-sejours-vacances\/files\/2019\/07\/F97DA596-DC09-4436-B5D4-073F22ABE38D-768x576.jpeg 768w\" sizes=\"auto, (max-width: 800px) 100vw, 800px\" \/><\/figure><\/li><li class=\"blocks-gallery-item\"><figure><img loading=\"lazy\" decoding=\"async\" width=\"800\" height=\"600\" src=\"https:\/\/www.voilco-aster.fr\/blog-sejours-vacances\/files\/2019\/07\/57A293DB-EAB7-4DCE-B5FF-1BD464375217-800x600.jpeg\" alt=\"\" data-id=\"6334\" data-link=\"https:\/\/www.voilco-aster.fr\/blog-sejours-vacances\/?attachment_id=6334\" class=\"wp-image-6334\" srcset=\"https:\/\/www.voilco-aster.fr\/blog-sejours-vacances\/files\/2019\/07\/57A293DB-EAB7-4DCE-B5FF-1BD464375217-800x600.jpeg 800w, https:\/\/www.voilco-aster.fr\/blog-sejours-vacances\/files\/2019\/07\/57A293DB-EAB7-4DCE-B5FF-1BD464375217-300x225.jpeg 300w, https:\/\/www.voilco-aster.fr\/blog-sejours-vacances\/files\/2019\/07\/57A293DB-EAB7-4DCE-B5FF-1BD464375217-768x576.jpeg 768w, https:\/\/www.voilco-aster.fr\/blog-sejours-vacances\/files\/2019\/07\/57A293DB-EAB7-4DCE-B5FF-1BD464375217.jpeg 2048w\" sizes=\"auto, (max-width: 800px) 100vw, 800px\" \/><\/figure><\/li><li class=\"blocks-gallery-item\"><figure><img loading=\"lazy\" decoding=\"async\" width=\"800\" height=\"600\" src=\"https:\/\/www.voilco-aster.fr\/blog-sejours-vacances\/files\/2019\/07\/53C1A8D4-B6DF-4E51-8218-4616856C8BF3-800x600.jpeg\" alt=\"\" data-id=\"6335\" data-link=\"https:\/\/www.voilco-aster.fr\/blog-sejours-vacances\/?attachment_id=6335\" class=\"wp-image-6335\" srcset=\"https:\/\/www.voilco-aster.fr\/blog-sejours-vacances\/files\/2019\/07\/53C1A8D4-B6DF-4E51-8218-4616856C8BF3-800x600.jpeg 800w, https:\/\/www.voilco-aster.fr\/blog-sejours-vacances\/files\/2019\/07\/53C1A8D4-B6DF-4E51-8218-4616856C8BF3-300x225.jpeg 300w, https:\/\/www.voilco-aster.fr\/blog-sejours-vacances\/files\/2019\/07\/53C1A8D4-B6DF-4E51-8218-4616856C8BF3-768x576.jpeg 768w, https:\/\/www.voilco-aster.fr\/blog-sejours-vacances\/files\/2019\/07\/53C1A8D4-B6DF-4E51-8218-4616856C8BF3.jpeg 2048w\" sizes=\"auto, (max-width: 800px) 100vw, 800px\" \/><\/figure><\/li><li class=\"blocks-gallery-item\"><figure><img loading=\"lazy\" decoding=\"async\" width=\"600\" height=\"800\" src=\"https:\/\/www.voilco-aster.fr\/blog-sejours-vacances\/files\/2019\/07\/506283A8-4EEC-4D16-84D7-1C20C575E85D-600x800.jpeg\" alt=\"\" data-id=\"6336\" data-link=\"https:\/\/www.voilco-aster.fr\/blog-sejours-vacances\/?attachment_id=6336\" class=\"wp-image-6336\" srcset=\"https:\/\/www.voilco-aster.fr\/blog-sejours-vacances\/files\/2019\/07\/506283A8-4EEC-4D16-84D7-1C20C575E85D-600x800.jpeg 600w, https:\/\/www.voilco-aster.fr\/blog-sejours-vacances\/files\/2019\/07\/506283A8-4EEC-4D16-84D7-1C20C575E85D-225x300.jpeg 225w, https:\/\/www.voilco-aster.fr\/blog-sejours-vacances\/files\/2019\/07\/506283A8-4EEC-4D16-84D7-1C20C575E85D-768x1024.jpeg 768w, https:\/\/www.voilco-aster.fr\/blog-sejours-vacances\/files\/2019\/07\/506283A8-4EEC-4D16-84D7-1C20C575E85D.jpeg 1536w\" sizes=\"auto, (max-width: 600px) 100vw, 600px\" \/><\/figure><\/li><li class=\"blocks-gallery-item\"><figure><img loading=\"lazy\" decoding=\"async\" width=\"800\" height=\"600\" src=\"https:\/\/www.voilco-aster.fr\/blog-sejours-vacances\/files\/2019\/07\/B7370A07-1C42-4CB3-9179-C22957A9CCEB-800x600.jpeg\" alt=\"\" data-id=\"6337\" data-link=\"https:\/\/www.voilco-aster.fr\/blog-sejours-vacances\/?attachment_id=6337\" class=\"wp-image-6337\" srcset=\"https:\/\/www.voilco-aster.fr\/blog-sejours-vacances\/files\/2019\/07\/B7370A07-1C42-4CB3-9179-C22957A9CCEB-800x600.jpeg 800w, https:\/\/www.voilco-aster.fr\/blog-sejours-vacances\/files\/2019\/07\/B7370A07-1C42-4CB3-9179-C22957A9CCEB-300x225.jpeg 300w, https:\/\/www.voilco-aster.fr\/blog-sejours-vacances\/files\/2019\/07\/B7370A07-1C42-4CB3-9179-C22957A9CCEB-768x576.jpeg 768w, https:\/\/www.voilco-aster.fr\/blog-sejours-vacances\/files\/2019\/07\/B7370A07-1C42-4CB3-9179-C22957A9CCEB.jpeg 2048w\" sizes=\"auto, (max-width: 800px) 100vw, 800px\" \/><\/figure><\/li><li class=\"blocks-gallery-item\"><figure><img loading=\"lazy\" decoding=\"async\" width=\"800\" height=\"600\" src=\"https:\/\/www.voilco-aster.fr\/blog-sejours-vacances\/files\/2019\/07\/83B0B0C2-D6FA-44C4-975E-8B5023B6F609-800x600.jpeg\" alt=\"\" data-id=\"6338\" data-link=\"https:\/\/www.voilco-aster.fr\/blog-sejours-vacances\/?attachment_id=6338\" class=\"wp-image-6338\" srcset=\"https:\/\/www.voilco-aster.fr\/blog-sejours-vacances\/files\/2019\/07\/83B0B0C2-D6FA-44C4-975E-8B5023B6F609-800x600.jpeg 800w, https:\/\/www.voilco-aster.fr\/blog-sejours-vacances\/files\/2019\/07\/83B0B0C2-D6FA-44C4-975E-8B5023B6F609-300x225.jpeg 300w, https:\/\/www.voilco-aster.fr\/blog-sejours-vacances\/files\/2019\/07\/83B0B0C2-D6FA-44C4-975E-8B5023B6F609-768x576.jpeg 768w, https:\/\/www.voilco-aster.fr\/blog-sejours-vacances\/files\/2019\/07\/83B0B0C2-D6FA-44C4-975E-8B5023B6F609.jpeg 2048w\" sizes=\"auto, (max-width: 800px) 100vw, 800px\" \/><\/figure><\/li><li class=\"blocks-gallery-item\"><figure><img loading=\"lazy\" decoding=\"async\" width=\"800\" height=\"600\" src=\"https:\/\/www.voilco-aster.fr\/blog-sejours-vacances\/files\/2019\/07\/19BEB9E1-4D68-4739-846A-B99E86FC5F59-800x600.jpeg\" alt=\"\" data-id=\"6339\" data-link=\"https:\/\/www.voilco-aster.fr\/blog-sejours-vacances\/?attachment_id=6339\" class=\"wp-image-6339\" srcset=\"https:\/\/www.voilco-aster.fr\/blog-sejours-vacances\/files\/2019\/07\/19BEB9E1-4D68-4739-846A-B99E86FC5F59-800x600.jpeg 800w, https:\/\/www.voilco-aster.fr\/blog-sejours-vacances\/files\/2019\/07\/19BEB9E1-4D68-4739-846A-B99E86FC5F59-300x225.jpeg 300w, https:\/\/www.voilco-aster.fr\/blog-sejours-vacances\/files\/2019\/07\/19BEB9E1-4D68-4739-846A-B99E86FC5F59-768x576.jpeg 768w\" sizes=\"auto, (max-width: 800px) 100vw, 800px\" \/><\/figure><\/li><li class=\"blocks-gallery-item\"><figure><img loading=\"lazy\" decoding=\"async\" width=\"800\" height=\"600\" src=\"https:\/\/www.voilco-aster.fr\/blog-sejours-vacances\/files\/2019\/07\/D6B0460B-8D6C-4F5E-9FAF-D888AE631E1B-800x600.jpeg\" alt=\"\" data-id=\"6340\" data-link=\"https:\/\/www.voilco-aster.fr\/blog-sejours-vacances\/?attachment_id=6340\" class=\"wp-image-6340\" srcset=\"https:\/\/www.voilco-aster.fr\/blog-sejours-vacances\/files\/2019\/07\/D6B0460B-8D6C-4F5E-9FAF-D888AE631E1B-800x600.jpeg 800w, https:\/\/www.voilco-aster.fr\/blog-sejours-vacances\/files\/2019\/07\/D6B0460B-8D6C-4F5E-9FAF-D888AE631E1B-300x225.jpeg 300w, https:\/\/www.voilco-aster.fr\/blog-sejours-vacances\/files\/2019\/07\/D6B0460B-8D6C-4F5E-9FAF-D888AE631E1B-768x576.jpeg 768w, https:\/\/www.voilco-aster.fr\/blog-sejours-vacances\/files\/2019\/07\/D6B0460B-8D6C-4F5E-9FAF-D888AE631E1B.jpeg 2048w\" sizes=\"auto, (max-width: 800px) 100vw, 800px\" \/><\/figure><\/li><li class=\"blocks-gallery-item\"><figure><img loading=\"lazy\" decoding=\"async\" width=\"800\" height=\"600\" src=\"https:\/\/www.voilco-aster.fr\/blog-sejours-vacances\/files\/2019\/07\/67225611-DD13-4A4B-A098-D06EFE1E38CA-800x600.jpeg\" alt=\"\" data-id=\"6342\" data-link=\"https:\/\/www.voilco-aster.fr\/blog-sejours-vacances\/?attachment_id=6342\" class=\"wp-image-6342\" srcset=\"https:\/\/www.voilco-aster.fr\/blog-sejours-vacances\/files\/2019\/07\/67225611-DD13-4A4B-A098-D06EFE1E38CA-800x600.jpeg 800w, https:\/\/www.voilco-aster.fr\/blog-sejours-vacances\/files\/2019\/07\/67225611-DD13-4A4B-A098-D06EFE1E38CA-300x225.jpeg 300w, https:\/\/www.voilco-aster.fr\/blog-sejours-vacances\/files\/2019\/07\/67225611-DD13-4A4B-A098-D06EFE1E38CA-768x576.jpeg 768w\" sizes=\"auto, (max-width: 800px) 100vw, 800px\" \/><\/figure><\/li><li class=\"blocks-gallery-item\"><figure><img loading=\"lazy\" decoding=\"async\" width=\"800\" height=\"600\" src=\"https:\/\/www.voilco-aster.fr\/blog-sejours-vacances\/files\/2019\/07\/D8BD158F-7B92-411E-9ABD-B34FFD7CE01F-800x600.jpeg\" alt=\"\" data-id=\"6343\" data-link=\"https:\/\/www.voilco-aster.fr\/blog-sejours-vacances\/?attachment_id=6343\" class=\"wp-image-6343\" srcset=\"https:\/\/www.voilco-aster.fr\/blog-sejours-vacances\/files\/2019\/07\/D8BD158F-7B92-411E-9ABD-B34FFD7CE01F-800x600.jpeg 800w, https:\/\/www.voilco-aster.fr\/blog-sejours-vacances\/files\/2019\/07\/D8BD158F-7B92-411E-9ABD-B34FFD7CE01F-300x225.jpeg 300w, https:\/\/www.voilco-aster.fr\/blog-sejours-vacances\/files\/2019\/07\/D8BD158F-7B92-411E-9ABD-B34FFD7CE01F-768x576.jpeg 768w, https:\/\/www.voilco-aster.fr\/blog-sejours-vacances\/files\/2019\/07\/D8BD158F-7B92-411E-9ABD-B34FFD7CE01F.jpeg 2048w\" sizes=\"auto, (max-width: 800px) 100vw, 800px\" \/><\/figure><\/li><li class=\"blocks-gallery-item\"><figure><img loading=\"lazy\" decoding=\"async\" width=\"480\" height=\"360\" src=\"https:\/\/www.voilco-aster.fr\/blog-sejours-vacances\/files\/2019\/07\/B3F725D8-3D50-4AF7-918F-D667BAE2C645.jpeg\" alt=\"\" data-id=\"6344\" data-link=\"https:\/\/www.voilco-aster.fr\/blog-sejours-vacances\/?attachment_id=6344\" class=\"wp-image-6344\" srcset=\"https:\/\/www.voilco-aster.fr\/blog-sejours-vacances\/files\/2019\/07\/B3F725D8-3D50-4AF7-918F-D667BAE2C645.jpeg 480w, https:\/\/www.voilco-aster.fr\/blog-sejours-vacances\/files\/2019\/07\/B3F725D8-3D50-4AF7-918F-D667BAE2C645-300x225.jpeg 300w\" sizes=\"auto, (max-width: 480px) 100vw, 480px\" \/><\/figure><\/li><li class=\"blocks-gallery-item\"><figure><img loading=\"lazy\" decoding=\"async\" width=\"360\" height=\"480\" src=\"https:\/\/www.voilco-aster.fr\/blog-sejours-vacances\/files\/2019\/07\/8B6C3501-4011-49FA-965B-B4F9FFB4BB8C.jpeg\" alt=\"\" data-id=\"6345\" data-link=\"https:\/\/www.voilco-aster.fr\/blog-sejours-vacances\/?attachment_id=6345\" class=\"wp-image-6345\" srcset=\"https:\/\/www.voilco-aster.fr\/blog-sejours-vacances\/files\/2019\/07\/8B6C3501-4011-49FA-965B-B4F9FFB4BB8C.jpeg 360w, https:\/\/www.voilco-aster.fr\/blog-sejours-vacances\/files\/2019\/07\/8B6C3501-4011-49FA-965B-B4F9FFB4BB8C-225x300.jpeg 225w\" sizes=\"auto, (max-width: 360px) 100vw, 360px\" \/><\/figure><\/li><li class=\"blocks-gallery-item\"><figure><img loading=\"lazy\" decoding=\"async\" width=\"320\" height=\"240\" src=\"https:\/\/www.voilco-aster.fr\/blog-sejours-vacances\/files\/2019\/07\/B8CA934D-424C-46D0-9426-64D7976A713B.jpeg\" alt=\"\" data-id=\"6346\" data-link=\"https:\/\/www.voilco-aster.fr\/blog-sejours-vacances\/?attachment_id=6346\" class=\"wp-image-6346\" srcset=\"https:\/\/www.voilco-aster.fr\/blog-sejours-vacances\/files\/2019\/07\/B8CA934D-424C-46D0-9426-64D7976A713B.jpeg 320w, https:\/\/www.voilco-aster.fr\/blog-sejours-vacances\/files\/2019\/07\/B8CA934D-424C-46D0-9426-64D7976A713B-300x225.jpeg 300w\" sizes=\"auto, (max-width: 320px) 100vw, 320px\" \/><\/figure><\/li><li class=\"blocks-gallery-item\"><figure><img loading=\"lazy\" decoding=\"async\" width=\"360\" height=\"480\" src=\"https:\/\/www.voilco-aster.fr\/blog-sejours-vacances\/files\/2019\/07\/AA1CE75D-6D42-403F-8158-435D9DB2828E.jpeg\" alt=\"\" data-id=\"6347\" data-link=\"https:\/\/www.voilco-aster.fr\/blog-sejours-vacances\/?attachment_id=6347\" class=\"wp-image-6347\" srcset=\"https:\/\/www.voilco-aster.fr\/blog-sejours-vacances\/files\/2019\/07\/AA1CE75D-6D42-403F-8158-435D9DB2828E.jpeg 360w, https:\/\/www.voilco-aster.fr\/blog-sejours-vacances\/files\/2019\/07\/AA1CE75D-6D42-403F-8158-435D9DB2828E-225x300.jpeg 225w\" sizes=\"auto, (max-width: 360px) 100vw, 360px\" \/><\/figure><\/li><\/ul>\n","protected":false},"excerpt":{"rendered":"<p>Bonjour chers parents hier soir les enfants ont organis\u00e9 une soir\u00e9e autour du match Alg\u00e9rie S\u00e9n\u00e9gal. La rando 1 est rentr\u00e9e cette apr\u00e8s midi et la rando 2 est partie ce matin. Ils sont bien install\u00e9s. Aujourd\u2019hui c&rsquo;\u00e9tait Barbecue : vos enfants continuent de participer \u00e0 la vie du groupe avec plaisir en mettant la &hellip; <a href=\"https:\/\/www.voilco-aster.fr\/blog-sejours-vacances\/2019\/07\/21\/a-fond-a-fond\/\" class=\"more-link\">Continuer la lecture de <span class=\"screen-reader-text\">\u00c0 fond \u00e0 fond<\/span><\/a><\/p>\n","protected":false},"author":6,"featured_media":0,"comment_status":"open","ping_status":"closed","sticky":false,"template":"","format":"standard","meta":{"footnotes":""},"categories":[5],"tags":[],"class_list":["post-6318","post","type-post","status-publish","format-standard","hentry","category-sejours-6-11-ans"],"_links":{"self":[{"href":"https:\/\/www.voilco-aster.fr\/blog-sejours-vacances\/wp-json\/wp\/v2\/posts\/6318","targetHints":{"allow":["GET"]}}],"collection":[{"href":"https:\/\/www.voilco-aster.fr\/blog-sejours-vacances\/wp-json\/wp\/v2\/posts"}],"about":[{"href":"https:\/\/www.voilco-aster.fr\/blog-sejours-vacances\/wp-json\/wp\/v2\/types\/post"}],"author":[{"embeddable":true,"href":"https:\/\/www.voilco-aster.fr\/blog-sejours-vacances\/wp-json\/wp\/v2\/users\/6"}],"replies":[{"embeddable":true,"href":"https:\/\/www.voilco-aster.fr\/blog-sejours-vacances\/wp-json\/wp\/v2\/comments?post=6318"}],"version-history":[{"count":2,"href":"https:\/\/www.voilco-aster.fr\/blog-sejours-vacances\/wp-json\/wp\/v2\/posts\/6318\/revisions"}],"predecessor-version":[{"id":6375,"href":"https:\/\/www.voilco-aster.fr\/blog-sejours-vacances\/wp-json\/wp\/v2\/posts\/6318\/revisions\/6375"}],"wp:attachment":[{"href":"https:\/\/www.voilco-aster.fr\/blog-sejours-vacances\/wp-json\/wp\/v2\/media?parent=6318"}],"wp:term":[{"taxonomy":"category","embeddable":true,"href":"https:\/\/www.voilco-aster.fr\/blog-sejours-vacances\/wp-json\/wp\/v2\/categories?post=6318"},{"taxonomy":"post_tag","embeddable":true,"href":"https:\/\/www.voilco-aster.fr\/blog-sejours-vacances\/wp-json\/wp\/v2\/tags?post=6318"}],"curies":[{"name":"wp","href":"https:\/\/api.w.org\/{rel}","templated":true}]}}