{"id":6420,"date":"2019-07-27T23:57:27","date_gmt":"2019-07-27T22:57:27","guid":{"rendered":"https:\/\/www.voilco-aster.fr\/blog-sejours-vacances\/?p=6420"},"modified":"2019-07-27T23:57:27","modified_gmt":"2019-07-27T22:57:27","slug":"quelques-petites-nouvelles","status":"publish","type":"post","link":"https:\/\/www.voilco-aster.fr\/blog-sejours-vacances\/2019\/07\/27\/quelques-petites-nouvelles\/","title":{"rendered":"Quelques petites nouvelles"},"content":{"rendered":"\n<p>Bonsoir \u00e0 tous voici quelques photo de nos derni\u00e8res activit\u00e9s nous avons \u00e9t\u00e9 nous baigner au Lac du Bournazel. Les copains Des 2 randonn\u00e9es ont d\u00fb rebrousser chemin \u00e0 cause du temps. Mais cela n\u2019emp\u00eache pas de s\u2019amuser. <\/p>\n\n\n\n<ul class=\"wp-block-gallery columns-3 is-cropped wp-block-gallery-1 is-layout-flex wp-block-gallery-is-layout-flex\"><li class=\"blocks-gallery-item\"><figure><img loading=\"lazy\" decoding=\"async\" width=\"800\" height=\"600\" src=\"https:\/\/www.voilco-aster.fr\/blog-sejours-vacances\/files\/2019\/07\/B049D8A2-EE46-4E34-8C92-6B9C47371504-800x600.jpeg\" alt=\"\" data-id=\"6426\" data-link=\"https:\/\/www.voilco-aster.fr\/blog-sejours-vacances\/?attachment_id=6426\" class=\"wp-image-6426\" srcset=\"https:\/\/www.voilco-aster.fr\/blog-sejours-vacances\/files\/2019\/07\/B049D8A2-EE46-4E34-8C92-6B9C47371504-800x600.jpeg 800w, https:\/\/www.voilco-aster.fr\/blog-sejours-vacances\/files\/2019\/07\/B049D8A2-EE46-4E34-8C92-6B9C47371504-300x225.jpeg 300w, https:\/\/www.voilco-aster.fr\/blog-sejours-vacances\/files\/2019\/07\/B049D8A2-EE46-4E34-8C92-6B9C47371504-768x576.jpeg 768w\" sizes=\"auto, (max-width: 800px) 100vw, 800px\" \/><\/figure><\/li><li class=\"blocks-gallery-item\"><figure><img loading=\"lazy\" decoding=\"async\" width=\"800\" height=\"600\" src=\"https:\/\/www.voilco-aster.fr\/blog-sejours-vacances\/files\/2019\/07\/F0CCED45-6B45-4BE5-9684-BE8FAB7E4F19-800x600.jpeg\" alt=\"\" data-id=\"6427\" data-link=\"https:\/\/www.voilco-aster.fr\/blog-sejours-vacances\/?attachment_id=6427\" class=\"wp-image-6427\" srcset=\"https:\/\/www.voilco-aster.fr\/blog-sejours-vacances\/files\/2019\/07\/F0CCED45-6B45-4BE5-9684-BE8FAB7E4F19-800x600.jpeg 800w, https:\/\/www.voilco-aster.fr\/blog-sejours-vacances\/files\/2019\/07\/F0CCED45-6B45-4BE5-9684-BE8FAB7E4F19-300x225.jpeg 300w, https:\/\/www.voilco-aster.fr\/blog-sejours-vacances\/files\/2019\/07\/F0CCED45-6B45-4BE5-9684-BE8FAB7E4F19-768x576.jpeg 768w\" sizes=\"auto, (max-width: 800px) 100vw, 800px\" \/><\/figure><\/li><li class=\"blocks-gallery-item\"><figure><img loading=\"lazy\" decoding=\"async\" width=\"800\" height=\"600\" src=\"https:\/\/www.voilco-aster.fr\/blog-sejours-vacances\/files\/2019\/07\/07CC36B7-E7BD-46AF-94B7-857AD23D8485-800x600.jpeg\" alt=\"\" data-id=\"6428\" data-link=\"https:\/\/www.voilco-aster.fr\/blog-sejours-vacances\/?attachment_id=6428\" class=\"wp-image-6428\" srcset=\"https:\/\/www.voilco-aster.fr\/blog-sejours-vacances\/files\/2019\/07\/07CC36B7-E7BD-46AF-94B7-857AD23D8485-800x600.jpeg 800w, https:\/\/www.voilco-aster.fr\/blog-sejours-vacances\/files\/2019\/07\/07CC36B7-E7BD-46AF-94B7-857AD23D8485-300x225.jpeg 300w, https:\/\/www.voilco-aster.fr\/blog-sejours-vacances\/files\/2019\/07\/07CC36B7-E7BD-46AF-94B7-857AD23D8485-768x576.jpeg 768w, https:\/\/www.voilco-aster.fr\/blog-sejours-vacances\/files\/2019\/07\/07CC36B7-E7BD-46AF-94B7-857AD23D8485.jpeg 2048w\" sizes=\"auto, (max-width: 800px) 100vw, 800px\" \/><\/figure><\/li><li class=\"blocks-gallery-item\"><figure><img loading=\"lazy\" decoding=\"async\" width=\"800\" height=\"600\" src=\"https:\/\/www.voilco-aster.fr\/blog-sejours-vacances\/files\/2019\/07\/C8A82820-15CC-42EF-BA03-98B8D07D8908-800x600.jpeg\" alt=\"\" data-id=\"6429\" data-link=\"https:\/\/www.voilco-aster.fr\/blog-sejours-vacances\/?attachment_id=6429\" class=\"wp-image-6429\" srcset=\"https:\/\/www.voilco-aster.fr\/blog-sejours-vacances\/files\/2019\/07\/C8A82820-15CC-42EF-BA03-98B8D07D8908-800x600.jpeg 800w, https:\/\/www.voilco-aster.fr\/blog-sejours-vacances\/files\/2019\/07\/C8A82820-15CC-42EF-BA03-98B8D07D8908-300x225.jpeg 300w, https:\/\/www.voilco-aster.fr\/blog-sejours-vacances\/files\/2019\/07\/C8A82820-15CC-42EF-BA03-98B8D07D8908-768x576.jpeg 768w, https:\/\/www.voilco-aster.fr\/blog-sejours-vacances\/files\/2019\/07\/C8A82820-15CC-42EF-BA03-98B8D07D8908.jpeg 2048w\" sizes=\"auto, (max-width: 800px) 100vw, 800px\" \/><\/figure><\/li><li class=\"blocks-gallery-item\"><figure><img loading=\"lazy\" decoding=\"async\" width=\"800\" height=\"600\" src=\"https:\/\/www.voilco-aster.fr\/blog-sejours-vacances\/files\/2019\/07\/D8DE6220-0754-49F7-A811-E72F7F2A4897-800x600.jpeg\" alt=\"\" data-id=\"6430\" data-link=\"https:\/\/www.voilco-aster.fr\/blog-sejours-vacances\/?attachment_id=6430\" class=\"wp-image-6430\" srcset=\"https:\/\/www.voilco-aster.fr\/blog-sejours-vacances\/files\/2019\/07\/D8DE6220-0754-49F7-A811-E72F7F2A4897-800x600.jpeg 800w, https:\/\/www.voilco-aster.fr\/blog-sejours-vacances\/files\/2019\/07\/D8DE6220-0754-49F7-A811-E72F7F2A4897-300x225.jpeg 300w, https:\/\/www.voilco-aster.fr\/blog-sejours-vacances\/files\/2019\/07\/D8DE6220-0754-49F7-A811-E72F7F2A4897-768x576.jpeg 768w\" sizes=\"auto, (max-width: 800px) 100vw, 800px\" \/><\/figure><\/li><li class=\"blocks-gallery-item\"><figure><img loading=\"lazy\" decoding=\"async\" width=\"800\" height=\"600\" src=\"https:\/\/www.voilco-aster.fr\/blog-sejours-vacances\/files\/2019\/07\/36F22344-422F-4546-BCC0-0D9F7B138727-800x600.jpeg\" alt=\"\" data-id=\"6431\" data-link=\"https:\/\/www.voilco-aster.fr\/blog-sejours-vacances\/?attachment_id=6431\" class=\"wp-image-6431\" srcset=\"https:\/\/www.voilco-aster.fr\/blog-sejours-vacances\/files\/2019\/07\/36F22344-422F-4546-BCC0-0D9F7B138727-800x600.jpeg 800w, https:\/\/www.voilco-aster.fr\/blog-sejours-vacances\/files\/2019\/07\/36F22344-422F-4546-BCC0-0D9F7B138727-300x225.jpeg 300w, https:\/\/www.voilco-aster.fr\/blog-sejours-vacances\/files\/2019\/07\/36F22344-422F-4546-BCC0-0D9F7B138727-768x576.jpeg 768w\" sizes=\"auto, (max-width: 800px) 100vw, 800px\" \/><\/figure><\/li><li class=\"blocks-gallery-item\"><figure><img loading=\"lazy\" decoding=\"async\" width=\"800\" height=\"600\" src=\"https:\/\/www.voilco-aster.fr\/blog-sejours-vacances\/files\/2019\/07\/BC1D4DE7-51E5-42ED-8C19-04BA7EC34539-800x600.jpeg\" alt=\"\" data-id=\"6432\" data-link=\"https:\/\/www.voilco-aster.fr\/blog-sejours-vacances\/?attachment_id=6432\" class=\"wp-image-6432\" srcset=\"https:\/\/www.voilco-aster.fr\/blog-sejours-vacances\/files\/2019\/07\/BC1D4DE7-51E5-42ED-8C19-04BA7EC34539-800x600.jpeg 800w, https:\/\/www.voilco-aster.fr\/blog-sejours-vacances\/files\/2019\/07\/BC1D4DE7-51E5-42ED-8C19-04BA7EC34539-300x225.jpeg 300w, https:\/\/www.voilco-aster.fr\/blog-sejours-vacances\/files\/2019\/07\/BC1D4DE7-51E5-42ED-8C19-04BA7EC34539-768x576.jpeg 768w\" sizes=\"auto, (max-width: 800px) 100vw, 800px\" \/><\/figure><\/li><li class=\"blocks-gallery-item\"><figure><img loading=\"lazy\" decoding=\"async\" width=\"800\" height=\"600\" src=\"https:\/\/www.voilco-aster.fr\/blog-sejours-vacances\/files\/2019\/07\/1B059A34-8F8C-4F2F-AF2F-A2A2EEA259E8-800x600.jpeg\" alt=\"\" data-id=\"6433\" data-link=\"https:\/\/www.voilco-aster.fr\/blog-sejours-vacances\/?attachment_id=6433\" class=\"wp-image-6433\" srcset=\"https:\/\/www.voilco-aster.fr\/blog-sejours-vacances\/files\/2019\/07\/1B059A34-8F8C-4F2F-AF2F-A2A2EEA259E8-800x600.jpeg 800w, https:\/\/www.voilco-aster.fr\/blog-sejours-vacances\/files\/2019\/07\/1B059A34-8F8C-4F2F-AF2F-A2A2EEA259E8-300x225.jpeg 300w, https:\/\/www.voilco-aster.fr\/blog-sejours-vacances\/files\/2019\/07\/1B059A34-8F8C-4F2F-AF2F-A2A2EEA259E8-768x576.jpeg 768w, https:\/\/www.voilco-aster.fr\/blog-sejours-vacances\/files\/2019\/07\/1B059A34-8F8C-4F2F-AF2F-A2A2EEA259E8.jpeg 2048w\" sizes=\"auto, (max-width: 800px) 100vw, 800px\" \/><\/figure><\/li><li class=\"blocks-gallery-item\"><figure><img loading=\"lazy\" decoding=\"async\" width=\"800\" height=\"600\" src=\"https:\/\/www.voilco-aster.fr\/blog-sejours-vacances\/files\/2019\/07\/B149874C-066B-4595-9F23-1A67B3169E8A-800x600.jpeg\" alt=\"\" data-id=\"6434\" data-link=\"https:\/\/www.voilco-aster.fr\/blog-sejours-vacances\/?attachment_id=6434\" class=\"wp-image-6434\" srcset=\"https:\/\/www.voilco-aster.fr\/blog-sejours-vacances\/files\/2019\/07\/B149874C-066B-4595-9F23-1A67B3169E8A-800x600.jpeg 800w, https:\/\/www.voilco-aster.fr\/blog-sejours-vacances\/files\/2019\/07\/B149874C-066B-4595-9F23-1A67B3169E8A-300x225.jpeg 300w, https:\/\/www.voilco-aster.fr\/blog-sejours-vacances\/files\/2019\/07\/B149874C-066B-4595-9F23-1A67B3169E8A-768x576.jpeg 768w, https:\/\/www.voilco-aster.fr\/blog-sejours-vacances\/files\/2019\/07\/B149874C-066B-4595-9F23-1A67B3169E8A.jpeg 2048w\" sizes=\"auto, (max-width: 800px) 100vw, 800px\" \/><\/figure><\/li><li class=\"blocks-gallery-item\"><figure><img loading=\"lazy\" decoding=\"async\" width=\"800\" height=\"600\" src=\"https:\/\/www.voilco-aster.fr\/blog-sejours-vacances\/files\/2019\/07\/FA216C27-8EB8-4537-B79B-2C83693B88A1-800x600.jpeg\" alt=\"\" data-id=\"6435\" data-link=\"https:\/\/www.voilco-aster.fr\/blog-sejours-vacances\/?attachment_id=6435\" class=\"wp-image-6435\" srcset=\"https:\/\/www.voilco-aster.fr\/blog-sejours-vacances\/files\/2019\/07\/FA216C27-8EB8-4537-B79B-2C83693B88A1-800x600.jpeg 800w, https:\/\/www.voilco-aster.fr\/blog-sejours-vacances\/files\/2019\/07\/FA216C27-8EB8-4537-B79B-2C83693B88A1-300x225.jpeg 300w, https:\/\/www.voilco-aster.fr\/blog-sejours-vacances\/files\/2019\/07\/FA216C27-8EB8-4537-B79B-2C83693B88A1-768x576.jpeg 768w\" sizes=\"auto, (max-width: 800px) 100vw, 800px\" \/><\/figure><\/li><li class=\"blocks-gallery-item\"><figure><img loading=\"lazy\" decoding=\"async\" width=\"800\" height=\"600\" src=\"https:\/\/www.voilco-aster.fr\/blog-sejours-vacances\/files\/2019\/07\/E603A951-6616-4044-94D2-F975648B00E6-800x600.jpeg\" alt=\"\" data-id=\"6436\" data-link=\"https:\/\/www.voilco-aster.fr\/blog-sejours-vacances\/?attachment_id=6436\" class=\"wp-image-6436\" srcset=\"https:\/\/www.voilco-aster.fr\/blog-sejours-vacances\/files\/2019\/07\/E603A951-6616-4044-94D2-F975648B00E6-800x600.jpeg 800w, https:\/\/www.voilco-aster.fr\/blog-sejours-vacances\/files\/2019\/07\/E603A951-6616-4044-94D2-F975648B00E6-300x225.jpeg 300w, https:\/\/www.voilco-aster.fr\/blog-sejours-vacances\/files\/2019\/07\/E603A951-6616-4044-94D2-F975648B00E6-768x576.jpeg 768w\" sizes=\"auto, (max-width: 800px) 100vw, 800px\" \/><\/figure><\/li><li class=\"blocks-gallery-item\"><figure><img loading=\"lazy\" decoding=\"async\" width=\"800\" height=\"600\" src=\"https:\/\/www.voilco-aster.fr\/blog-sejours-vacances\/files\/2019\/07\/F8C642E0-4BAB-4A97-A743-18AC013436B7-800x600.jpeg\" alt=\"\" data-id=\"6437\" data-link=\"https:\/\/www.voilco-aster.fr\/blog-sejours-vacances\/?attachment_id=6437\" class=\"wp-image-6437\" srcset=\"https:\/\/www.voilco-aster.fr\/blog-sejours-vacances\/files\/2019\/07\/F8C642E0-4BAB-4A97-A743-18AC013436B7-800x600.jpeg 800w, https:\/\/www.voilco-aster.fr\/blog-sejours-vacances\/files\/2019\/07\/F8C642E0-4BAB-4A97-A743-18AC013436B7-300x225.jpeg 300w, https:\/\/www.voilco-aster.fr\/blog-sejours-vacances\/files\/2019\/07\/F8C642E0-4BAB-4A97-A743-18AC013436B7-768x576.jpeg 768w, https:\/\/www.voilco-aster.fr\/blog-sejours-vacances\/files\/2019\/07\/F8C642E0-4BAB-4A97-A743-18AC013436B7.jpeg 2048w\" sizes=\"auto, (max-width: 800px) 100vw, 800px\" \/><\/figure><\/li><li class=\"blocks-gallery-item\"><figure><img loading=\"lazy\" decoding=\"async\" width=\"800\" height=\"600\" src=\"https:\/\/www.voilco-aster.fr\/blog-sejours-vacances\/files\/2019\/07\/76972309-5800-46A4-9864-0FF82FD75F46-800x600.jpeg\" alt=\"\" data-id=\"6438\" data-link=\"https:\/\/www.voilco-aster.fr\/blog-sejours-vacances\/?attachment_id=6438\" class=\"wp-image-6438\" srcset=\"https:\/\/www.voilco-aster.fr\/blog-sejours-vacances\/files\/2019\/07\/76972309-5800-46A4-9864-0FF82FD75F46-800x600.jpeg 800w, https:\/\/www.voilco-aster.fr\/blog-sejours-vacances\/files\/2019\/07\/76972309-5800-46A4-9864-0FF82FD75F46-300x225.jpeg 300w, https:\/\/www.voilco-aster.fr\/blog-sejours-vacances\/files\/2019\/07\/76972309-5800-46A4-9864-0FF82FD75F46-768x576.jpeg 768w\" sizes=\"auto, (max-width: 800px) 100vw, 800px\" \/><\/figure><\/li><li class=\"blocks-gallery-item\"><figure><img loading=\"lazy\" decoding=\"async\" width=\"800\" height=\"600\" src=\"https:\/\/www.voilco-aster.fr\/blog-sejours-vacances\/files\/2019\/07\/936F0434-AB7B-49B2-AD01-EF0B250A466D-800x600.jpeg\" alt=\"\" data-id=\"6439\" data-link=\"https:\/\/www.voilco-aster.fr\/blog-sejours-vacances\/?attachment_id=6439\" class=\"wp-image-6439\" srcset=\"https:\/\/www.voilco-aster.fr\/blog-sejours-vacances\/files\/2019\/07\/936F0434-AB7B-49B2-AD01-EF0B250A466D-800x600.jpeg 800w, https:\/\/www.voilco-aster.fr\/blog-sejours-vacances\/files\/2019\/07\/936F0434-AB7B-49B2-AD01-EF0B250A466D-300x225.jpeg 300w, https:\/\/www.voilco-aster.fr\/blog-sejours-vacances\/files\/2019\/07\/936F0434-AB7B-49B2-AD01-EF0B250A466D-768x576.jpeg 768w\" sizes=\"auto, (max-width: 800px) 100vw, 800px\" \/><\/figure><\/li><li class=\"blocks-gallery-item\"><figure><img loading=\"lazy\" decoding=\"async\" width=\"800\" height=\"177\" src=\"https:\/\/www.voilco-aster.fr\/blog-sejours-vacances\/files\/2019\/07\/D05D858E-B81E-47A3-AADE-F627BEEFC9C0-800x177.jpeg\" alt=\"\" data-id=\"6440\" data-link=\"https:\/\/www.voilco-aster.fr\/blog-sejours-vacances\/?attachment_id=6440\" class=\"wp-image-6440\" srcset=\"https:\/\/www.voilco-aster.fr\/blog-sejours-vacances\/files\/2019\/07\/D05D858E-B81E-47A3-AADE-F627BEEFC9C0-800x177.jpeg 800w, https:\/\/www.voilco-aster.fr\/blog-sejours-vacances\/files\/2019\/07\/D05D858E-B81E-47A3-AADE-F627BEEFC9C0-300x66.jpeg 300w, https:\/\/www.voilco-aster.fr\/blog-sejours-vacances\/files\/2019\/07\/D05D858E-B81E-47A3-AADE-F627BEEFC9C0-768x170.jpeg 768w\" sizes=\"auto, (max-width: 800px) 100vw, 800px\" \/><\/figure><\/li><li class=\"blocks-gallery-item\"><figure><img loading=\"lazy\" decoding=\"async\" width=\"800\" height=\"600\" src=\"https:\/\/www.voilco-aster.fr\/blog-sejours-vacances\/files\/2019\/07\/7B8990B3-0EE9-4296-ADAD-2CFCD4BB686D-800x600.jpeg\" alt=\"\" data-id=\"6441\" data-link=\"https:\/\/www.voilco-aster.fr\/blog-sejours-vacances\/?attachment_id=6441\" class=\"wp-image-6441\" srcset=\"https:\/\/www.voilco-aster.fr\/blog-sejours-vacances\/files\/2019\/07\/7B8990B3-0EE9-4296-ADAD-2CFCD4BB686D-800x600.jpeg 800w, https:\/\/www.voilco-aster.fr\/blog-sejours-vacances\/files\/2019\/07\/7B8990B3-0EE9-4296-ADAD-2CFCD4BB686D-300x225.jpeg 300w, https:\/\/www.voilco-aster.fr\/blog-sejours-vacances\/files\/2019\/07\/7B8990B3-0EE9-4296-ADAD-2CFCD4BB686D-768x576.jpeg 768w\" sizes=\"auto, (max-width: 800px) 100vw, 800px\" \/><\/figure><\/li><li class=\"blocks-gallery-item\"><figure><img loading=\"lazy\" decoding=\"async\" width=\"600\" height=\"800\" src=\"https:\/\/www.voilco-aster.fr\/blog-sejours-vacances\/files\/2019\/07\/58286E5F-AB7B-4E9A-B696-A0BD1F5CC23C-600x800.jpeg\" alt=\"\" data-id=\"6442\" data-link=\"https:\/\/www.voilco-aster.fr\/blog-sejours-vacances\/?attachment_id=6442\" class=\"wp-image-6442\" srcset=\"https:\/\/www.voilco-aster.fr\/blog-sejours-vacances\/files\/2019\/07\/58286E5F-AB7B-4E9A-B696-A0BD1F5CC23C-600x800.jpeg 600w, https:\/\/www.voilco-aster.fr\/blog-sejours-vacances\/files\/2019\/07\/58286E5F-AB7B-4E9A-B696-A0BD1F5CC23C-225x300.jpeg 225w, https:\/\/www.voilco-aster.fr\/blog-sejours-vacances\/files\/2019\/07\/58286E5F-AB7B-4E9A-B696-A0BD1F5CC23C-768x1024.jpeg 768w\" sizes=\"auto, (max-width: 600px) 100vw, 600px\" \/><\/figure><\/li><li class=\"blocks-gallery-item\"><figure><img loading=\"lazy\" decoding=\"async\" width=\"600\" height=\"800\" src=\"https:\/\/www.voilco-aster.fr\/blog-sejours-vacances\/files\/2019\/07\/5A72760E-41E9-41A9-B6DD-D49BDB65CF45-600x800.jpeg\" alt=\"\" data-id=\"6443\" data-link=\"https:\/\/www.voilco-aster.fr\/blog-sejours-vacances\/?attachment_id=6443\" class=\"wp-image-6443\" srcset=\"https:\/\/www.voilco-aster.fr\/blog-sejours-vacances\/files\/2019\/07\/5A72760E-41E9-41A9-B6DD-D49BDB65CF45-600x800.jpeg 600w, https:\/\/www.voilco-aster.fr\/blog-sejours-vacances\/files\/2019\/07\/5A72760E-41E9-41A9-B6DD-D49BDB65CF45-225x300.jpeg 225w, https:\/\/www.voilco-aster.fr\/blog-sejours-vacances\/files\/2019\/07\/5A72760E-41E9-41A9-B6DD-D49BDB65CF45-768x1024.jpeg 768w\" sizes=\"auto, (max-width: 600px) 100vw, 600px\" \/><\/figure><\/li><li class=\"blocks-gallery-item\"><figure><img loading=\"lazy\" decoding=\"async\" width=\"800\" height=\"450\" src=\"https:\/\/www.voilco-aster.fr\/blog-sejours-vacances\/files\/2019\/07\/E173EEC2-B540-42F8-B1B8-7009FF92C621-800x450.jpeg\" alt=\"\" data-id=\"6444\" data-link=\"https:\/\/www.voilco-aster.fr\/blog-sejours-vacances\/?attachment_id=6444\" class=\"wp-image-6444\" srcset=\"https:\/\/www.voilco-aster.fr\/blog-sejours-vacances\/files\/2019\/07\/E173EEC2-B540-42F8-B1B8-7009FF92C621-800x450.jpeg 800w, https:\/\/www.voilco-aster.fr\/blog-sejours-vacances\/files\/2019\/07\/E173EEC2-B540-42F8-B1B8-7009FF92C621-300x169.jpeg 300w, https:\/\/www.voilco-aster.fr\/blog-sejours-vacances\/files\/2019\/07\/E173EEC2-B540-42F8-B1B8-7009FF92C621-768x432.jpeg 768w\" sizes=\"auto, (max-width: 800px) 100vw, 800px\" \/><\/figure><\/li><li class=\"blocks-gallery-item\"><figure><img loading=\"lazy\" decoding=\"async\" width=\"800\" height=\"450\" src=\"https:\/\/www.voilco-aster.fr\/blog-sejours-vacances\/files\/2019\/07\/F9BE0776-1647-476C-A932-2945CEC16DFB-800x450.jpeg\" alt=\"\" data-id=\"6445\" data-link=\"https:\/\/www.voilco-aster.fr\/blog-sejours-vacances\/?attachment_id=6445\" class=\"wp-image-6445\" srcset=\"https:\/\/www.voilco-aster.fr\/blog-sejours-vacances\/files\/2019\/07\/F9BE0776-1647-476C-A932-2945CEC16DFB-800x450.jpeg 800w, https:\/\/www.voilco-aster.fr\/blog-sejours-vacances\/files\/2019\/07\/F9BE0776-1647-476C-A932-2945CEC16DFB-300x169.jpeg 300w, https:\/\/www.voilco-aster.fr\/blog-sejours-vacances\/files\/2019\/07\/F9BE0776-1647-476C-A932-2945CEC16DFB-768x432.jpeg 768w\" sizes=\"auto, (max-width: 800px) 100vw, 800px\" \/><\/figure><\/li><li class=\"blocks-gallery-item\"><figure><img loading=\"lazy\" decoding=\"async\" width=\"800\" height=\"450\" src=\"https:\/\/www.voilco-aster.fr\/blog-sejours-vacances\/files\/2019\/07\/FA37BD51-D239-4EF4-A11E-8714325B271A-800x450.jpeg\" alt=\"\" data-id=\"6446\" data-link=\"https:\/\/www.voilco-aster.fr\/blog-sejours-vacances\/?attachment_id=6446\" class=\"wp-image-6446\" srcset=\"https:\/\/www.voilco-aster.fr\/blog-sejours-vacances\/files\/2019\/07\/FA37BD51-D239-4EF4-A11E-8714325B271A-800x450.jpeg 800w, https:\/\/www.voilco-aster.fr\/blog-sejours-vacances\/files\/2019\/07\/FA37BD51-D239-4EF4-A11E-8714325B271A-300x169.jpeg 300w, https:\/\/www.voilco-aster.fr\/blog-sejours-vacances\/files\/2019\/07\/FA37BD51-D239-4EF4-A11E-8714325B271A-768x432.jpeg 768w\" sizes=\"auto, (max-width: 800px) 100vw, 800px\" \/><\/figure><\/li><li class=\"blocks-gallery-item\"><figure><img loading=\"lazy\" decoding=\"async\" width=\"800\" height=\"600\" src=\"https:\/\/www.voilco-aster.fr\/blog-sejours-vacances\/files\/2019\/07\/8893928F-69B8-4750-A75F-7A75E9CEF6F2-800x600.jpeg\" alt=\"\" data-id=\"6447\" data-link=\"https:\/\/www.voilco-aster.fr\/blog-sejours-vacances\/?attachment_id=6447\" class=\"wp-image-6447\" srcset=\"https:\/\/www.voilco-aster.fr\/blog-sejours-vacances\/files\/2019\/07\/8893928F-69B8-4750-A75F-7A75E9CEF6F2-800x600.jpeg 800w, https:\/\/www.voilco-aster.fr\/blog-sejours-vacances\/files\/2019\/07\/8893928F-69B8-4750-A75F-7A75E9CEF6F2-300x225.jpeg 300w, https:\/\/www.voilco-aster.fr\/blog-sejours-vacances\/files\/2019\/07\/8893928F-69B8-4750-A75F-7A75E9CEF6F2-768x576.jpeg 768w, https:\/\/www.voilco-aster.fr\/blog-sejours-vacances\/files\/2019\/07\/8893928F-69B8-4750-A75F-7A75E9CEF6F2.jpeg 2048w\" sizes=\"auto, (max-width: 800px) 100vw, 800px\" \/><\/figure><\/li><li class=\"blocks-gallery-item\"><figure><img loading=\"lazy\" decoding=\"async\" width=\"600\" height=\"800\" src=\"https:\/\/www.voilco-aster.fr\/blog-sejours-vacances\/files\/2019\/07\/DF81DF0F-4E57-4822-87D6-39F5E9C22C78-600x800.jpeg\" alt=\"\" data-id=\"6448\" data-link=\"https:\/\/www.voilco-aster.fr\/blog-sejours-vacances\/?attachment_id=6448\" class=\"wp-image-6448\" srcset=\"https:\/\/www.voilco-aster.fr\/blog-sejours-vacances\/files\/2019\/07\/DF81DF0F-4E57-4822-87D6-39F5E9C22C78-600x800.jpeg 600w, https:\/\/www.voilco-aster.fr\/blog-sejours-vacances\/files\/2019\/07\/DF81DF0F-4E57-4822-87D6-39F5E9C22C78-225x300.jpeg 225w, https:\/\/www.voilco-aster.fr\/blog-sejours-vacances\/files\/2019\/07\/DF81DF0F-4E57-4822-87D6-39F5E9C22C78-768x1024.jpeg 768w, https:\/\/www.voilco-aster.fr\/blog-sejours-vacances\/files\/2019\/07\/DF81DF0F-4E57-4822-87D6-39F5E9C22C78.jpeg 1536w\" sizes=\"auto, (max-width: 600px) 100vw, 600px\" \/><\/figure><\/li><li class=\"blocks-gallery-item\"><figure><img loading=\"lazy\" decoding=\"async\" width=\"600\" height=\"800\" src=\"https:\/\/www.voilco-aster.fr\/blog-sejours-vacances\/files\/2019\/07\/432E3CC2-FFD3-4FAF-8B6F-976E076416F6-600x800.jpeg\" alt=\"\" data-id=\"6449\" data-link=\"https:\/\/www.voilco-aster.fr\/blog-sejours-vacances\/?attachment_id=6449\" class=\"wp-image-6449\" srcset=\"https:\/\/www.voilco-aster.fr\/blog-sejours-vacances\/files\/2019\/07\/432E3CC2-FFD3-4FAF-8B6F-976E076416F6-600x800.jpeg 600w, https:\/\/www.voilco-aster.fr\/blog-sejours-vacances\/files\/2019\/07\/432E3CC2-FFD3-4FAF-8B6F-976E076416F6-225x300.jpeg 225w, https:\/\/www.voilco-aster.fr\/blog-sejours-vacances\/files\/2019\/07\/432E3CC2-FFD3-4FAF-8B6F-976E076416F6-768x1024.jpeg 768w, https:\/\/www.voilco-aster.fr\/blog-sejours-vacances\/files\/2019\/07\/432E3CC2-FFD3-4FAF-8B6F-976E076416F6.jpeg 1536w\" sizes=\"auto, (max-width: 600px) 100vw, 600px\" \/><\/figure><\/li><li class=\"blocks-gallery-item\"><figure><img loading=\"lazy\" decoding=\"async\" width=\"800\" height=\"600\" src=\"https:\/\/www.voilco-aster.fr\/blog-sejours-vacances\/files\/2019\/07\/83BB6C07-A5FD-489B-8778-10FFF974741B-800x600.jpeg\" alt=\"\" data-id=\"6450\" data-link=\"https:\/\/www.voilco-aster.fr\/blog-sejours-vacances\/?attachment_id=6450\" class=\"wp-image-6450\" srcset=\"https:\/\/www.voilco-aster.fr\/blog-sejours-vacances\/files\/2019\/07\/83BB6C07-A5FD-489B-8778-10FFF974741B-800x600.jpeg 800w, https:\/\/www.voilco-aster.fr\/blog-sejours-vacances\/files\/2019\/07\/83BB6C07-A5FD-489B-8778-10FFF974741B-300x225.jpeg 300w, https:\/\/www.voilco-aster.fr\/blog-sejours-vacances\/files\/2019\/07\/83BB6C07-A5FD-489B-8778-10FFF974741B-768x576.jpeg 768w, https:\/\/www.voilco-aster.fr\/blog-sejours-vacances\/files\/2019\/07\/83BB6C07-A5FD-489B-8778-10FFF974741B.jpeg 2048w\" sizes=\"auto, (max-width: 800px) 100vw, 800px\" \/><\/figure><\/li><li class=\"blocks-gallery-item\"><figure><img loading=\"lazy\" decoding=\"async\" width=\"800\" height=\"600\" src=\"https:\/\/www.voilco-aster.fr\/blog-sejours-vacances\/files\/2019\/07\/23454D5B-8F64-436F-8C02-0322027618EC-800x600.jpeg\" alt=\"\" data-id=\"6451\" data-link=\"https:\/\/www.voilco-aster.fr\/blog-sejours-vacances\/?attachment_id=6451\" class=\"wp-image-6451\" srcset=\"https:\/\/www.voilco-aster.fr\/blog-sejours-vacances\/files\/2019\/07\/23454D5B-8F64-436F-8C02-0322027618EC-800x600.jpeg 800w, https:\/\/www.voilco-aster.fr\/blog-sejours-vacances\/files\/2019\/07\/23454D5B-8F64-436F-8C02-0322027618EC-300x225.jpeg 300w, https:\/\/www.voilco-aster.fr\/blog-sejours-vacances\/files\/2019\/07\/23454D5B-8F64-436F-8C02-0322027618EC-768x576.jpeg 768w, https:\/\/www.voilco-aster.fr\/blog-sejours-vacances\/files\/2019\/07\/23454D5B-8F64-436F-8C02-0322027618EC.jpeg 2048w\" sizes=\"auto, (max-width: 800px) 100vw, 800px\" \/><\/figure><\/li><li class=\"blocks-gallery-item\"><figure><img loading=\"lazy\" decoding=\"async\" width=\"800\" height=\"601\" src=\"https:\/\/www.voilco-aster.fr\/blog-sejours-vacances\/files\/2019\/07\/0FF60E14-CE69-4541-A508-B34FC20227B8-800x601.jpeg\" alt=\"\" data-id=\"6452\" data-link=\"https:\/\/www.voilco-aster.fr\/blog-sejours-vacances\/?attachment_id=6452\" class=\"wp-image-6452\" srcset=\"https:\/\/www.voilco-aster.fr\/blog-sejours-vacances\/files\/2019\/07\/0FF60E14-CE69-4541-A508-B34FC20227B8-800x601.jpeg 800w, https:\/\/www.voilco-aster.fr\/blog-sejours-vacances\/files\/2019\/07\/0FF60E14-CE69-4541-A508-B34FC20227B8-300x225.jpeg 300w, https:\/\/www.voilco-aster.fr\/blog-sejours-vacances\/files\/2019\/07\/0FF60E14-CE69-4541-A508-B34FC20227B8-768x577.jpeg 768w\" sizes=\"auto, (max-width: 800px) 100vw, 800px\" \/><\/figure><\/li><li class=\"blocks-gallery-item\"><figure><img loading=\"lazy\" decoding=\"async\" width=\"800\" height=\"601\" src=\"https:\/\/www.voilco-aster.fr\/blog-sejours-vacances\/files\/2019\/07\/8A418D1C-F44C-4690-9B67-BD8E705E7CD0-800x601.jpeg\" alt=\"\" data-id=\"6453\" data-link=\"https:\/\/www.voilco-aster.fr\/blog-sejours-vacances\/?attachment_id=6453\" class=\"wp-image-6453\" srcset=\"https:\/\/www.voilco-aster.fr\/blog-sejours-vacances\/files\/2019\/07\/8A418D1C-F44C-4690-9B67-BD8E705E7CD0-800x601.jpeg 800w, https:\/\/www.voilco-aster.fr\/blog-sejours-vacances\/files\/2019\/07\/8A418D1C-F44C-4690-9B67-BD8E705E7CD0-300x225.jpeg 300w, https:\/\/www.voilco-aster.fr\/blog-sejours-vacances\/files\/2019\/07\/8A418D1C-F44C-4690-9B67-BD8E705E7CD0-768x577.jpeg 768w\" sizes=\"auto, (max-width: 800px) 100vw, 800px\" \/><\/figure><\/li><li class=\"blocks-gallery-item\"><figure><img loading=\"lazy\" decoding=\"async\" width=\"800\" height=\"600\" src=\"https:\/\/www.voilco-aster.fr\/blog-sejours-vacances\/files\/2019\/07\/56AE37B3-2520-4EC5-AE07-147AF86C5EA6-800x600.jpeg\" alt=\"\" data-id=\"6454\" data-link=\"https:\/\/www.voilco-aster.fr\/blog-sejours-vacances\/?attachment_id=6454\" class=\"wp-image-6454\" srcset=\"https:\/\/www.voilco-aster.fr\/blog-sejours-vacances\/files\/2019\/07\/56AE37B3-2520-4EC5-AE07-147AF86C5EA6-800x600.jpeg 800w, https:\/\/www.voilco-aster.fr\/blog-sejours-vacances\/files\/2019\/07\/56AE37B3-2520-4EC5-AE07-147AF86C5EA6-300x225.jpeg 300w, https:\/\/www.voilco-aster.fr\/blog-sejours-vacances\/files\/2019\/07\/56AE37B3-2520-4EC5-AE07-147AF86C5EA6-768x576.jpeg 768w, https:\/\/www.voilco-aster.fr\/blog-sejours-vacances\/files\/2019\/07\/56AE37B3-2520-4EC5-AE07-147AF86C5EA6.jpeg 2048w\" sizes=\"auto, (max-width: 800px) 100vw, 800px\" \/><\/figure><\/li><li class=\"blocks-gallery-item\"><figure><img loading=\"lazy\" decoding=\"async\" width=\"800\" height=\"600\" src=\"https:\/\/www.voilco-aster.fr\/blog-sejours-vacances\/files\/2019\/07\/9BDE42F8-8DBB-4B1A-B13C-57E1276144AC-800x600.jpeg\" alt=\"\" data-id=\"6455\" data-link=\"https:\/\/www.voilco-aster.fr\/blog-sejours-vacances\/?attachment_id=6455\" class=\"wp-image-6455\" srcset=\"https:\/\/www.voilco-aster.fr\/blog-sejours-vacances\/files\/2019\/07\/9BDE42F8-8DBB-4B1A-B13C-57E1276144AC-800x600.jpeg 800w, https:\/\/www.voilco-aster.fr\/blog-sejours-vacances\/files\/2019\/07\/9BDE42F8-8DBB-4B1A-B13C-57E1276144AC-300x225.jpeg 300w, https:\/\/www.voilco-aster.fr\/blog-sejours-vacances\/files\/2019\/07\/9BDE42F8-8DBB-4B1A-B13C-57E1276144AC-768x576.jpeg 768w\" sizes=\"auto, (max-width: 800px) 100vw, 800px\" \/><\/figure><\/li><li class=\"blocks-gallery-item\"><figure><img loading=\"lazy\" decoding=\"async\" width=\"800\" height=\"600\" src=\"https:\/\/www.voilco-aster.fr\/blog-sejours-vacances\/files\/2019\/07\/0F43BF7E-AF23-44A2-9548-CB559B3C7BE7-800x600.jpeg\" alt=\"\" data-id=\"6456\" data-link=\"https:\/\/www.voilco-aster.fr\/blog-sejours-vacances\/?attachment_id=6456\" class=\"wp-image-6456\" srcset=\"https:\/\/www.voilco-aster.fr\/blog-sejours-vacances\/files\/2019\/07\/0F43BF7E-AF23-44A2-9548-CB559B3C7BE7-800x600.jpeg 800w, https:\/\/www.voilco-aster.fr\/blog-sejours-vacances\/files\/2019\/07\/0F43BF7E-AF23-44A2-9548-CB559B3C7BE7-300x225.jpeg 300w, https:\/\/www.voilco-aster.fr\/blog-sejours-vacances\/files\/2019\/07\/0F43BF7E-AF23-44A2-9548-CB559B3C7BE7-768x576.jpeg 768w\" sizes=\"auto, (max-width: 800px) 100vw, 800px\" \/><\/figure><\/li><li class=\"blocks-gallery-item\"><figure><img loading=\"lazy\" decoding=\"async\" width=\"800\" height=\"600\" src=\"https:\/\/www.voilco-aster.fr\/blog-sejours-vacances\/files\/2019\/07\/22A305AB-A0B3-4643-9DDC-2150A02B9D17-800x600.jpeg\" alt=\"\" data-id=\"6457\" data-link=\"https:\/\/www.voilco-aster.fr\/blog-sejours-vacances\/?attachment_id=6457\" class=\"wp-image-6457\" srcset=\"https:\/\/www.voilco-aster.fr\/blog-sejours-vacances\/files\/2019\/07\/22A305AB-A0B3-4643-9DDC-2150A02B9D17-800x600.jpeg 800w, https:\/\/www.voilco-aster.fr\/blog-sejours-vacances\/files\/2019\/07\/22A305AB-A0B3-4643-9DDC-2150A02B9D17-300x225.jpeg 300w, https:\/\/www.voilco-aster.fr\/blog-sejours-vacances\/files\/2019\/07\/22A305AB-A0B3-4643-9DDC-2150A02B9D17-768x576.jpeg 768w\" sizes=\"auto, (max-width: 800px) 100vw, 800px\" \/><\/figure><\/li><li class=\"blocks-gallery-item\"><figure><img loading=\"lazy\" decoding=\"async\" width=\"800\" height=\"600\" src=\"https:\/\/www.voilco-aster.fr\/blog-sejours-vacances\/files\/2019\/07\/F59455E7-9740-45CA-BC94-A23DC9B969EA-800x600.jpeg\" alt=\"\" data-id=\"6458\" data-link=\"https:\/\/www.voilco-aster.fr\/blog-sejours-vacances\/?attachment_id=6458\" class=\"wp-image-6458\" srcset=\"https:\/\/www.voilco-aster.fr\/blog-sejours-vacances\/files\/2019\/07\/F59455E7-9740-45CA-BC94-A23DC9B969EA-800x600.jpeg 800w, https:\/\/www.voilco-aster.fr\/blog-sejours-vacances\/files\/2019\/07\/F59455E7-9740-45CA-BC94-A23DC9B969EA-300x225.jpeg 300w, https:\/\/www.voilco-aster.fr\/blog-sejours-vacances\/files\/2019\/07\/F59455E7-9740-45CA-BC94-A23DC9B969EA-768x576.jpeg 768w, https:\/\/www.voilco-aster.fr\/blog-sejours-vacances\/files\/2019\/07\/F59455E7-9740-45CA-BC94-A23DC9B969EA.jpeg 2048w\" sizes=\"auto, (max-width: 800px) 100vw, 800px\" \/><\/figure><\/li><li class=\"blocks-gallery-item\"><figure><img loading=\"lazy\" decoding=\"async\" width=\"800\" height=\"600\" src=\"https:\/\/www.voilco-aster.fr\/blog-sejours-vacances\/files\/2019\/07\/04E215C5-DA08-4606-8459-27677B8C380B-800x600.jpeg\" alt=\"\" data-id=\"6459\" data-link=\"https:\/\/www.voilco-aster.fr\/blog-sejours-vacances\/?attachment_id=6459\" class=\"wp-image-6459\" srcset=\"https:\/\/www.voilco-aster.fr\/blog-sejours-vacances\/files\/2019\/07\/04E215C5-DA08-4606-8459-27677B8C380B-800x600.jpeg 800w, https:\/\/www.voilco-aster.fr\/blog-sejours-vacances\/files\/2019\/07\/04E215C5-DA08-4606-8459-27677B8C380B-300x225.jpeg 300w, https:\/\/www.voilco-aster.fr\/blog-sejours-vacances\/files\/2019\/07\/04E215C5-DA08-4606-8459-27677B8C380B-768x576.jpeg 768w\" sizes=\"auto, (max-width: 800px) 100vw, 800px\" \/><\/figure><\/li><li class=\"blocks-gallery-item\"><figure><img loading=\"lazy\" decoding=\"async\" width=\"800\" height=\"600\" src=\"https:\/\/www.voilco-aster.fr\/blog-sejours-vacances\/files\/2019\/07\/65959067-DC15-409C-9C7D-BF2F48EB72E9-800x600.jpeg\" alt=\"\" data-id=\"6460\" data-link=\"https:\/\/www.voilco-aster.fr\/blog-sejours-vacances\/?attachment_id=6460\" class=\"wp-image-6460\" srcset=\"https:\/\/www.voilco-aster.fr\/blog-sejours-vacances\/files\/2019\/07\/65959067-DC15-409C-9C7D-BF2F48EB72E9-800x600.jpeg 800w, https:\/\/www.voilco-aster.fr\/blog-sejours-vacances\/files\/2019\/07\/65959067-DC15-409C-9C7D-BF2F48EB72E9-300x225.jpeg 300w, https:\/\/www.voilco-aster.fr\/blog-sejours-vacances\/files\/2019\/07\/65959067-DC15-409C-9C7D-BF2F48EB72E9-768x576.jpeg 768w\" sizes=\"auto, (max-width: 800px) 100vw, 800px\" \/><\/figure><\/li><li class=\"blocks-gallery-item\"><figure><img loading=\"lazy\" decoding=\"async\" width=\"800\" height=\"600\" src=\"https:\/\/www.voilco-aster.fr\/blog-sejours-vacances\/files\/2019\/07\/59A16A9F-6450-41DB-B9E7-C958C85A2D13-800x600.jpeg\" alt=\"\" data-id=\"6461\" data-link=\"https:\/\/www.voilco-aster.fr\/blog-sejours-vacances\/?attachment_id=6461\" class=\"wp-image-6461\" srcset=\"https:\/\/www.voilco-aster.fr\/blog-sejours-vacances\/files\/2019\/07\/59A16A9F-6450-41DB-B9E7-C958C85A2D13-800x600.jpeg 800w, https:\/\/www.voilco-aster.fr\/blog-sejours-vacances\/files\/2019\/07\/59A16A9F-6450-41DB-B9E7-C958C85A2D13-300x225.jpeg 300w, https:\/\/www.voilco-aster.fr\/blog-sejours-vacances\/files\/2019\/07\/59A16A9F-6450-41DB-B9E7-C958C85A2D13-768x576.jpeg 768w, https:\/\/www.voilco-aster.fr\/blog-sejours-vacances\/files\/2019\/07\/59A16A9F-6450-41DB-B9E7-C958C85A2D13.jpeg 2048w\" sizes=\"auto, (max-width: 800px) 100vw, 800px\" \/><\/figure><\/li><li class=\"blocks-gallery-item\"><figure><img loading=\"lazy\" decoding=\"async\" width=\"450\" height=\"800\" src=\"https:\/\/www.voilco-aster.fr\/blog-sejours-vacances\/files\/2019\/07\/3A01C8FA-BAED-4B4C-A597-0836E448428E-450x800.jpeg\" alt=\"\" data-id=\"6462\" data-link=\"https:\/\/www.voilco-aster.fr\/blog-sejours-vacances\/?attachment_id=6462\" class=\"wp-image-6462\" srcset=\"https:\/\/www.voilco-aster.fr\/blog-sejours-vacances\/files\/2019\/07\/3A01C8FA-BAED-4B4C-A597-0836E448428E-450x800.jpeg 450w, https:\/\/www.voilco-aster.fr\/blog-sejours-vacances\/files\/2019\/07\/3A01C8FA-BAED-4B4C-A597-0836E448428E-169x300.jpeg 169w, https:\/\/www.voilco-aster.fr\/blog-sejours-vacances\/files\/2019\/07\/3A01C8FA-BAED-4B4C-A597-0836E448428E.jpeg 750w\" sizes=\"auto, (max-width: 450px) 100vw, 450px\" \/><\/figure><\/li><li class=\"blocks-gallery-item\"><figure><img loading=\"lazy\" decoding=\"async\" width=\"800\" height=\"600\" src=\"https:\/\/www.voilco-aster.fr\/blog-sejours-vacances\/files\/2019\/07\/01F25EAE-AC3B-4887-97DA-A3C137D892AC-800x600.jpeg\" alt=\"\" data-id=\"6463\" data-link=\"https:\/\/www.voilco-aster.fr\/blog-sejours-vacances\/?attachment_id=6463\" class=\"wp-image-6463\" srcset=\"https:\/\/www.voilco-aster.fr\/blog-sejours-vacances\/files\/2019\/07\/01F25EAE-AC3B-4887-97DA-A3C137D892AC-800x600.jpeg 800w, https:\/\/www.voilco-aster.fr\/blog-sejours-vacances\/files\/2019\/07\/01F25EAE-AC3B-4887-97DA-A3C137D892AC-300x225.jpeg 300w, https:\/\/www.voilco-aster.fr\/blog-sejours-vacances\/files\/2019\/07\/01F25EAE-AC3B-4887-97DA-A3C137D892AC-768x576.jpeg 768w, https:\/\/www.voilco-aster.fr\/blog-sejours-vacances\/files\/2019\/07\/01F25EAE-AC3B-4887-97DA-A3C137D892AC.jpeg 2048w\" sizes=\"auto, (max-width: 800px) 100vw, 800px\" \/><\/figure><\/li><li class=\"blocks-gallery-item\"><figure><img loading=\"lazy\" decoding=\"async\" width=\"800\" height=\"645\" src=\"https:\/\/www.voilco-aster.fr\/blog-sejours-vacances\/files\/2019\/07\/522C6B6F-E746-40B2-ACC1-360ADCB7E04A-800x645.jpeg\" alt=\"\" data-id=\"6464\" data-link=\"https:\/\/www.voilco-aster.fr\/blog-sejours-vacances\/?attachment_id=6464\" class=\"wp-image-6464\" srcset=\"https:\/\/www.voilco-aster.fr\/blog-sejours-vacances\/files\/2019\/07\/522C6B6F-E746-40B2-ACC1-360ADCB7E04A-800x645.jpeg 800w, https:\/\/www.voilco-aster.fr\/blog-sejours-vacances\/files\/2019\/07\/522C6B6F-E746-40B2-ACC1-360ADCB7E04A-300x242.jpeg 300w, https:\/\/www.voilco-aster.fr\/blog-sejours-vacances\/files\/2019\/07\/522C6B6F-E746-40B2-ACC1-360ADCB7E04A-768x619.jpeg 768w\" sizes=\"auto, (max-width: 800px) 100vw, 800px\" \/><\/figure><\/li><li class=\"blocks-gallery-item\"><figure><img loading=\"lazy\" decoding=\"async\" width=\"800\" height=\"697\" src=\"https:\/\/www.voilco-aster.fr\/blog-sejours-vacances\/files\/2019\/07\/723BF621-EBD1-4565-9672-8C4357E93B5B-800x697.jpeg\" alt=\"\" data-id=\"6465\" data-link=\"https:\/\/www.voilco-aster.fr\/blog-sejours-vacances\/?attachment_id=6465\" class=\"wp-image-6465\" srcset=\"https:\/\/www.voilco-aster.fr\/blog-sejours-vacances\/files\/2019\/07\/723BF621-EBD1-4565-9672-8C4357E93B5B-800x697.jpeg 800w, https:\/\/www.voilco-aster.fr\/blog-sejours-vacances\/files\/2019\/07\/723BF621-EBD1-4565-9672-8C4357E93B5B-300x261.jpeg 300w, https:\/\/www.voilco-aster.fr\/blog-sejours-vacances\/files\/2019\/07\/723BF621-EBD1-4565-9672-8C4357E93B5B-768x669.jpeg 768w\" sizes=\"auto, (max-width: 800px) 100vw, 800px\" \/><\/figure><\/li><li class=\"blocks-gallery-item\"><figure><img loading=\"lazy\" decoding=\"async\" width=\"800\" height=\"706\" src=\"https:\/\/www.voilco-aster.fr\/blog-sejours-vacances\/files\/2019\/07\/0CD3F821-EEF5-4429-8EEF-0849BD79F904-800x706.jpeg\" alt=\"\" data-id=\"6466\" data-link=\"https:\/\/www.voilco-aster.fr\/blog-sejours-vacances\/?attachment_id=6466\" class=\"wp-image-6466\" srcset=\"https:\/\/www.voilco-aster.fr\/blog-sejours-vacances\/files\/2019\/07\/0CD3F821-EEF5-4429-8EEF-0849BD79F904-800x706.jpeg 800w, https:\/\/www.voilco-aster.fr\/blog-sejours-vacances\/files\/2019\/07\/0CD3F821-EEF5-4429-8EEF-0849BD79F904-300x265.jpeg 300w, https:\/\/www.voilco-aster.fr\/blog-sejours-vacances\/files\/2019\/07\/0CD3F821-EEF5-4429-8EEF-0849BD79F904-768x677.jpeg 768w\" sizes=\"auto, (max-width: 800px) 100vw, 800px\" \/><\/figure><\/li><li class=\"blocks-gallery-item\"><figure><img loading=\"lazy\" decoding=\"async\" width=\"800\" height=\"600\" src=\"https:\/\/www.voilco-aster.fr\/blog-sejours-vacances\/files\/2019\/07\/627367E5-3CBF-4104-BDEC-3633AB16340B-800x600.jpeg\" alt=\"\" data-id=\"6467\" data-link=\"https:\/\/www.voilco-aster.fr\/blog-sejours-vacances\/?attachment_id=6467\" class=\"wp-image-6467\" srcset=\"https:\/\/www.voilco-aster.fr\/blog-sejours-vacances\/files\/2019\/07\/627367E5-3CBF-4104-BDEC-3633AB16340B-800x600.jpeg 800w, https:\/\/www.voilco-aster.fr\/blog-sejours-vacances\/files\/2019\/07\/627367E5-3CBF-4104-BDEC-3633AB16340B-300x225.jpeg 300w, https:\/\/www.voilco-aster.fr\/blog-sejours-vacances\/files\/2019\/07\/627367E5-3CBF-4104-BDEC-3633AB16340B-768x576.jpeg 768w\" sizes=\"auto, (max-width: 800px) 100vw, 800px\" \/><\/figure><\/li><li class=\"blocks-gallery-item\"><figure><img loading=\"lazy\" decoding=\"async\" width=\"800\" height=\"600\" src=\"https:\/\/www.voilco-aster.fr\/blog-sejours-vacances\/files\/2019\/07\/2DFA1F1D-59B3-44B5-AB2B-8DEFC4598A43-800x600.jpeg\" alt=\"\" data-id=\"6468\" data-link=\"https:\/\/www.voilco-aster.fr\/blog-sejours-vacances\/?attachment_id=6468\" class=\"wp-image-6468\" srcset=\"https:\/\/www.voilco-aster.fr\/blog-sejours-vacances\/files\/2019\/07\/2DFA1F1D-59B3-44B5-AB2B-8DEFC4598A43-800x600.jpeg 800w, https:\/\/www.voilco-aster.fr\/blog-sejours-vacances\/files\/2019\/07\/2DFA1F1D-59B3-44B5-AB2B-8DEFC4598A43-300x225.jpeg 300w, https:\/\/www.voilco-aster.fr\/blog-sejours-vacances\/files\/2019\/07\/2DFA1F1D-59B3-44B5-AB2B-8DEFC4598A43-768x576.jpeg 768w\" sizes=\"auto, (max-width: 800px) 100vw, 800px\" \/><\/figure><\/li><li class=\"blocks-gallery-item\"><figure><img loading=\"lazy\" decoding=\"async\" width=\"800\" height=\"600\" src=\"https:\/\/www.voilco-aster.fr\/blog-sejours-vacances\/files\/2019\/07\/3193B95D-F349-4758-895B-8CA13F09ED60-800x600.jpeg\" alt=\"\" data-id=\"6469\" data-link=\"https:\/\/www.voilco-aster.fr\/blog-sejours-vacances\/?attachment_id=6469\" class=\"wp-image-6469\" srcset=\"https:\/\/www.voilco-aster.fr\/blog-sejours-vacances\/files\/2019\/07\/3193B95D-F349-4758-895B-8CA13F09ED60-800x600.jpeg 800w, https:\/\/www.voilco-aster.fr\/blog-sejours-vacances\/files\/2019\/07\/3193B95D-F349-4758-895B-8CA13F09ED60-300x225.jpeg 300w, https:\/\/www.voilco-aster.fr\/blog-sejours-vacances\/files\/2019\/07\/3193B95D-F349-4758-895B-8CA13F09ED60-768x576.jpeg 768w, https:\/\/www.voilco-aster.fr\/blog-sejours-vacances\/files\/2019\/07\/3193B95D-F349-4758-895B-8CA13F09ED60.jpeg 2048w\" sizes=\"auto, (max-width: 800px) 100vw, 800px\" \/><\/figure><\/li><li class=\"blocks-gallery-item\"><figure><img loading=\"lazy\" decoding=\"async\" width=\"800\" height=\"600\" src=\"https:\/\/www.voilco-aster.fr\/blog-sejours-vacances\/files\/2019\/07\/B9B8C23C-6795-4A0B-A357-D3A64042A555-800x600.jpeg\" alt=\"\" data-id=\"6470\" data-link=\"https:\/\/www.voilco-aster.fr\/blog-sejours-vacances\/?attachment_id=6470\" class=\"wp-image-6470\" srcset=\"https:\/\/www.voilco-aster.fr\/blog-sejours-vacances\/files\/2019\/07\/B9B8C23C-6795-4A0B-A357-D3A64042A555-800x600.jpeg 800w, https:\/\/www.voilco-aster.fr\/blog-sejours-vacances\/files\/2019\/07\/B9B8C23C-6795-4A0B-A357-D3A64042A555-300x225.jpeg 300w, https:\/\/www.voilco-aster.fr\/blog-sejours-vacances\/files\/2019\/07\/B9B8C23C-6795-4A0B-A357-D3A64042A555-768x576.jpeg 768w, https:\/\/www.voilco-aster.fr\/blog-sejours-vacances\/files\/2019\/07\/B9B8C23C-6795-4A0B-A357-D3A64042A555.jpeg 2048w\" sizes=\"auto, (max-width: 800px) 100vw, 800px\" \/><\/figure><\/li><li class=\"blocks-gallery-item\"><figure><img loading=\"lazy\" decoding=\"async\" width=\"450\" height=\"800\" src=\"https:\/\/www.voilco-aster.fr\/blog-sejours-vacances\/files\/2019\/07\/88C28827-AFF2-447D-82CB-F2FABE699BD6-450x800.jpeg\" alt=\"\" data-id=\"6471\" data-link=\"https:\/\/www.voilco-aster.fr\/blog-sejours-vacances\/?attachment_id=6471\" class=\"wp-image-6471\" srcset=\"https:\/\/www.voilco-aster.fr\/blog-sejours-vacances\/files\/2019\/07\/88C28827-AFF2-447D-82CB-F2FABE699BD6-450x800.jpeg 450w, https:\/\/www.voilco-aster.fr\/blog-sejours-vacances\/files\/2019\/07\/88C28827-AFF2-447D-82CB-F2FABE699BD6-169x300.jpeg 169w, https:\/\/www.voilco-aster.fr\/blog-sejours-vacances\/files\/2019\/07\/88C28827-AFF2-447D-82CB-F2FABE699BD6.jpeg 750w\" sizes=\"auto, (max-width: 450px) 100vw, 450px\" \/><\/figure><\/li><\/ul>\n","protected":false},"excerpt":{"rendered":"<p>Bonsoir \u00e0 tous voici quelques photo de nos derni\u00e8res activit\u00e9s nous avons \u00e9t\u00e9 nous baigner au Lac du Bournazel. Les copains Des 2 randonn\u00e9es ont d\u00fb rebrousser chemin \u00e0 cause du temps. Mais cela n\u2019emp\u00eache pas de s\u2019amuser.<\/p>\n","protected":false},"author":6,"featured_media":0,"comment_status":"open","ping_status":"closed","sticky":false,"template":"","format":"standard","meta":{"footnotes":""},"categories":[5,1],"tags":[],"class_list":["post-6420","post","type-post","status-publish","format-standard","hentry","category-sejours-6-11-ans","category-sejours-ete"],"_links":{"self":[{"href":"https:\/\/www.voilco-aster.fr\/blog-sejours-vacances\/wp-json\/wp\/v2\/posts\/6420","targetHints":{"allow":["GET"]}}],"collection":[{"href":"https:\/\/www.voilco-aster.fr\/blog-sejours-vacances\/wp-json\/wp\/v2\/posts"}],"about":[{"href":"https:\/\/www.voilco-aster.fr\/blog-sejours-vacances\/wp-json\/wp\/v2\/types\/post"}],"author":[{"embeddable":true,"href":"https:\/\/www.voilco-aster.fr\/blog-sejours-vacances\/wp-json\/wp\/v2\/users\/6"}],"replies":[{"embeddable":true,"href":"https:\/\/www.voilco-aster.fr\/blog-sejours-vacances\/wp-json\/wp\/v2\/comments?post=6420"}],"version-history":[{"count":1,"href":"https:\/\/www.voilco-aster.fr\/blog-sejours-vacances\/wp-json\/wp\/v2\/posts\/6420\/revisions"}],"predecessor-version":[{"id":6472,"href":"https:\/\/www.voilco-aster.fr\/blog-sejours-vacances\/wp-json\/wp\/v2\/posts\/6420\/revisions\/6472"}],"wp:attachment":[{"href":"https:\/\/www.voilco-aster.fr\/blog-sejours-vacances\/wp-json\/wp\/v2\/media?parent=6420"}],"wp:term":[{"taxonomy":"category","embeddable":true,"href":"https:\/\/www.voilco-aster.fr\/blog-sejours-vacances\/wp-json\/wp\/v2\/categories?post=6420"},{"taxonomy":"post_tag","embeddable":true,"href":"https:\/\/www.voilco-aster.fr\/blog-sejours-vacances\/wp-json\/wp\/v2\/tags?post=6420"}],"curies":[{"name":"wp","href":"https:\/\/api.w.org\/{rel}","templated":true}]}}