{"id":6496,"date":"2019-08-04T00:07:23","date_gmt":"2019-08-03T23:07:23","guid":{"rendered":"https:\/\/www.voilco-aster.fr\/blog-sejours-vacances\/?p=6496"},"modified":"2019-08-05T09:04:21","modified_gmt":"2019-08-05T08:04:21","slug":"les-premieres-du-mois-daout","status":"publish","type":"post","link":"https:\/\/www.voilco-aster.fr\/blog-sejours-vacances\/2019\/08\/04\/les-premieres-du-mois-daout\/","title":{"rendered":"Les premi\u00e8res photos du mois d\u2019aout"},"content":{"rendered":"\n<p><\/p>\n\n\n\n<p>Ici tout le monde est bien install\u00e9. Les premi\u00e8res amiti\u00e9s se forment. Les enfants d\u00e9couvrent leur centre car ils peuvent aller partout pour jouer. Ils appr\u00e9cient les repas pr\u00e9par\u00e9s par Pierre Maxime notre cuisinier. <\/p>\n\n\n\n<ul class=\"wp-block-gallery columns-3 is-cropped wp-block-gallery-1 is-layout-flex wp-block-gallery-is-layout-flex\"><li class=\"blocks-gallery-item\"><figure><img loading=\"lazy\" decoding=\"async\" width=\"800\" height=\"600\" src=\"https:\/\/www.voilco-aster.fr\/blog-sejours-vacances\/files\/2019\/08\/A8F0FF57-50E4-46C2-9BE1-34273FFC7B13-800x600.jpeg\" alt=\"\" data-id=\"6513\" data-link=\"https:\/\/www.voilco-aster.fr\/blog-sejours-vacances\/?attachment_id=6513\" class=\"wp-image-6513\" srcset=\"https:\/\/www.voilco-aster.fr\/blog-sejours-vacances\/files\/2019\/08\/A8F0FF57-50E4-46C2-9BE1-34273FFC7B13-800x600.jpeg 800w, https:\/\/www.voilco-aster.fr\/blog-sejours-vacances\/files\/2019\/08\/A8F0FF57-50E4-46C2-9BE1-34273FFC7B13-300x225.jpeg 300w, https:\/\/www.voilco-aster.fr\/blog-sejours-vacances\/files\/2019\/08\/A8F0FF57-50E4-46C2-9BE1-34273FFC7B13-768x576.jpeg 768w, https:\/\/www.voilco-aster.fr\/blog-sejours-vacances\/files\/2019\/08\/A8F0FF57-50E4-46C2-9BE1-34273FFC7B13.jpeg 2048w\" sizes=\"auto, (max-width: 800px) 100vw, 800px\" \/><\/figure><\/li><li class=\"blocks-gallery-item\"><figure><img loading=\"lazy\" decoding=\"async\" width=\"800\" height=\"600\" src=\"https:\/\/www.voilco-aster.fr\/blog-sejours-vacances\/files\/2019\/08\/173F84EA-802F-4926-B8E9-A8FAABCAA5BD-800x600.jpeg\" alt=\"\" data-id=\"6514\" data-link=\"https:\/\/www.voilco-aster.fr\/blog-sejours-vacances\/?attachment_id=6514\" class=\"wp-image-6514\" srcset=\"https:\/\/www.voilco-aster.fr\/blog-sejours-vacances\/files\/2019\/08\/173F84EA-802F-4926-B8E9-A8FAABCAA5BD-800x600.jpeg 800w, https:\/\/www.voilco-aster.fr\/blog-sejours-vacances\/files\/2019\/08\/173F84EA-802F-4926-B8E9-A8FAABCAA5BD-300x225.jpeg 300w, https:\/\/www.voilco-aster.fr\/blog-sejours-vacances\/files\/2019\/08\/173F84EA-802F-4926-B8E9-A8FAABCAA5BD-768x576.jpeg 768w, https:\/\/www.voilco-aster.fr\/blog-sejours-vacances\/files\/2019\/08\/173F84EA-802F-4926-B8E9-A8FAABCAA5BD.jpeg 2048w\" sizes=\"auto, (max-width: 800px) 100vw, 800px\" \/><\/figure><\/li><li class=\"blocks-gallery-item\"><figure><img loading=\"lazy\" decoding=\"async\" width=\"800\" height=\"600\" src=\"https:\/\/www.voilco-aster.fr\/blog-sejours-vacances\/files\/2019\/08\/9B5A522B-A490-4F30-8136-F0F3A43B59D4-800x600.jpeg\" alt=\"\" data-id=\"6515\" data-link=\"https:\/\/www.voilco-aster.fr\/blog-sejours-vacances\/?attachment_id=6515\" class=\"wp-image-6515\" srcset=\"https:\/\/www.voilco-aster.fr\/blog-sejours-vacances\/files\/2019\/08\/9B5A522B-A490-4F30-8136-F0F3A43B59D4-800x600.jpeg 800w, https:\/\/www.voilco-aster.fr\/blog-sejours-vacances\/files\/2019\/08\/9B5A522B-A490-4F30-8136-F0F3A43B59D4-300x225.jpeg 300w, https:\/\/www.voilco-aster.fr\/blog-sejours-vacances\/files\/2019\/08\/9B5A522B-A490-4F30-8136-F0F3A43B59D4-768x576.jpeg 768w, https:\/\/www.voilco-aster.fr\/blog-sejours-vacances\/files\/2019\/08\/9B5A522B-A490-4F30-8136-F0F3A43B59D4.jpeg 2048w\" sizes=\"auto, (max-width: 800px) 100vw, 800px\" \/><\/figure><\/li><li class=\"blocks-gallery-item\"><figure><img loading=\"lazy\" decoding=\"async\" width=\"800\" height=\"600\" src=\"https:\/\/www.voilco-aster.fr\/blog-sejours-vacances\/files\/2019\/08\/BF49144B-2A2A-4D5E-9D92-BC75FB0E90EE-800x600.jpeg\" alt=\"\" data-id=\"6516\" data-link=\"https:\/\/www.voilco-aster.fr\/blog-sejours-vacances\/?attachment_id=6516\" class=\"wp-image-6516\" srcset=\"https:\/\/www.voilco-aster.fr\/blog-sejours-vacances\/files\/2019\/08\/BF49144B-2A2A-4D5E-9D92-BC75FB0E90EE-800x600.jpeg 800w, https:\/\/www.voilco-aster.fr\/blog-sejours-vacances\/files\/2019\/08\/BF49144B-2A2A-4D5E-9D92-BC75FB0E90EE-300x225.jpeg 300w, https:\/\/www.voilco-aster.fr\/blog-sejours-vacances\/files\/2019\/08\/BF49144B-2A2A-4D5E-9D92-BC75FB0E90EE-768x576.jpeg 768w, https:\/\/www.voilco-aster.fr\/blog-sejours-vacances\/files\/2019\/08\/BF49144B-2A2A-4D5E-9D92-BC75FB0E90EE.jpeg 2048w\" sizes=\"auto, (max-width: 800px) 100vw, 800px\" \/><\/figure><\/li><li class=\"blocks-gallery-item\"><figure><img loading=\"lazy\" decoding=\"async\" width=\"800\" height=\"600\" src=\"https:\/\/www.voilco-aster.fr\/blog-sejours-vacances\/files\/2019\/08\/35351318-92D7-4A62-A4A0-B9BD8B424C36-800x600.jpeg\" alt=\"\" data-id=\"6517\" data-link=\"https:\/\/www.voilco-aster.fr\/blog-sejours-vacances\/?attachment_id=6517\" class=\"wp-image-6517\" srcset=\"https:\/\/www.voilco-aster.fr\/blog-sejours-vacances\/files\/2019\/08\/35351318-92D7-4A62-A4A0-B9BD8B424C36-800x600.jpeg 800w, https:\/\/www.voilco-aster.fr\/blog-sejours-vacances\/files\/2019\/08\/35351318-92D7-4A62-A4A0-B9BD8B424C36-300x225.jpeg 300w, https:\/\/www.voilco-aster.fr\/blog-sejours-vacances\/files\/2019\/08\/35351318-92D7-4A62-A4A0-B9BD8B424C36-768x576.jpeg 768w, https:\/\/www.voilco-aster.fr\/blog-sejours-vacances\/files\/2019\/08\/35351318-92D7-4A62-A4A0-B9BD8B424C36.jpeg 2048w\" sizes=\"auto, (max-width: 800px) 100vw, 800px\" \/><\/figure><\/li><li class=\"blocks-gallery-item\"><figure><img loading=\"lazy\" decoding=\"async\" width=\"800\" height=\"600\" src=\"https:\/\/www.voilco-aster.fr\/blog-sejours-vacances\/files\/2019\/08\/4A20C65E-FB95-42EF-8CF6-2CAC51ACF951-800x600.jpeg\" alt=\"\" data-id=\"6518\" data-link=\"https:\/\/www.voilco-aster.fr\/blog-sejours-vacances\/?attachment_id=6518\" class=\"wp-image-6518\" srcset=\"https:\/\/www.voilco-aster.fr\/blog-sejours-vacances\/files\/2019\/08\/4A20C65E-FB95-42EF-8CF6-2CAC51ACF951-800x600.jpeg 800w, https:\/\/www.voilco-aster.fr\/blog-sejours-vacances\/files\/2019\/08\/4A20C65E-FB95-42EF-8CF6-2CAC51ACF951-300x225.jpeg 300w, https:\/\/www.voilco-aster.fr\/blog-sejours-vacances\/files\/2019\/08\/4A20C65E-FB95-42EF-8CF6-2CAC51ACF951-768x576.jpeg 768w, https:\/\/www.voilco-aster.fr\/blog-sejours-vacances\/files\/2019\/08\/4A20C65E-FB95-42EF-8CF6-2CAC51ACF951.jpeg 2048w\" sizes=\"auto, (max-width: 800px) 100vw, 800px\" \/><\/figure><\/li><li class=\"blocks-gallery-item\"><figure><img loading=\"lazy\" decoding=\"async\" width=\"800\" height=\"600\" src=\"https:\/\/www.voilco-aster.fr\/blog-sejours-vacances\/files\/2019\/08\/03A5D065-EF9E-4051-BB30-91A2D978F0A1-800x600.jpeg\" alt=\"\" data-id=\"6519\" data-link=\"https:\/\/www.voilco-aster.fr\/blog-sejours-vacances\/?attachment_id=6519\" class=\"wp-image-6519\" srcset=\"https:\/\/www.voilco-aster.fr\/blog-sejours-vacances\/files\/2019\/08\/03A5D065-EF9E-4051-BB30-91A2D978F0A1-800x600.jpeg 800w, https:\/\/www.voilco-aster.fr\/blog-sejours-vacances\/files\/2019\/08\/03A5D065-EF9E-4051-BB30-91A2D978F0A1-300x225.jpeg 300w, https:\/\/www.voilco-aster.fr\/blog-sejours-vacances\/files\/2019\/08\/03A5D065-EF9E-4051-BB30-91A2D978F0A1-768x576.jpeg 768w, https:\/\/www.voilco-aster.fr\/blog-sejours-vacances\/files\/2019\/08\/03A5D065-EF9E-4051-BB30-91A2D978F0A1.jpeg 2048w\" sizes=\"auto, (max-width: 800px) 100vw, 800px\" \/><\/figure><\/li><li class=\"blocks-gallery-item\"><figure><img loading=\"lazy\" decoding=\"async\" width=\"800\" height=\"600\" src=\"https:\/\/www.voilco-aster.fr\/blog-sejours-vacances\/files\/2019\/08\/1FD0E443-B5B4-47E2-BE02-A8B94CC9FDE3-800x600.jpeg\" alt=\"\" data-id=\"6520\" data-link=\"https:\/\/www.voilco-aster.fr\/blog-sejours-vacances\/?attachment_id=6520\" class=\"wp-image-6520\" srcset=\"https:\/\/www.voilco-aster.fr\/blog-sejours-vacances\/files\/2019\/08\/1FD0E443-B5B4-47E2-BE02-A8B94CC9FDE3-800x600.jpeg 800w, https:\/\/www.voilco-aster.fr\/blog-sejours-vacances\/files\/2019\/08\/1FD0E443-B5B4-47E2-BE02-A8B94CC9FDE3-300x225.jpeg 300w, https:\/\/www.voilco-aster.fr\/blog-sejours-vacances\/files\/2019\/08\/1FD0E443-B5B4-47E2-BE02-A8B94CC9FDE3-768x576.jpeg 768w, https:\/\/www.voilco-aster.fr\/blog-sejours-vacances\/files\/2019\/08\/1FD0E443-B5B4-47E2-BE02-A8B94CC9FDE3.jpeg 2048w\" sizes=\"auto, (max-width: 800px) 100vw, 800px\" \/><\/figure><\/li><li class=\"blocks-gallery-item\"><figure><img loading=\"lazy\" decoding=\"async\" width=\"800\" height=\"600\" src=\"https:\/\/www.voilco-aster.fr\/blog-sejours-vacances\/files\/2019\/08\/D0842122-A29A-4F0E-AB2E-BC1E54EDEC00-800x600.jpeg\" alt=\"\" data-id=\"6521\" data-link=\"https:\/\/www.voilco-aster.fr\/blog-sejours-vacances\/?attachment_id=6521\" class=\"wp-image-6521\" srcset=\"https:\/\/www.voilco-aster.fr\/blog-sejours-vacances\/files\/2019\/08\/D0842122-A29A-4F0E-AB2E-BC1E54EDEC00-800x600.jpeg 800w, https:\/\/www.voilco-aster.fr\/blog-sejours-vacances\/files\/2019\/08\/D0842122-A29A-4F0E-AB2E-BC1E54EDEC00-300x225.jpeg 300w, https:\/\/www.voilco-aster.fr\/blog-sejours-vacances\/files\/2019\/08\/D0842122-A29A-4F0E-AB2E-BC1E54EDEC00-768x576.jpeg 768w, https:\/\/www.voilco-aster.fr\/blog-sejours-vacances\/files\/2019\/08\/D0842122-A29A-4F0E-AB2E-BC1E54EDEC00.jpeg 2048w\" sizes=\"auto, (max-width: 800px) 100vw, 800px\" \/><\/figure><\/li><li class=\"blocks-gallery-item\"><figure><img loading=\"lazy\" decoding=\"async\" width=\"800\" height=\"600\" src=\"https:\/\/www.voilco-aster.fr\/blog-sejours-vacances\/files\/2019\/08\/51E4E312-5F09-4704-B825-AC8B36D9551D-800x600.jpeg\" alt=\"\" data-id=\"6522\" data-link=\"https:\/\/www.voilco-aster.fr\/blog-sejours-vacances\/?attachment_id=6522\" class=\"wp-image-6522\" srcset=\"https:\/\/www.voilco-aster.fr\/blog-sejours-vacances\/files\/2019\/08\/51E4E312-5F09-4704-B825-AC8B36D9551D-800x600.jpeg 800w, https:\/\/www.voilco-aster.fr\/blog-sejours-vacances\/files\/2019\/08\/51E4E312-5F09-4704-B825-AC8B36D9551D-300x225.jpeg 300w, https:\/\/www.voilco-aster.fr\/blog-sejours-vacances\/files\/2019\/08\/51E4E312-5F09-4704-B825-AC8B36D9551D-768x576.jpeg 768w, https:\/\/www.voilco-aster.fr\/blog-sejours-vacances\/files\/2019\/08\/51E4E312-5F09-4704-B825-AC8B36D9551D.jpeg 2048w\" sizes=\"auto, (max-width: 800px) 100vw, 800px\" \/><\/figure><\/li><li class=\"blocks-gallery-item\"><figure><img loading=\"lazy\" decoding=\"async\" width=\"800\" height=\"600\" src=\"https:\/\/www.voilco-aster.fr\/blog-sejours-vacances\/files\/2019\/08\/041C0A51-3966-4667-8643-DAB79C466CAF-800x600.jpeg\" alt=\"\" data-id=\"6523\" data-link=\"https:\/\/www.voilco-aster.fr\/blog-sejours-vacances\/?attachment_id=6523\" class=\"wp-image-6523\" srcset=\"https:\/\/www.voilco-aster.fr\/blog-sejours-vacances\/files\/2019\/08\/041C0A51-3966-4667-8643-DAB79C466CAF-800x600.jpeg 800w, https:\/\/www.voilco-aster.fr\/blog-sejours-vacances\/files\/2019\/08\/041C0A51-3966-4667-8643-DAB79C466CAF-300x225.jpeg 300w, https:\/\/www.voilco-aster.fr\/blog-sejours-vacances\/files\/2019\/08\/041C0A51-3966-4667-8643-DAB79C466CAF-768x576.jpeg 768w, https:\/\/www.voilco-aster.fr\/blog-sejours-vacances\/files\/2019\/08\/041C0A51-3966-4667-8643-DAB79C466CAF.jpeg 2048w\" sizes=\"auto, (max-width: 800px) 100vw, 800px\" \/><\/figure><\/li><li class=\"blocks-gallery-item\"><figure><img loading=\"lazy\" decoding=\"async\" width=\"800\" height=\"600\" src=\"https:\/\/www.voilco-aster.fr\/blog-sejours-vacances\/files\/2019\/08\/490FF114-55D9-4E8B-8C23-C8F28847B5B5-800x600.jpeg\" alt=\"\" data-id=\"6524\" data-link=\"https:\/\/www.voilco-aster.fr\/blog-sejours-vacances\/?attachment_id=6524\" class=\"wp-image-6524\" srcset=\"https:\/\/www.voilco-aster.fr\/blog-sejours-vacances\/files\/2019\/08\/490FF114-55D9-4E8B-8C23-C8F28847B5B5-800x600.jpeg 800w, https:\/\/www.voilco-aster.fr\/blog-sejours-vacances\/files\/2019\/08\/490FF114-55D9-4E8B-8C23-C8F28847B5B5-300x225.jpeg 300w, https:\/\/www.voilco-aster.fr\/blog-sejours-vacances\/files\/2019\/08\/490FF114-55D9-4E8B-8C23-C8F28847B5B5-768x576.jpeg 768w\" sizes=\"auto, (max-width: 800px) 100vw, 800px\" \/><\/figure><\/li><li class=\"blocks-gallery-item\"><figure><img loading=\"lazy\" decoding=\"async\" width=\"800\" height=\"600\" src=\"https:\/\/www.voilco-aster.fr\/blog-sejours-vacances\/files\/2019\/08\/1969D928-9B20-4F88-AC8B-10CB2ECC61F5-800x600.jpeg\" alt=\"\" data-id=\"6525\" data-link=\"https:\/\/www.voilco-aster.fr\/blog-sejours-vacances\/?attachment_id=6525\" class=\"wp-image-6525\" srcset=\"https:\/\/www.voilco-aster.fr\/blog-sejours-vacances\/files\/2019\/08\/1969D928-9B20-4F88-AC8B-10CB2ECC61F5-800x600.jpeg 800w, https:\/\/www.voilco-aster.fr\/blog-sejours-vacances\/files\/2019\/08\/1969D928-9B20-4F88-AC8B-10CB2ECC61F5-300x225.jpeg 300w, https:\/\/www.voilco-aster.fr\/blog-sejours-vacances\/files\/2019\/08\/1969D928-9B20-4F88-AC8B-10CB2ECC61F5-768x576.jpeg 768w\" sizes=\"auto, (max-width: 800px) 100vw, 800px\" \/><\/figure><\/li><li class=\"blocks-gallery-item\"><figure><img loading=\"lazy\" decoding=\"async\" width=\"800\" height=\"600\" src=\"https:\/\/www.voilco-aster.fr\/blog-sejours-vacances\/files\/2019\/08\/0CD709AD-31AA-4028-BAD2-DF96F04845D4-800x600.jpeg\" alt=\"\" data-id=\"6526\" data-link=\"https:\/\/www.voilco-aster.fr\/blog-sejours-vacances\/?attachment_id=6526\" class=\"wp-image-6526\" srcset=\"https:\/\/www.voilco-aster.fr\/blog-sejours-vacances\/files\/2019\/08\/0CD709AD-31AA-4028-BAD2-DF96F04845D4-800x600.jpeg 800w, https:\/\/www.voilco-aster.fr\/blog-sejours-vacances\/files\/2019\/08\/0CD709AD-31AA-4028-BAD2-DF96F04845D4-300x225.jpeg 300w, https:\/\/www.voilco-aster.fr\/blog-sejours-vacances\/files\/2019\/08\/0CD709AD-31AA-4028-BAD2-DF96F04845D4-768x576.jpeg 768w\" sizes=\"auto, (max-width: 800px) 100vw, 800px\" \/><\/figure><\/li><li class=\"blocks-gallery-item\"><figure><img loading=\"lazy\" decoding=\"async\" width=\"800\" height=\"600\" src=\"https:\/\/www.voilco-aster.fr\/blog-sejours-vacances\/files\/2019\/08\/17908714-3E2C-434C-84F7-98F7357E17FB-800x600.jpeg\" alt=\"\" data-id=\"6527\" data-link=\"https:\/\/www.voilco-aster.fr\/blog-sejours-vacances\/?attachment_id=6527\" class=\"wp-image-6527\" srcset=\"https:\/\/www.voilco-aster.fr\/blog-sejours-vacances\/files\/2019\/08\/17908714-3E2C-434C-84F7-98F7357E17FB-800x600.jpeg 800w, https:\/\/www.voilco-aster.fr\/blog-sejours-vacances\/files\/2019\/08\/17908714-3E2C-434C-84F7-98F7357E17FB-300x225.jpeg 300w, https:\/\/www.voilco-aster.fr\/blog-sejours-vacances\/files\/2019\/08\/17908714-3E2C-434C-84F7-98F7357E17FB-768x576.jpeg 768w\" sizes=\"auto, (max-width: 800px) 100vw, 800px\" \/><\/figure><\/li><li class=\"blocks-gallery-item\"><figure><img loading=\"lazy\" decoding=\"async\" width=\"800\" height=\"600\" src=\"https:\/\/www.voilco-aster.fr\/blog-sejours-vacances\/files\/2019\/08\/B66002C3-0C2E-447E-A8FC-8E859EF22072-800x600.jpeg\" alt=\"\" data-id=\"6528\" data-link=\"https:\/\/www.voilco-aster.fr\/blog-sejours-vacances\/?attachment_id=6528\" class=\"wp-image-6528\" srcset=\"https:\/\/www.voilco-aster.fr\/blog-sejours-vacances\/files\/2019\/08\/B66002C3-0C2E-447E-A8FC-8E859EF22072-800x600.jpeg 800w, https:\/\/www.voilco-aster.fr\/blog-sejours-vacances\/files\/2019\/08\/B66002C3-0C2E-447E-A8FC-8E859EF22072-300x225.jpeg 300w, https:\/\/www.voilco-aster.fr\/blog-sejours-vacances\/files\/2019\/08\/B66002C3-0C2E-447E-A8FC-8E859EF22072-768x576.jpeg 768w\" sizes=\"auto, (max-width: 800px) 100vw, 800px\" \/><\/figure><\/li><li class=\"blocks-gallery-item\"><figure><img loading=\"lazy\" decoding=\"async\" width=\"800\" height=\"800\" src=\"https:\/\/www.voilco-aster.fr\/blog-sejours-vacances\/files\/2019\/08\/FE750AC5-C7D9-4874-891D-D25A64DD0034-800x800.jpeg\" alt=\"\" data-id=\"6529\" data-link=\"https:\/\/www.voilco-aster.fr\/blog-sejours-vacances\/?attachment_id=6529\" class=\"wp-image-6529\" srcset=\"https:\/\/www.voilco-aster.fr\/blog-sejours-vacances\/files\/2019\/08\/FE750AC5-C7D9-4874-891D-D25A64DD0034-800x800.jpeg 800w, https:\/\/www.voilco-aster.fr\/blog-sejours-vacances\/files\/2019\/08\/FE750AC5-C7D9-4874-891D-D25A64DD0034-150x150.jpeg 150w, https:\/\/www.voilco-aster.fr\/blog-sejours-vacances\/files\/2019\/08\/FE750AC5-C7D9-4874-891D-D25A64DD0034-300x300.jpeg 300w, https:\/\/www.voilco-aster.fr\/blog-sejours-vacances\/files\/2019\/08\/FE750AC5-C7D9-4874-891D-D25A64DD0034-768x768.jpeg 768w\" sizes=\"auto, (max-width: 800px) 100vw, 800px\" \/><\/figure><\/li><li class=\"blocks-gallery-item\"><figure><img loading=\"lazy\" decoding=\"async\" width=\"800\" height=\"800\" src=\"https:\/\/www.voilco-aster.fr\/blog-sejours-vacances\/files\/2019\/08\/57D12385-759A-41F2-95C7-BA959C1042FE-800x800.jpeg\" alt=\"\" data-id=\"6530\" data-link=\"https:\/\/www.voilco-aster.fr\/blog-sejours-vacances\/?attachment_id=6530\" class=\"wp-image-6530\" srcset=\"https:\/\/www.voilco-aster.fr\/blog-sejours-vacances\/files\/2019\/08\/57D12385-759A-41F2-95C7-BA959C1042FE-800x800.jpeg 800w, https:\/\/www.voilco-aster.fr\/blog-sejours-vacances\/files\/2019\/08\/57D12385-759A-41F2-95C7-BA959C1042FE-150x150.jpeg 150w, https:\/\/www.voilco-aster.fr\/blog-sejours-vacances\/files\/2019\/08\/57D12385-759A-41F2-95C7-BA959C1042FE-300x300.jpeg 300w, https:\/\/www.voilco-aster.fr\/blog-sejours-vacances\/files\/2019\/08\/57D12385-759A-41F2-95C7-BA959C1042FE-768x768.jpeg 768w\" sizes=\"auto, (max-width: 800px) 100vw, 800px\" \/><\/figure><\/li><li class=\"blocks-gallery-item\"><figure><img loading=\"lazy\" decoding=\"async\" width=\"800\" height=\"800\" src=\"https:\/\/www.voilco-aster.fr\/blog-sejours-vacances\/files\/2019\/08\/C6358EC0-8D1B-4011-8625-2CD3AE145FD7-800x800.jpeg\" alt=\"\" data-id=\"6531\" data-link=\"https:\/\/www.voilco-aster.fr\/blog-sejours-vacances\/?attachment_id=6531\" class=\"wp-image-6531\" srcset=\"https:\/\/www.voilco-aster.fr\/blog-sejours-vacances\/files\/2019\/08\/C6358EC0-8D1B-4011-8625-2CD3AE145FD7-800x800.jpeg 800w, https:\/\/www.voilco-aster.fr\/blog-sejours-vacances\/files\/2019\/08\/C6358EC0-8D1B-4011-8625-2CD3AE145FD7-150x150.jpeg 150w, https:\/\/www.voilco-aster.fr\/blog-sejours-vacances\/files\/2019\/08\/C6358EC0-8D1B-4011-8625-2CD3AE145FD7-300x300.jpeg 300w, https:\/\/www.voilco-aster.fr\/blog-sejours-vacances\/files\/2019\/08\/C6358EC0-8D1B-4011-8625-2CD3AE145FD7-768x768.jpeg 768w\" sizes=\"auto, (max-width: 800px) 100vw, 800px\" \/><\/figure><\/li><li class=\"blocks-gallery-item\"><figure><img loading=\"lazy\" decoding=\"async\" width=\"800\" height=\"800\" src=\"https:\/\/www.voilco-aster.fr\/blog-sejours-vacances\/files\/2019\/08\/B5D0F917-18E3-4460-87C6-9EF0414C2DC6-800x800.jpeg\" alt=\"\" data-id=\"6532\" data-link=\"https:\/\/www.voilco-aster.fr\/blog-sejours-vacances\/?attachment_id=6532\" class=\"wp-image-6532\" srcset=\"https:\/\/www.voilco-aster.fr\/blog-sejours-vacances\/files\/2019\/08\/B5D0F917-18E3-4460-87C6-9EF0414C2DC6-800x800.jpeg 800w, https:\/\/www.voilco-aster.fr\/blog-sejours-vacances\/files\/2019\/08\/B5D0F917-18E3-4460-87C6-9EF0414C2DC6-150x150.jpeg 150w, https:\/\/www.voilco-aster.fr\/blog-sejours-vacances\/files\/2019\/08\/B5D0F917-18E3-4460-87C6-9EF0414C2DC6-300x300.jpeg 300w, https:\/\/www.voilco-aster.fr\/blog-sejours-vacances\/files\/2019\/08\/B5D0F917-18E3-4460-87C6-9EF0414C2DC6-768x768.jpeg 768w\" sizes=\"auto, (max-width: 800px) 100vw, 800px\" \/><\/figure><\/li><li class=\"blocks-gallery-item\"><figure><img loading=\"lazy\" decoding=\"async\" width=\"800\" height=\"800\" src=\"https:\/\/www.voilco-aster.fr\/blog-sejours-vacances\/files\/2019\/08\/8019A734-012C-49A6-9ADF-455E772983AB-800x800.jpeg\" alt=\"\" data-id=\"6533\" data-link=\"https:\/\/www.voilco-aster.fr\/blog-sejours-vacances\/?attachment_id=6533\" class=\"wp-image-6533\" srcset=\"https:\/\/www.voilco-aster.fr\/blog-sejours-vacances\/files\/2019\/08\/8019A734-012C-49A6-9ADF-455E772983AB-800x800.jpeg 800w, https:\/\/www.voilco-aster.fr\/blog-sejours-vacances\/files\/2019\/08\/8019A734-012C-49A6-9ADF-455E772983AB-150x150.jpeg 150w, https:\/\/www.voilco-aster.fr\/blog-sejours-vacances\/files\/2019\/08\/8019A734-012C-49A6-9ADF-455E772983AB-300x300.jpeg 300w, https:\/\/www.voilco-aster.fr\/blog-sejours-vacances\/files\/2019\/08\/8019A734-012C-49A6-9ADF-455E772983AB-768x768.jpeg 768w\" sizes=\"auto, (max-width: 800px) 100vw, 800px\" \/><\/figure><\/li><li class=\"blocks-gallery-item\"><figure><img loading=\"lazy\" decoding=\"async\" width=\"800\" height=\"800\" src=\"https:\/\/www.voilco-aster.fr\/blog-sejours-vacances\/files\/2019\/08\/DE2F655B-EE63-49FB-B5F3-25E5DCFB52DC-800x800.jpeg\" alt=\"\" data-id=\"6534\" data-link=\"https:\/\/www.voilco-aster.fr\/blog-sejours-vacances\/?attachment_id=6534\" class=\"wp-image-6534\" srcset=\"https:\/\/www.voilco-aster.fr\/blog-sejours-vacances\/files\/2019\/08\/DE2F655B-EE63-49FB-B5F3-25E5DCFB52DC-800x800.jpeg 800w, https:\/\/www.voilco-aster.fr\/blog-sejours-vacances\/files\/2019\/08\/DE2F655B-EE63-49FB-B5F3-25E5DCFB52DC-150x150.jpeg 150w, https:\/\/www.voilco-aster.fr\/blog-sejours-vacances\/files\/2019\/08\/DE2F655B-EE63-49FB-B5F3-25E5DCFB52DC-300x300.jpeg 300w, https:\/\/www.voilco-aster.fr\/blog-sejours-vacances\/files\/2019\/08\/DE2F655B-EE63-49FB-B5F3-25E5DCFB52DC-768x768.jpeg 768w\" sizes=\"auto, (max-width: 800px) 100vw, 800px\" \/><\/figure><\/li><\/ul>\n","protected":false},"excerpt":{"rendered":"<p>Ici tout le monde est bien install\u00e9. Les premi\u00e8res amiti\u00e9s se forment. Les enfants d\u00e9couvrent leur centre car ils peuvent aller partout pour jouer. Ils appr\u00e9cient les repas pr\u00e9par\u00e9s par Pierre Maxime notre cuisinier.<\/p>\n","protected":false},"author":6,"featured_media":0,"comment_status":"open","ping_status":"closed","sticky":false,"template":"","format":"standard","meta":{"footnotes":""},"categories":[1],"tags":[],"class_list":["post-6496","post","type-post","status-publish","format-standard","hentry","category-sejours-ete"],"_links":{"self":[{"href":"https:\/\/www.voilco-aster.fr\/blog-sejours-vacances\/wp-json\/wp\/v2\/posts\/6496","targetHints":{"allow":["GET"]}}],"collection":[{"href":"https:\/\/www.voilco-aster.fr\/blog-sejours-vacances\/wp-json\/wp\/v2\/posts"}],"about":[{"href":"https:\/\/www.voilco-aster.fr\/blog-sejours-vacances\/wp-json\/wp\/v2\/types\/post"}],"author":[{"embeddable":true,"href":"https:\/\/www.voilco-aster.fr\/blog-sejours-vacances\/wp-json\/wp\/v2\/users\/6"}],"replies":[{"embeddable":true,"href":"https:\/\/www.voilco-aster.fr\/blog-sejours-vacances\/wp-json\/wp\/v2\/comments?post=6496"}],"version-history":[{"count":2,"href":"https:\/\/www.voilco-aster.fr\/blog-sejours-vacances\/wp-json\/wp\/v2\/posts\/6496\/revisions"}],"predecessor-version":[{"id":6544,"href":"https:\/\/www.voilco-aster.fr\/blog-sejours-vacances\/wp-json\/wp\/v2\/posts\/6496\/revisions\/6544"}],"wp:attachment":[{"href":"https:\/\/www.voilco-aster.fr\/blog-sejours-vacances\/wp-json\/wp\/v2\/media?parent=6496"}],"wp:term":[{"taxonomy":"category","embeddable":true,"href":"https:\/\/www.voilco-aster.fr\/blog-sejours-vacances\/wp-json\/wp\/v2\/categories?post=6496"},{"taxonomy":"post_tag","embeddable":true,"href":"https:\/\/www.voilco-aster.fr\/blog-sejours-vacances\/wp-json\/wp\/v2\/tags?post=6496"}],"curies":[{"name":"wp","href":"https:\/\/api.w.org\/{rel}","templated":true}]}}