{"id":6596,"date":"2019-08-07T07:38:04","date_gmt":"2019-08-07T06:38:04","guid":{"rendered":"https:\/\/www.voilco-aster.fr\/blog-sejours-vacances\/?p=6596"},"modified":"2019-08-07T07:39:12","modified_gmt":"2019-08-07T06:39:12","slug":"la-colo-a-viam","status":"publish","type":"post","link":"https:\/\/www.voilco-aster.fr\/blog-sejours-vacances\/2019\/08\/07\/la-colo-a-viam\/","title":{"rendered":"La colo \u00e0 Viam"},"content":{"rendered":"<p>Bonjour \u00e0 toutes et \u00e0 tous,<\/p>\n<p>Voici quelques nouvelles du s\u00e9jour. Apr\u00e8s un temps d&rsquo;installation et de d\u00e9couverte des autres et des lieux lors des deux premiers jours, il est d\u00e9sormais le temps des projets.<\/p>\n<p>Aussi, depuis hier ce n&rsquo;est pas moins de deux projets randonn\u00e9e (une nautique et une terrestre), ainsi qu&rsquo;un projet danse et un projet de construction d&rsquo;un h\u00f4tel \u00e0 insectes pour le centre qui sont en cours permettant \u00e0 chaque enfant de trouver sa place.<\/p>\n<p>Il faut ajouter \u00e0 cel\u00e0, des activit\u00e9s sportives (jeux de balles et de frisbee et bien d&rsquo;autres), d&rsquo;expressions et de cr\u00e9ation pour le bonheur de tous.<\/p>\n<p>C&rsquo;est tout pour le moment, mais on se dit \u00e0 tr\u00e8s bient\u00f4t pour un nouvel article et de nouvelles photos !<\/p>\n<p><img loading=\"lazy\" decoding=\"async\" src=\"https:\/\/www.voilco-aster.fr\/blog-sejours-vacances\/files\/2019\/08\/img_1377.jpg\" class=\"size-full wp-image-6590\" width=\"2592\" height=\"3888\" srcset=\"https:\/\/www.voilco-aster.fr\/blog-sejours-vacances\/files\/2019\/08\/img_1377.jpg 2592w, https:\/\/www.voilco-aster.fr\/blog-sejours-vacances\/files\/2019\/08\/img_1377-200x300.jpg 200w, https:\/\/www.voilco-aster.fr\/blog-sejours-vacances\/files\/2019\/08\/img_1377-768x1152.jpg 768w, https:\/\/www.voilco-aster.fr\/blog-sejours-vacances\/files\/2019\/08\/img_1377-533x800.jpg 533w\" sizes=\"auto, (max-width: 2592px) 100vw, 2592px\" \/><img loading=\"lazy\" decoding=\"async\" src=\"https:\/\/www.voilco-aster.fr\/blog-sejours-vacances\/files\/2019\/08\/img_1378.jpg\" class=\"size-full wp-image-6589\" width=\"3888\" height=\"2592\" srcset=\"https:\/\/www.voilco-aster.fr\/blog-sejours-vacances\/files\/2019\/08\/img_1378.jpg 3888w, https:\/\/www.voilco-aster.fr\/blog-sejours-vacances\/files\/2019\/08\/img_1378-300x200.jpg 300w, https:\/\/www.voilco-aster.fr\/blog-sejours-vacances\/files\/2019\/08\/img_1378-768x512.jpg 768w, https:\/\/www.voilco-aster.fr\/blog-sejours-vacances\/files\/2019\/08\/img_1378-800x533.jpg 800w\" sizes=\"auto, (max-width: 3888px) 100vw, 3888px\" \/><img loading=\"lazy\" decoding=\"async\" src=\"https:\/\/www.voilco-aster.fr\/blog-sejours-vacances\/files\/2019\/08\/img_1379.jpg\" class=\"size-full wp-image-6591\" width=\"3888\" height=\"2592\" srcset=\"https:\/\/www.voilco-aster.fr\/blog-sejours-vacances\/files\/2019\/08\/img_1379.jpg 3888w, https:\/\/www.voilco-aster.fr\/blog-sejours-vacances\/files\/2019\/08\/img_1379-300x200.jpg 300w, https:\/\/www.voilco-aster.fr\/blog-sejours-vacances\/files\/2019\/08\/img_1379-768x512.jpg 768w, https:\/\/www.voilco-aster.fr\/blog-sejours-vacances\/files\/2019\/08\/img_1379-800x533.jpg 800w\" sizes=\"auto, (max-width: 3888px) 100vw, 3888px\" \/><img loading=\"lazy\" decoding=\"async\" src=\"https:\/\/www.voilco-aster.fr\/blog-sejours-vacances\/files\/2019\/08\/img_1380.jpg\" class=\"size-full wp-image-6592\" width=\"3888\" height=\"2592\" srcset=\"https:\/\/www.voilco-aster.fr\/blog-sejours-vacances\/files\/2019\/08\/img_1380.jpg 3888w, https:\/\/www.voilco-aster.fr\/blog-sejours-vacances\/files\/2019\/08\/img_1380-300x200.jpg 300w, https:\/\/www.voilco-aster.fr\/blog-sejours-vacances\/files\/2019\/08\/img_1380-768x512.jpg 768w, https:\/\/www.voilco-aster.fr\/blog-sejours-vacances\/files\/2019\/08\/img_1380-800x533.jpg 800w\" sizes=\"auto, (max-width: 3888px) 100vw, 3888px\" \/><img loading=\"lazy\" decoding=\"async\" src=\"https:\/\/www.voilco-aster.fr\/blog-sejours-vacances\/files\/2019\/08\/img_1381.jpg\" class=\"size-full wp-image-6593\" width=\"3264\" height=\"2448\" srcset=\"https:\/\/www.voilco-aster.fr\/blog-sejours-vacances\/files\/2019\/08\/img_1381.jpg 3264w, https:\/\/www.voilco-aster.fr\/blog-sejours-vacances\/files\/2019\/08\/img_1381-300x225.jpg 300w, https:\/\/www.voilco-aster.fr\/blog-sejours-vacances\/files\/2019\/08\/img_1381-768x576.jpg 768w, https:\/\/www.voilco-aster.fr\/blog-sejours-vacances\/files\/2019\/08\/img_1381-800x600.jpg 800w\" sizes=\"auto, (max-width: 3264px) 100vw, 3264px\" \/><img loading=\"lazy\" decoding=\"async\" src=\"https:\/\/www.voilco-aster.fr\/blog-sejours-vacances\/files\/2019\/08\/img_1382.jpg\" class=\"size-full wp-image-6595\" width=\"3264\" height=\"2448\" srcset=\"https:\/\/www.voilco-aster.fr\/blog-sejours-vacances\/files\/2019\/08\/img_1382.jpg 3264w, https:\/\/www.voilco-aster.fr\/blog-sejours-vacances\/files\/2019\/08\/img_1382-300x225.jpg 300w, https:\/\/www.voilco-aster.fr\/blog-sejours-vacances\/files\/2019\/08\/img_1382-768x576.jpg 768w, https:\/\/www.voilco-aster.fr\/blog-sejours-vacances\/files\/2019\/08\/img_1382-800x600.jpg 800w\" sizes=\"auto, (max-width: 3264px) 100vw, 3264px\" \/><img loading=\"lazy\" decoding=\"async\" src=\"https:\/\/www.voilco-aster.fr\/blog-sejours-vacances\/files\/2019\/08\/img_1383.jpg\" class=\"size-full wp-image-6594\" width=\"3264\" height=\"2448\" srcset=\"https:\/\/www.voilco-aster.fr\/blog-sejours-vacances\/files\/2019\/08\/img_1383.jpg 3264w, https:\/\/www.voilco-aster.fr\/blog-sejours-vacances\/files\/2019\/08\/img_1383-300x225.jpg 300w, https:\/\/www.voilco-aster.fr\/blog-sejours-vacances\/files\/2019\/08\/img_1383-768x576.jpg 768w, https:\/\/www.voilco-aster.fr\/blog-sejours-vacances\/files\/2019\/08\/img_1383-800x600.jpg 800w\" sizes=\"auto, (max-width: 3264px) 100vw, 3264px\" \/><img loading=\"lazy\" decoding=\"async\" src=\"https:\/\/www.voilco-aster.fr\/blog-sejours-vacances\/files\/2019\/08\/img_1384.jpg\" class=\"size-full wp-image-6587\" width=\"480\" height=\"360\" srcset=\"https:\/\/www.voilco-aster.fr\/blog-sejours-vacances\/files\/2019\/08\/img_1384.jpg 480w, https:\/\/www.voilco-aster.fr\/blog-sejours-vacances\/files\/2019\/08\/img_1384-300x225.jpg 300w\" sizes=\"auto, (max-width: 480px) 100vw, 480px\" \/><img loading=\"lazy\" decoding=\"async\" src=\"https:\/\/www.voilco-aster.fr\/blog-sejours-vacances\/files\/2019\/08\/img_1385.jpg\" class=\"size-full wp-image-6588\" width=\"480\" height=\"360\" srcset=\"https:\/\/www.voilco-aster.fr\/blog-sejours-vacances\/files\/2019\/08\/img_1385.jpg 480w, https:\/\/www.voilco-aster.fr\/blog-sejours-vacances\/files\/2019\/08\/img_1385-300x225.jpg 300w\" sizes=\"auto, (max-width: 480px) 100vw, 480px\" \/><\/p>\n","protected":false},"excerpt":{"rendered":"<p>Bonjour \u00e0 toutes et \u00e0 tous, Voici quelques nouvelles du s\u00e9jour. Apr\u00e8s un temps d&rsquo;installation et de d\u00e9couverte des autres et des lieux lors des deux premiers jours, il est d\u00e9sormais le temps des projets. Aussi, depuis hier ce n&rsquo;est pas moins de deux projets randonn\u00e9e (une nautique et une terrestre), ainsi qu&rsquo;un projet danse &hellip; <a href=\"https:\/\/www.voilco-aster.fr\/blog-sejours-vacances\/2019\/08\/07\/la-colo-a-viam\/\" class=\"more-link\">Continuer la lecture de <span class=\"screen-reader-text\">La colo \u00e0 Viam<\/span><\/a><\/p>\n","protected":false},"author":3,"featured_media":0,"comment_status":"open","ping_status":"closed","sticky":false,"template":"","format":"standard","meta":{"footnotes":""},"categories":[6],"tags":[],"class_list":["post-6596","post","type-post","status-publish","format-standard","hentry","category-sejours-11-14-ans"],"_links":{"self":[{"href":"https:\/\/www.voilco-aster.fr\/blog-sejours-vacances\/wp-json\/wp\/v2\/posts\/6596","targetHints":{"allow":["GET"]}}],"collection":[{"href":"https:\/\/www.voilco-aster.fr\/blog-sejours-vacances\/wp-json\/wp\/v2\/posts"}],"about":[{"href":"https:\/\/www.voilco-aster.fr\/blog-sejours-vacances\/wp-json\/wp\/v2\/types\/post"}],"author":[{"embeddable":true,"href":"https:\/\/www.voilco-aster.fr\/blog-sejours-vacances\/wp-json\/wp\/v2\/users\/3"}],"replies":[{"embeddable":true,"href":"https:\/\/www.voilco-aster.fr\/blog-sejours-vacances\/wp-json\/wp\/v2\/comments?post=6596"}],"version-history":[{"count":1,"href":"https:\/\/www.voilco-aster.fr\/blog-sejours-vacances\/wp-json\/wp\/v2\/posts\/6596\/revisions"}],"predecessor-version":[{"id":6597,"href":"https:\/\/www.voilco-aster.fr\/blog-sejours-vacances\/wp-json\/wp\/v2\/posts\/6596\/revisions\/6597"}],"wp:attachment":[{"href":"https:\/\/www.voilco-aster.fr\/blog-sejours-vacances\/wp-json\/wp\/v2\/media?parent=6596"}],"wp:term":[{"taxonomy":"category","embeddable":true,"href":"https:\/\/www.voilco-aster.fr\/blog-sejours-vacances\/wp-json\/wp\/v2\/categories?post=6596"},{"taxonomy":"post_tag","embeddable":true,"href":"https:\/\/www.voilco-aster.fr\/blog-sejours-vacances\/wp-json\/wp\/v2\/tags?post=6596"}],"curies":[{"name":"wp","href":"https:\/\/api.w.org\/{rel}","templated":true}]}}