{"id":6680,"date":"2019-08-11T01:42:09","date_gmt":"2019-08-11T00:42:09","guid":{"rendered":"https:\/\/www.voilco-aster.fr\/blog-sejours-vacances\/?p=6680"},"modified":"2019-08-14T10:45:52","modified_gmt":"2019-08-14T09:45:52","slug":"soiree-a-theme-du-1er-sejour","status":"publish","type":"post","link":"https:\/\/www.voilco-aster.fr\/blog-sejours-vacances\/2019\/08\/11\/soiree-a-theme-du-1er-sejour\/","title":{"rendered":"Soir\u00e9e \u00e0 th\u00e8me du 1er s\u00e9jour !"},"content":{"rendered":"<p>Aujourd\u2019hui, les enfants ont pr\u00e9par\u00e9 toute la journ\u00e9e leur soir\u00e9e \u00e0 th\u00e8me. Ils ont fait leur propre cuisine, pizzas, for\u00eat noire, cocktail sans alcool&#8230; ils ont m\u00eame fait leur propre d\u00e9coration pour la soir\u00e9e. Certains enfants ont pu faire au long de la journ\u00e9e, du cano\u00eb, kayak et de la voile. Tandis que les autres ont r\u00e9p\u00e9t\u00e9 leur chor\u00e9graphie de danse et leur pi\u00e8ce de th\u00e9\u00e2tre. Une soir\u00e9e pleine pour les enfants qui ont eux-m\u00eame fabriqu\u00e9 leur veill\u00e9e.<\/p>\n<p>\u00c0 bient\u00f4t pour de prochaines nouvelles !<\/p>\n<p><img loading=\"lazy\" decoding=\"async\" src=\"https:\/\/www.voilco-aster.fr\/blog-sejours-vacances\/files\/2019\/08\/img_1404.jpg\" class=\"size-full wp-image-6679\" width=\"480\" height=\"360\" srcset=\"https:\/\/www.voilco-aster.fr\/blog-sejours-vacances\/files\/2019\/08\/img_1404.jpg 480w, https:\/\/www.voilco-aster.fr\/blog-sejours-vacances\/files\/2019\/08\/img_1404-300x225.jpg 300w\" sizes=\"auto, (max-width: 480px) 100vw, 480px\" \/><img loading=\"lazy\" decoding=\"async\" src=\"https:\/\/www.voilco-aster.fr\/blog-sejours-vacances\/files\/2019\/08\/img_1405.jpg\" class=\"size-full wp-image-6678\" width=\"450\" height=\"800\" srcset=\"https:\/\/www.voilco-aster.fr\/blog-sejours-vacances\/files\/2019\/08\/img_1405.jpg 450w, https:\/\/www.voilco-aster.fr\/blog-sejours-vacances\/files\/2019\/08\/img_1405-169x300.jpg 169w\" sizes=\"auto, (max-width: 450px) 100vw, 450px\" \/><\/p>\n","protected":false},"excerpt":{"rendered":"<p>Aujourd\u2019hui, les enfants ont pr\u00e9par\u00e9 toute la journ\u00e9e leur soir\u00e9e \u00e0 th\u00e8me. Ils ont fait leur propre cuisine, pizzas, for\u00eat noire, cocktail sans alcool&#8230; ils ont m\u00eame fait leur propre d\u00e9coration pour la soir\u00e9e. Certains enfants ont pu faire au long de la journ\u00e9e, du cano\u00eb, kayak et de la voile. Tandis que les autres &hellip; <a href=\"https:\/\/www.voilco-aster.fr\/blog-sejours-vacances\/2019\/08\/11\/soiree-a-theme-du-1er-sejour\/\" class=\"more-link\">Continuer la lecture de <span class=\"screen-reader-text\">Soir\u00e9e \u00e0 th\u00e8me du 1er s\u00e9jour !<\/span><\/a><\/p>\n","protected":false},"author":3,"featured_media":0,"comment_status":"open","ping_status":"closed","sticky":false,"template":"","format":"standard","meta":{"footnotes":""},"categories":[6],"tags":[],"class_list":["post-6680","post","type-post","status-publish","format-standard","hentry","category-sejours-11-14-ans"],"_links":{"self":[{"href":"https:\/\/www.voilco-aster.fr\/blog-sejours-vacances\/wp-json\/wp\/v2\/posts\/6680","targetHints":{"allow":["GET"]}}],"collection":[{"href":"https:\/\/www.voilco-aster.fr\/blog-sejours-vacances\/wp-json\/wp\/v2\/posts"}],"about":[{"href":"https:\/\/www.voilco-aster.fr\/blog-sejours-vacances\/wp-json\/wp\/v2\/types\/post"}],"author":[{"embeddable":true,"href":"https:\/\/www.voilco-aster.fr\/blog-sejours-vacances\/wp-json\/wp\/v2\/users\/3"}],"replies":[{"embeddable":true,"href":"https:\/\/www.voilco-aster.fr\/blog-sejours-vacances\/wp-json\/wp\/v2\/comments?post=6680"}],"version-history":[{"count":3,"href":"https:\/\/www.voilco-aster.fr\/blog-sejours-vacances\/wp-json\/wp\/v2\/posts\/6680\/revisions"}],"predecessor-version":[{"id":6700,"href":"https:\/\/www.voilco-aster.fr\/blog-sejours-vacances\/wp-json\/wp\/v2\/posts\/6680\/revisions\/6700"}],"wp:attachment":[{"href":"https:\/\/www.voilco-aster.fr\/blog-sejours-vacances\/wp-json\/wp\/v2\/media?parent=6680"}],"wp:term":[{"taxonomy":"category","embeddable":true,"href":"https:\/\/www.voilco-aster.fr\/blog-sejours-vacances\/wp-json\/wp\/v2\/categories?post=6680"},{"taxonomy":"post_tag","embeddable":true,"href":"https:\/\/www.voilco-aster.fr\/blog-sejours-vacances\/wp-json\/wp\/v2\/tags?post=6680"}],"curies":[{"name":"wp","href":"https:\/\/api.w.org\/{rel}","templated":true}]}}