{"id":6687,"date":"2019-08-11T20:08:06","date_gmt":"2019-08-11T19:08:06","guid":{"rendered":"https:\/\/www.voilco-aster.fr\/blog-sejours-vacances\/?p=6687"},"modified":"2019-08-14T10:45:12","modified_gmt":"2019-08-14T09:45:12","slug":"aujourdhui-depart-et-arrivee","status":"publish","type":"post","link":"https:\/\/www.voilco-aster.fr\/blog-sejours-vacances\/2019\/08\/11\/aujourdhui-depart-et-arrivee\/","title":{"rendered":"Aujourd\u2019hui d\u00e9part et arriv\u00e9e"},"content":{"rendered":"\n<p>Tandis que les copains des 2 rando sont bien rentr\u00e9s, les enfants qui ne r\u00e9alisent que 10 jours sont partis cette apr\u00e8s midi. Ce soir nous nous sommes r\u00e9gal\u00e9s avec les papillotes de poisson pr\u00e9par\u00e9es par les enfants et les cr\u00eapes que nous avons fait hier !<\/p>\n\n\n\n<p>Demain commence un nouveau s\u00e9jour avec 9 copains et copines qui vont arriver d\u00e8s le matin. <\/p>\n\n\n\n<ul class=\"wp-block-gallery columns-3 is-cropped wp-block-gallery-1 is-layout-flex wp-block-gallery-is-layout-flex\"><li class=\"blocks-gallery-item\"><figure><img loading=\"lazy\" decoding=\"async\" width=\"800\" height=\"600\" src=\"https:\/\/www.voilco-aster.fr\/blog-sejours-vacances\/files\/2019\/08\/114BFE99-CF3B-4A8D-B495-4986C136F1BB-800x600.jpeg\" alt=\"\" data-id=\"6688\" data-link=\"https:\/\/www.voilco-aster.fr\/blog-sejours-vacances\/?attachment_id=6688\" class=\"wp-image-6688\" srcset=\"https:\/\/www.voilco-aster.fr\/blog-sejours-vacances\/files\/2019\/08\/114BFE99-CF3B-4A8D-B495-4986C136F1BB-800x600.jpeg 800w, https:\/\/www.voilco-aster.fr\/blog-sejours-vacances\/files\/2019\/08\/114BFE99-CF3B-4A8D-B495-4986C136F1BB-300x225.jpeg 300w, https:\/\/www.voilco-aster.fr\/blog-sejours-vacances\/files\/2019\/08\/114BFE99-CF3B-4A8D-B495-4986C136F1BB-768x576.jpeg 768w\" sizes=\"auto, (max-width: 800px) 100vw, 800px\" \/><\/figure><\/li><li class=\"blocks-gallery-item\"><figure><img loading=\"lazy\" decoding=\"async\" width=\"800\" height=\"601\" src=\"https:\/\/www.voilco-aster.fr\/blog-sejours-vacances\/files\/2019\/08\/0E5154FF-F00A-48B3-94EB-9546ACC69543-800x601.jpeg\" alt=\"\" data-id=\"6689\" data-link=\"https:\/\/www.voilco-aster.fr\/blog-sejours-vacances\/?attachment_id=6689\" class=\"wp-image-6689\" srcset=\"https:\/\/www.voilco-aster.fr\/blog-sejours-vacances\/files\/2019\/08\/0E5154FF-F00A-48B3-94EB-9546ACC69543-800x601.jpeg 800w, https:\/\/www.voilco-aster.fr\/blog-sejours-vacances\/files\/2019\/08\/0E5154FF-F00A-48B3-94EB-9546ACC69543-300x225.jpeg 300w, https:\/\/www.voilco-aster.fr\/blog-sejours-vacances\/files\/2019\/08\/0E5154FF-F00A-48B3-94EB-9546ACC69543-768x577.jpeg 768w\" sizes=\"auto, (max-width: 800px) 100vw, 800px\" \/><\/figure><\/li><li class=\"blocks-gallery-item\"><figure><img loading=\"lazy\" decoding=\"async\" width=\"800\" height=\"600\" src=\"https:\/\/www.voilco-aster.fr\/blog-sejours-vacances\/files\/2019\/08\/66C5D637-8D6A-4631-A9AB-DFE91B00AC4F-800x600.jpeg\" alt=\"\" data-id=\"6690\" data-link=\"https:\/\/www.voilco-aster.fr\/blog-sejours-vacances\/?attachment_id=6690\" class=\"wp-image-6690\" srcset=\"https:\/\/www.voilco-aster.fr\/blog-sejours-vacances\/files\/2019\/08\/66C5D637-8D6A-4631-A9AB-DFE91B00AC4F-800x600.jpeg 800w, https:\/\/www.voilco-aster.fr\/blog-sejours-vacances\/files\/2019\/08\/66C5D637-8D6A-4631-A9AB-DFE91B00AC4F-300x225.jpeg 300w, https:\/\/www.voilco-aster.fr\/blog-sejours-vacances\/files\/2019\/08\/66C5D637-8D6A-4631-A9AB-DFE91B00AC4F-768x576.jpeg 768w\" sizes=\"auto, (max-width: 800px) 100vw, 800px\" \/><\/figure><\/li><li class=\"blocks-gallery-item\"><figure><img loading=\"lazy\" decoding=\"async\" width=\"800\" height=\"600\" src=\"https:\/\/www.voilco-aster.fr\/blog-sejours-vacances\/files\/2019\/08\/22AC20A7-7171-46D7-BC18-44F20196E2A7-800x600.jpeg\" alt=\"\" data-id=\"6691\" data-link=\"https:\/\/www.voilco-aster.fr\/blog-sejours-vacances\/?attachment_id=6691\" class=\"wp-image-6691\" srcset=\"https:\/\/www.voilco-aster.fr\/blog-sejours-vacances\/files\/2019\/08\/22AC20A7-7171-46D7-BC18-44F20196E2A7-800x600.jpeg 800w, https:\/\/www.voilco-aster.fr\/blog-sejours-vacances\/files\/2019\/08\/22AC20A7-7171-46D7-BC18-44F20196E2A7-300x225.jpeg 300w, https:\/\/www.voilco-aster.fr\/blog-sejours-vacances\/files\/2019\/08\/22AC20A7-7171-46D7-BC18-44F20196E2A7-768x576.jpeg 768w\" sizes=\"auto, (max-width: 800px) 100vw, 800px\" \/><\/figure><\/li><li class=\"blocks-gallery-item\"><figure><img loading=\"lazy\" decoding=\"async\" width=\"800\" height=\"600\" src=\"https:\/\/www.voilco-aster.fr\/blog-sejours-vacances\/files\/2019\/08\/B59E8717-4DD4-420A-A9A4-0426B76BD645-800x600.jpeg\" alt=\"\" data-id=\"6692\" data-link=\"https:\/\/www.voilco-aster.fr\/blog-sejours-vacances\/?attachment_id=6692\" class=\"wp-image-6692\" srcset=\"https:\/\/www.voilco-aster.fr\/blog-sejours-vacances\/files\/2019\/08\/B59E8717-4DD4-420A-A9A4-0426B76BD645-800x600.jpeg 800w, https:\/\/www.voilco-aster.fr\/blog-sejours-vacances\/files\/2019\/08\/B59E8717-4DD4-420A-A9A4-0426B76BD645-300x225.jpeg 300w, https:\/\/www.voilco-aster.fr\/blog-sejours-vacances\/files\/2019\/08\/B59E8717-4DD4-420A-A9A4-0426B76BD645-768x576.jpeg 768w\" sizes=\"auto, (max-width: 800px) 100vw, 800px\" \/><\/figure><\/li><li class=\"blocks-gallery-item\"><figure><img loading=\"lazy\" decoding=\"async\" width=\"800\" height=\"600\" src=\"https:\/\/www.voilco-aster.fr\/blog-sejours-vacances\/files\/2019\/08\/8214F2E6-9E8B-4C04-8711-244C977C84DD-800x600.jpeg\" alt=\"\" data-id=\"6693\" data-link=\"https:\/\/www.voilco-aster.fr\/blog-sejours-vacances\/?attachment_id=6693\" class=\"wp-image-6693\" srcset=\"https:\/\/www.voilco-aster.fr\/blog-sejours-vacances\/files\/2019\/08\/8214F2E6-9E8B-4C04-8711-244C977C84DD-800x600.jpeg 800w, https:\/\/www.voilco-aster.fr\/blog-sejours-vacances\/files\/2019\/08\/8214F2E6-9E8B-4C04-8711-244C977C84DD-300x225.jpeg 300w, https:\/\/www.voilco-aster.fr\/blog-sejours-vacances\/files\/2019\/08\/8214F2E6-9E8B-4C04-8711-244C977C84DD-768x576.jpeg 768w, https:\/\/www.voilco-aster.fr\/blog-sejours-vacances\/files\/2019\/08\/8214F2E6-9E8B-4C04-8711-244C977C84DD.jpeg 2048w\" sizes=\"auto, (max-width: 800px) 100vw, 800px\" \/><\/figure><\/li><li class=\"blocks-gallery-item\"><figure><img loading=\"lazy\" decoding=\"async\" width=\"800\" height=\"600\" src=\"https:\/\/www.voilco-aster.fr\/blog-sejours-vacances\/files\/2019\/08\/150132FF-5964-40A0-874C-9D12166B03C7-800x600.jpeg\" alt=\"\" data-id=\"6694\" data-link=\"https:\/\/www.voilco-aster.fr\/blog-sejours-vacances\/?attachment_id=6694\" class=\"wp-image-6694\" srcset=\"https:\/\/www.voilco-aster.fr\/blog-sejours-vacances\/files\/2019\/08\/150132FF-5964-40A0-874C-9D12166B03C7-800x600.jpeg 800w, https:\/\/www.voilco-aster.fr\/blog-sejours-vacances\/files\/2019\/08\/150132FF-5964-40A0-874C-9D12166B03C7-300x225.jpeg 300w, https:\/\/www.voilco-aster.fr\/blog-sejours-vacances\/files\/2019\/08\/150132FF-5964-40A0-874C-9D12166B03C7-768x576.jpeg 768w\" sizes=\"auto, (max-width: 800px) 100vw, 800px\" \/><\/figure><\/li><li class=\"blocks-gallery-item\"><figure><img loading=\"lazy\" decoding=\"async\" width=\"800\" height=\"600\" src=\"https:\/\/www.voilco-aster.fr\/blog-sejours-vacances\/files\/2019\/08\/0673BEF2-AC51-4F8B-B6EC-6C1499387ECA-800x600.jpeg\" alt=\"\" data-id=\"6695\" data-link=\"https:\/\/www.voilco-aster.fr\/blog-sejours-vacances\/?attachment_id=6695\" class=\"wp-image-6695\" srcset=\"https:\/\/www.voilco-aster.fr\/blog-sejours-vacances\/files\/2019\/08\/0673BEF2-AC51-4F8B-B6EC-6C1499387ECA-800x600.jpeg 800w, https:\/\/www.voilco-aster.fr\/blog-sejours-vacances\/files\/2019\/08\/0673BEF2-AC51-4F8B-B6EC-6C1499387ECA-300x225.jpeg 300w, https:\/\/www.voilco-aster.fr\/blog-sejours-vacances\/files\/2019\/08\/0673BEF2-AC51-4F8B-B6EC-6C1499387ECA-768x576.jpeg 768w\" sizes=\"auto, (max-width: 800px) 100vw, 800px\" \/><\/figure><\/li><li class=\"blocks-gallery-item\"><figure><img loading=\"lazy\" decoding=\"async\" width=\"800\" height=\"600\" src=\"https:\/\/www.voilco-aster.fr\/blog-sejours-vacances\/files\/2019\/08\/D7FD281C-608A-4B6D-B686-B50E1A875A0E-800x600.jpeg\" alt=\"\" data-id=\"6696\" data-link=\"https:\/\/www.voilco-aster.fr\/blog-sejours-vacances\/?attachment_id=6696\" class=\"wp-image-6696\" srcset=\"https:\/\/www.voilco-aster.fr\/blog-sejours-vacances\/files\/2019\/08\/D7FD281C-608A-4B6D-B686-B50E1A875A0E-800x600.jpeg 800w, https:\/\/www.voilco-aster.fr\/blog-sejours-vacances\/files\/2019\/08\/D7FD281C-608A-4B6D-B686-B50E1A875A0E-300x225.jpeg 300w, https:\/\/www.voilco-aster.fr\/blog-sejours-vacances\/files\/2019\/08\/D7FD281C-608A-4B6D-B686-B50E1A875A0E-768x576.jpeg 768w\" sizes=\"auto, (max-width: 800px) 100vw, 800px\" \/><\/figure><\/li><\/ul>\n","protected":false},"excerpt":{"rendered":"<p>Tandis que les copains des 2 rando sont bien rentr\u00e9s, les enfants qui ne r\u00e9alisent que 10 jours sont partis cette apr\u00e8s midi. Ce soir nous nous sommes r\u00e9gal\u00e9s avec les papillotes de poisson pr\u00e9par\u00e9es par les enfants et les cr\u00eapes que nous avons fait hier ! Demain commence un nouveau s\u00e9jour avec 9 copains &hellip; <a href=\"https:\/\/www.voilco-aster.fr\/blog-sejours-vacances\/2019\/08\/11\/aujourdhui-depart-et-arrivee\/\" class=\"more-link\">Continuer la lecture de <span class=\"screen-reader-text\">Aujourd\u2019hui d\u00e9part et arriv\u00e9e<\/span><\/a><\/p>\n","protected":false},"author":6,"featured_media":0,"comment_status":"open","ping_status":"closed","sticky":false,"template":"","format":"standard","meta":{"footnotes":""},"categories":[1],"tags":[],"class_list":["post-6687","post","type-post","status-publish","format-standard","hentry","category-sejours-ete"],"_links":{"self":[{"href":"https:\/\/www.voilco-aster.fr\/blog-sejours-vacances\/wp-json\/wp\/v2\/posts\/6687","targetHints":{"allow":["GET"]}}],"collection":[{"href":"https:\/\/www.voilco-aster.fr\/blog-sejours-vacances\/wp-json\/wp\/v2\/posts"}],"about":[{"href":"https:\/\/www.voilco-aster.fr\/blog-sejours-vacances\/wp-json\/wp\/v2\/types\/post"}],"author":[{"embeddable":true,"href":"https:\/\/www.voilco-aster.fr\/blog-sejours-vacances\/wp-json\/wp\/v2\/users\/6"}],"replies":[{"embeddable":true,"href":"https:\/\/www.voilco-aster.fr\/blog-sejours-vacances\/wp-json\/wp\/v2\/comments?post=6687"}],"version-history":[{"count":3,"href":"https:\/\/www.voilco-aster.fr\/blog-sejours-vacances\/wp-json\/wp\/v2\/posts\/6687\/revisions"}],"predecessor-version":[{"id":6699,"href":"https:\/\/www.voilco-aster.fr\/blog-sejours-vacances\/wp-json\/wp\/v2\/posts\/6687\/revisions\/6699"}],"wp:attachment":[{"href":"https:\/\/www.voilco-aster.fr\/blog-sejours-vacances\/wp-json\/wp\/v2\/media?parent=6687"}],"wp:term":[{"taxonomy":"category","embeddable":true,"href":"https:\/\/www.voilco-aster.fr\/blog-sejours-vacances\/wp-json\/wp\/v2\/categories?post=6687"},{"taxonomy":"post_tag","embeddable":true,"href":"https:\/\/www.voilco-aster.fr\/blog-sejours-vacances\/wp-json\/wp\/v2\/tags?post=6687"}],"curies":[{"name":"wp","href":"https:\/\/api.w.org\/{rel}","templated":true}]}}