{"id":6705,"date":"2019-08-15T21:42:18","date_gmt":"2019-08-15T20:42:18","guid":{"rendered":"https:\/\/www.voilco-aster.fr\/blog-sejours-vacances\/?p=6705"},"modified":"2019-08-15T21:45:22","modified_gmt":"2019-08-15T20:45:22","slug":"des-nouvelles-de-viam-7","status":"publish","type":"post","link":"https:\/\/www.voilco-aster.fr\/blog-sejours-vacances\/2019\/08\/15\/des-nouvelles-de-viam-7\/","title":{"rendered":"Des nouvelles de Viam"},"content":{"rendered":"<p>Les enfants profitent des grands espaces ext\u00e9rieurs de la presque \u00eele et du lac de Viam.<\/p>\n<p>Aujourd\u2019hui, le programme des enfants \u00e9tait bien vari\u00e9, entre une capture de drapeaux le matin, du sketch et un tournoi de football l\u2019apr\u00e8s-midi.<\/p>\n<p>Une partie du groupe est parti en randonn\u00e9e ce matin, direction Vari\u00e9ras !<\/p>\n<p>\u00c0 bient\u00f4t pour de prochaines nouvelles !<\/p>\n<p><img loading=\"lazy\" decoding=\"async\" src=\"https:\/\/www.voilco-aster.fr\/blog-sejours-vacances\/files\/2019\/08\/img_1406.jpg\" class=\"size-full wp-image-6703\" width=\"3264\" height=\"2448\" srcset=\"https:\/\/www.voilco-aster.fr\/blog-sejours-vacances\/files\/2019\/08\/img_1406.jpg 3264w, https:\/\/www.voilco-aster.fr\/blog-sejours-vacances\/files\/2019\/08\/img_1406-300x225.jpg 300w, https:\/\/www.voilco-aster.fr\/blog-sejours-vacances\/files\/2019\/08\/img_1406-768x576.jpg 768w, https:\/\/www.voilco-aster.fr\/blog-sejours-vacances\/files\/2019\/08\/img_1406-800x600.jpg 800w\" sizes=\"auto, (max-width: 3264px) 100vw, 3264px\" \/><img loading=\"lazy\" decoding=\"async\" src=\"https:\/\/www.voilco-aster.fr\/blog-sejours-vacances\/files\/2019\/08\/img_1407.jpg\" class=\"size-full wp-image-6702\" width=\"3264\" height=\"2448\" srcset=\"https:\/\/www.voilco-aster.fr\/blog-sejours-vacances\/files\/2019\/08\/img_1407.jpg 3264w, https:\/\/www.voilco-aster.fr\/blog-sejours-vacances\/files\/2019\/08\/img_1407-300x225.jpg 300w, https:\/\/www.voilco-aster.fr\/blog-sejours-vacances\/files\/2019\/08\/img_1407-768x576.jpg 768w, https:\/\/www.voilco-aster.fr\/blog-sejours-vacances\/files\/2019\/08\/img_1407-800x600.jpg 800w\" sizes=\"auto, (max-width: 3264px) 100vw, 3264px\" \/><img loading=\"lazy\" decoding=\"async\" src=\"https:\/\/www.voilco-aster.fr\/blog-sejours-vacances\/files\/2019\/08\/img_1408.jpg\" class=\"size-full wp-image-6704\" width=\"3264\" height=\"2448\" srcset=\"https:\/\/www.voilco-aster.fr\/blog-sejours-vacances\/files\/2019\/08\/img_1408.jpg 3264w, https:\/\/www.voilco-aster.fr\/blog-sejours-vacances\/files\/2019\/08\/img_1408-300x225.jpg 300w, https:\/\/www.voilco-aster.fr\/blog-sejours-vacances\/files\/2019\/08\/img_1408-768x576.jpg 768w, https:\/\/www.voilco-aster.fr\/blog-sejours-vacances\/files\/2019\/08\/img_1408-800x600.jpg 800w\" sizes=\"auto, (max-width: 3264px) 100vw, 3264px\" \/><\/p>\n","protected":false},"excerpt":{"rendered":"<p>Les enfants profitent des grands espaces ext\u00e9rieurs de la presque \u00eele et du lac de Viam. Aujourd\u2019hui, le programme des enfants \u00e9tait bien vari\u00e9, entre une capture de drapeaux le matin, du sketch et un tournoi de football l\u2019apr\u00e8s-midi. Une partie du groupe est parti en randonn\u00e9e ce matin, direction Vari\u00e9ras ! \u00c0 bient\u00f4t pour &hellip; <a href=\"https:\/\/www.voilco-aster.fr\/blog-sejours-vacances\/2019\/08\/15\/des-nouvelles-de-viam-7\/\" class=\"more-link\">Continuer la lecture de <span class=\"screen-reader-text\">Des nouvelles de Viam<\/span><\/a><\/p>\n","protected":false},"author":3,"featured_media":0,"comment_status":"open","ping_status":"closed","sticky":false,"template":"","format":"standard","meta":{"footnotes":""},"categories":[6],"tags":[],"class_list":["post-6705","post","type-post","status-publish","format-standard","hentry","category-sejours-11-14-ans"],"_links":{"self":[{"href":"https:\/\/www.voilco-aster.fr\/blog-sejours-vacances\/wp-json\/wp\/v2\/posts\/6705","targetHints":{"allow":["GET"]}}],"collection":[{"href":"https:\/\/www.voilco-aster.fr\/blog-sejours-vacances\/wp-json\/wp\/v2\/posts"}],"about":[{"href":"https:\/\/www.voilco-aster.fr\/blog-sejours-vacances\/wp-json\/wp\/v2\/types\/post"}],"author":[{"embeddable":true,"href":"https:\/\/www.voilco-aster.fr\/blog-sejours-vacances\/wp-json\/wp\/v2\/users\/3"}],"replies":[{"embeddable":true,"href":"https:\/\/www.voilco-aster.fr\/blog-sejours-vacances\/wp-json\/wp\/v2\/comments?post=6705"}],"version-history":[{"count":3,"href":"https:\/\/www.voilco-aster.fr\/blog-sejours-vacances\/wp-json\/wp\/v2\/posts\/6705\/revisions"}],"predecessor-version":[{"id":6708,"href":"https:\/\/www.voilco-aster.fr\/blog-sejours-vacances\/wp-json\/wp\/v2\/posts\/6705\/revisions\/6708"}],"wp:attachment":[{"href":"https:\/\/www.voilco-aster.fr\/blog-sejours-vacances\/wp-json\/wp\/v2\/media?parent=6705"}],"wp:term":[{"taxonomy":"category","embeddable":true,"href":"https:\/\/www.voilco-aster.fr\/blog-sejours-vacances\/wp-json\/wp\/v2\/categories?post=6705"},{"taxonomy":"post_tag","embeddable":true,"href":"https:\/\/www.voilco-aster.fr\/blog-sejours-vacances\/wp-json\/wp\/v2\/tags?post=6705"}],"curies":[{"name":"wp","href":"https:\/\/api.w.org\/{rel}","templated":true}]}}