{"id":6726,"date":"2019-08-16T21:16:14","date_gmt":"2019-08-16T20:16:14","guid":{"rendered":"https:\/\/www.voilco-aster.fr\/blog-sejours-vacances\/?p=6726"},"modified":"2019-08-17T11:10:31","modified_gmt":"2019-08-17T10:10:31","slug":"une-superbe-journee-2","status":"publish","type":"post","link":"https:\/\/www.voilco-aster.fr\/blog-sejours-vacances\/2019\/08\/16\/une-superbe-journee-2\/","title":{"rendered":"Une superbe journ\u00e9e"},"content":{"rendered":"\n<p>Les 2 randos \u00e9tant parties, nous en profitons pour dormir plus longtemps. <\/p>\n\n\n\n<p>Les projets d\u2019animation avancent bien. <\/p>\n\n\n\n<p>Le projet Haribo pr\u00e9par\u00e9 par les grands de Viam et les petits de St Priest s\u2019annonce bien : ce sera une journ\u00e9e multi-sports. <\/p>\n\n\n\n<p><\/p>\n\n\n\n<p>Le groupe chasse au tr\u00e9sor a pr\u00e9par\u00e9 les cartes et sait d\u00e9j\u00e0 o\u00f9 ils vont cacher le tr\u00e9sor.<\/p>\n\n\n\n<ul class=\"wp-block-gallery columns-3 is-cropped wp-block-gallery-1 is-layout-flex wp-block-gallery-is-layout-flex\"><li class=\"blocks-gallery-item\"><figure><img loading=\"lazy\" decoding=\"async\" width=\"800\" height=\"600\" src=\"https:\/\/www.voilco-aster.fr\/blog-sejours-vacances\/files\/2019\/08\/3896A074-F74F-4A47-AD90-5C04811E03CD-800x600.jpeg\" alt=\"\" data-id=\"6727\" data-link=\"https:\/\/www.voilco-aster.fr\/blog-sejours-vacances\/?attachment_id=6727\" class=\"wp-image-6727\" srcset=\"https:\/\/www.voilco-aster.fr\/blog-sejours-vacances\/files\/2019\/08\/3896A074-F74F-4A47-AD90-5C04811E03CD-800x600.jpeg 800w, https:\/\/www.voilco-aster.fr\/blog-sejours-vacances\/files\/2019\/08\/3896A074-F74F-4A47-AD90-5C04811E03CD-300x225.jpeg 300w, https:\/\/www.voilco-aster.fr\/blog-sejours-vacances\/files\/2019\/08\/3896A074-F74F-4A47-AD90-5C04811E03CD-768x576.jpeg 768w, https:\/\/www.voilco-aster.fr\/blog-sejours-vacances\/files\/2019\/08\/3896A074-F74F-4A47-AD90-5C04811E03CD.jpeg 2048w\" sizes=\"auto, (max-width: 800px) 100vw, 800px\" \/><\/figure><\/li><li class=\"blocks-gallery-item\"><figure><img loading=\"lazy\" decoding=\"async\" width=\"800\" height=\"600\" src=\"https:\/\/www.voilco-aster.fr\/blog-sejours-vacances\/files\/2019\/08\/9FD2A5AA-FA06-4354-91E0-E2A1E7684F0F-800x600.jpeg\" alt=\"\" data-id=\"6728\" data-link=\"https:\/\/www.voilco-aster.fr\/blog-sejours-vacances\/?attachment_id=6728\" class=\"wp-image-6728\" srcset=\"https:\/\/www.voilco-aster.fr\/blog-sejours-vacances\/files\/2019\/08\/9FD2A5AA-FA06-4354-91E0-E2A1E7684F0F-800x600.jpeg 800w, https:\/\/www.voilco-aster.fr\/blog-sejours-vacances\/files\/2019\/08\/9FD2A5AA-FA06-4354-91E0-E2A1E7684F0F-300x225.jpeg 300w, https:\/\/www.voilco-aster.fr\/blog-sejours-vacances\/files\/2019\/08\/9FD2A5AA-FA06-4354-91E0-E2A1E7684F0F-768x576.jpeg 768w\" sizes=\"auto, (max-width: 800px) 100vw, 800px\" \/><\/figure><\/li><li class=\"blocks-gallery-item\"><figure><img loading=\"lazy\" decoding=\"async\" width=\"600\" height=\"800\" src=\"https:\/\/www.voilco-aster.fr\/blog-sejours-vacances\/files\/2019\/08\/04464663-5861-46BE-83D7-D1AD3266DE9B-600x800.jpeg\" alt=\"\" data-id=\"6729\" data-link=\"https:\/\/www.voilco-aster.fr\/blog-sejours-vacances\/?attachment_id=6729\" class=\"wp-image-6729\" srcset=\"https:\/\/www.voilco-aster.fr\/blog-sejours-vacances\/files\/2019\/08\/04464663-5861-46BE-83D7-D1AD3266DE9B-600x800.jpeg 600w, https:\/\/www.voilco-aster.fr\/blog-sejours-vacances\/files\/2019\/08\/04464663-5861-46BE-83D7-D1AD3266DE9B-225x300.jpeg 225w, https:\/\/www.voilco-aster.fr\/blog-sejours-vacances\/files\/2019\/08\/04464663-5861-46BE-83D7-D1AD3266DE9B-768x1024.jpeg 768w, https:\/\/www.voilco-aster.fr\/blog-sejours-vacances\/files\/2019\/08\/04464663-5861-46BE-83D7-D1AD3266DE9B.jpeg 1536w\" sizes=\"auto, (max-width: 600px) 100vw, 600px\" \/><\/figure><\/li><li class=\"blocks-gallery-item\"><figure><img loading=\"lazy\" decoding=\"async\" width=\"800\" height=\"600\" src=\"https:\/\/www.voilco-aster.fr\/blog-sejours-vacances\/files\/2019\/08\/1AE7B729-9657-4AED-A0DE-6BDCDBB35AA5-800x600.jpeg\" alt=\"\" data-id=\"6730\" data-link=\"https:\/\/www.voilco-aster.fr\/blog-sejours-vacances\/?attachment_id=6730\" class=\"wp-image-6730\" srcset=\"https:\/\/www.voilco-aster.fr\/blog-sejours-vacances\/files\/2019\/08\/1AE7B729-9657-4AED-A0DE-6BDCDBB35AA5-800x600.jpeg 800w, https:\/\/www.voilco-aster.fr\/blog-sejours-vacances\/files\/2019\/08\/1AE7B729-9657-4AED-A0DE-6BDCDBB35AA5-300x225.jpeg 300w, https:\/\/www.voilco-aster.fr\/blog-sejours-vacances\/files\/2019\/08\/1AE7B729-9657-4AED-A0DE-6BDCDBB35AA5-768x576.jpeg 768w\" sizes=\"auto, (max-width: 800px) 100vw, 800px\" \/><\/figure><\/li><li class=\"blocks-gallery-item\"><figure><img loading=\"lazy\" decoding=\"async\" width=\"800\" height=\"600\" src=\"https:\/\/www.voilco-aster.fr\/blog-sejours-vacances\/files\/2019\/08\/E8E36B6C-D567-496B-9A11-98632DDC5239-800x600.jpeg\" alt=\"\" data-id=\"6731\" data-link=\"https:\/\/www.voilco-aster.fr\/blog-sejours-vacances\/?attachment_id=6731\" class=\"wp-image-6731\" srcset=\"https:\/\/www.voilco-aster.fr\/blog-sejours-vacances\/files\/2019\/08\/E8E36B6C-D567-496B-9A11-98632DDC5239-800x600.jpeg 800w, https:\/\/www.voilco-aster.fr\/blog-sejours-vacances\/files\/2019\/08\/E8E36B6C-D567-496B-9A11-98632DDC5239-300x225.jpeg 300w, https:\/\/www.voilco-aster.fr\/blog-sejours-vacances\/files\/2019\/08\/E8E36B6C-D567-496B-9A11-98632DDC5239-768x576.jpeg 768w\" sizes=\"auto, (max-width: 800px) 100vw, 800px\" \/><\/figure><\/li><li class=\"blocks-gallery-item\"><figure><img loading=\"lazy\" decoding=\"async\" width=\"800\" height=\"600\" src=\"https:\/\/www.voilco-aster.fr\/blog-sejours-vacances\/files\/2019\/08\/55707C96-1850-4CF2-9A35-60CE04736ECA-800x600.jpeg\" alt=\"\" data-id=\"6732\" data-link=\"https:\/\/www.voilco-aster.fr\/blog-sejours-vacances\/?attachment_id=6732\" class=\"wp-image-6732\" srcset=\"https:\/\/www.voilco-aster.fr\/blog-sejours-vacances\/files\/2019\/08\/55707C96-1850-4CF2-9A35-60CE04736ECA-800x600.jpeg 800w, https:\/\/www.voilco-aster.fr\/blog-sejours-vacances\/files\/2019\/08\/55707C96-1850-4CF2-9A35-60CE04736ECA-300x225.jpeg 300w, https:\/\/www.voilco-aster.fr\/blog-sejours-vacances\/files\/2019\/08\/55707C96-1850-4CF2-9A35-60CE04736ECA-768x576.jpeg 768w\" sizes=\"auto, (max-width: 800px) 100vw, 800px\" \/><\/figure><\/li><li class=\"blocks-gallery-item\"><figure><img loading=\"lazy\" decoding=\"async\" width=\"800\" height=\"600\" src=\"https:\/\/www.voilco-aster.fr\/blog-sejours-vacances\/files\/2019\/08\/FFDCDF45-60C8-465D-BD42-D95BD130501E-800x600.jpeg\" alt=\"\" data-id=\"6733\" data-link=\"https:\/\/www.voilco-aster.fr\/blog-sejours-vacances\/?attachment_id=6733\" class=\"wp-image-6733\" srcset=\"https:\/\/www.voilco-aster.fr\/blog-sejours-vacances\/files\/2019\/08\/FFDCDF45-60C8-465D-BD42-D95BD130501E-800x600.jpeg 800w, https:\/\/www.voilco-aster.fr\/blog-sejours-vacances\/files\/2019\/08\/FFDCDF45-60C8-465D-BD42-D95BD130501E-300x225.jpeg 300w, https:\/\/www.voilco-aster.fr\/blog-sejours-vacances\/files\/2019\/08\/FFDCDF45-60C8-465D-BD42-D95BD130501E-768x576.jpeg 768w\" sizes=\"auto, (max-width: 800px) 100vw, 800px\" \/><\/figure><\/li><li class=\"blocks-gallery-item\"><figure><img loading=\"lazy\" decoding=\"async\" width=\"800\" height=\"600\" src=\"https:\/\/www.voilco-aster.fr\/blog-sejours-vacances\/files\/2019\/08\/37ED570D-ECB1-4D27-A9C6-97BAC0D56C0A-800x600.jpeg\" alt=\"\" data-id=\"6734\" data-link=\"https:\/\/www.voilco-aster.fr\/blog-sejours-vacances\/?attachment_id=6734\" class=\"wp-image-6734\" srcset=\"https:\/\/www.voilco-aster.fr\/blog-sejours-vacances\/files\/2019\/08\/37ED570D-ECB1-4D27-A9C6-97BAC0D56C0A-800x600.jpeg 800w, https:\/\/www.voilco-aster.fr\/blog-sejours-vacances\/files\/2019\/08\/37ED570D-ECB1-4D27-A9C6-97BAC0D56C0A-300x225.jpeg 300w, https:\/\/www.voilco-aster.fr\/blog-sejours-vacances\/files\/2019\/08\/37ED570D-ECB1-4D27-A9C6-97BAC0D56C0A-768x576.jpeg 768w\" sizes=\"auto, (max-width: 800px) 100vw, 800px\" \/><\/figure><\/li><li class=\"blocks-gallery-item\"><figure><img loading=\"lazy\" decoding=\"async\" width=\"800\" height=\"600\" src=\"https:\/\/www.voilco-aster.fr\/blog-sejours-vacances\/files\/2019\/08\/0A841C0D-D986-442C-AECA-0A0A24A6E1DA-800x600.jpeg\" alt=\"\" data-id=\"6735\" data-link=\"https:\/\/www.voilco-aster.fr\/blog-sejours-vacances\/?attachment_id=6735\" class=\"wp-image-6735\" srcset=\"https:\/\/www.voilco-aster.fr\/blog-sejours-vacances\/files\/2019\/08\/0A841C0D-D986-442C-AECA-0A0A24A6E1DA-800x600.jpeg 800w, https:\/\/www.voilco-aster.fr\/blog-sejours-vacances\/files\/2019\/08\/0A841C0D-D986-442C-AECA-0A0A24A6E1DA-300x225.jpeg 300w, https:\/\/www.voilco-aster.fr\/blog-sejours-vacances\/files\/2019\/08\/0A841C0D-D986-442C-AECA-0A0A24A6E1DA-768x576.jpeg 768w\" sizes=\"auto, (max-width: 800px) 100vw, 800px\" \/><\/figure><\/li><li class=\"blocks-gallery-item\"><figure><img loading=\"lazy\" decoding=\"async\" width=\"800\" height=\"600\" src=\"https:\/\/www.voilco-aster.fr\/blog-sejours-vacances\/files\/2019\/08\/325C1279-8185-4FE1-A9F6-ECA7055D7D56-800x600.jpeg\" alt=\"\" data-id=\"6736\" data-link=\"https:\/\/www.voilco-aster.fr\/blog-sejours-vacances\/?attachment_id=6736\" class=\"wp-image-6736\" srcset=\"https:\/\/www.voilco-aster.fr\/blog-sejours-vacances\/files\/2019\/08\/325C1279-8185-4FE1-A9F6-ECA7055D7D56-800x600.jpeg 800w, https:\/\/www.voilco-aster.fr\/blog-sejours-vacances\/files\/2019\/08\/325C1279-8185-4FE1-A9F6-ECA7055D7D56-300x225.jpeg 300w, https:\/\/www.voilco-aster.fr\/blog-sejours-vacances\/files\/2019\/08\/325C1279-8185-4FE1-A9F6-ECA7055D7D56-768x576.jpeg 768w\" sizes=\"auto, (max-width: 800px) 100vw, 800px\" \/><\/figure><\/li><li class=\"blocks-gallery-item\"><figure><img loading=\"lazy\" decoding=\"async\" width=\"800\" height=\"600\" src=\"https:\/\/www.voilco-aster.fr\/blog-sejours-vacances\/files\/2019\/08\/48DA0A27-6309-4270-ADE4-00A3043C0119-800x600.jpeg\" alt=\"\" data-id=\"6737\" data-link=\"https:\/\/www.voilco-aster.fr\/blog-sejours-vacances\/?attachment_id=6737\" class=\"wp-image-6737\" srcset=\"https:\/\/www.voilco-aster.fr\/blog-sejours-vacances\/files\/2019\/08\/48DA0A27-6309-4270-ADE4-00A3043C0119-800x600.jpeg 800w, https:\/\/www.voilco-aster.fr\/blog-sejours-vacances\/files\/2019\/08\/48DA0A27-6309-4270-ADE4-00A3043C0119-300x225.jpeg 300w, https:\/\/www.voilco-aster.fr\/blog-sejours-vacances\/files\/2019\/08\/48DA0A27-6309-4270-ADE4-00A3043C0119-768x576.jpeg 768w\" sizes=\"auto, (max-width: 800px) 100vw, 800px\" \/><\/figure><\/li><li class=\"blocks-gallery-item\"><figure><img loading=\"lazy\" decoding=\"async\" width=\"800\" height=\"600\" src=\"https:\/\/www.voilco-aster.fr\/blog-sejours-vacances\/files\/2019\/08\/B39B0B0C-58FA-4951-8DA4-92B1EDF6CE4B-800x600.jpeg\" alt=\"\" data-id=\"6738\" data-link=\"https:\/\/www.voilco-aster.fr\/blog-sejours-vacances\/?attachment_id=6738\" class=\"wp-image-6738\" srcset=\"https:\/\/www.voilco-aster.fr\/blog-sejours-vacances\/files\/2019\/08\/B39B0B0C-58FA-4951-8DA4-92B1EDF6CE4B-800x600.jpeg 800w, https:\/\/www.voilco-aster.fr\/blog-sejours-vacances\/files\/2019\/08\/B39B0B0C-58FA-4951-8DA4-92B1EDF6CE4B-300x225.jpeg 300w, https:\/\/www.voilco-aster.fr\/blog-sejours-vacances\/files\/2019\/08\/B39B0B0C-58FA-4951-8DA4-92B1EDF6CE4B-768x576.jpeg 768w\" sizes=\"auto, (max-width: 800px) 100vw, 800px\" \/><\/figure><\/li><li class=\"blocks-gallery-item\"><figure><img loading=\"lazy\" decoding=\"async\" width=\"800\" height=\"600\" src=\"https:\/\/www.voilco-aster.fr\/blog-sejours-vacances\/files\/2019\/08\/86B31FCF-C551-473E-AF22-F13DBEAEB12F-800x600.jpeg\" alt=\"\" data-id=\"6739\" data-link=\"https:\/\/www.voilco-aster.fr\/blog-sejours-vacances\/?attachment_id=6739\" class=\"wp-image-6739\" srcset=\"https:\/\/www.voilco-aster.fr\/blog-sejours-vacances\/files\/2019\/08\/86B31FCF-C551-473E-AF22-F13DBEAEB12F-800x600.jpeg 800w, https:\/\/www.voilco-aster.fr\/blog-sejours-vacances\/files\/2019\/08\/86B31FCF-C551-473E-AF22-F13DBEAEB12F-300x225.jpeg 300w, https:\/\/www.voilco-aster.fr\/blog-sejours-vacances\/files\/2019\/08\/86B31FCF-C551-473E-AF22-F13DBEAEB12F-768x576.jpeg 768w\" sizes=\"auto, (max-width: 800px) 100vw, 800px\" \/><\/figure><\/li><li class=\"blocks-gallery-item\"><figure><img loading=\"lazy\" decoding=\"async\" width=\"800\" height=\"600\" src=\"https:\/\/www.voilco-aster.fr\/blog-sejours-vacances\/files\/2019\/08\/D7AAF1BF-871E-4887-B8E3-E657F5A8C229-800x600.jpeg\" alt=\"\" data-id=\"6740\" data-link=\"https:\/\/www.voilco-aster.fr\/blog-sejours-vacances\/?attachment_id=6740\" class=\"wp-image-6740\" srcset=\"https:\/\/www.voilco-aster.fr\/blog-sejours-vacances\/files\/2019\/08\/D7AAF1BF-871E-4887-B8E3-E657F5A8C229-800x600.jpeg 800w, https:\/\/www.voilco-aster.fr\/blog-sejours-vacances\/files\/2019\/08\/D7AAF1BF-871E-4887-B8E3-E657F5A8C229-300x225.jpeg 300w, https:\/\/www.voilco-aster.fr\/blog-sejours-vacances\/files\/2019\/08\/D7AAF1BF-871E-4887-B8E3-E657F5A8C229-768x576.jpeg 768w\" sizes=\"auto, (max-width: 800px) 100vw, 800px\" \/><\/figure><\/li><li class=\"blocks-gallery-item\"><figure><img loading=\"lazy\" decoding=\"async\" width=\"800\" height=\"600\" src=\"https:\/\/www.voilco-aster.fr\/blog-sejours-vacances\/files\/2019\/08\/1875489C-A93D-4433-8395-DD35D45D18AC-800x600.jpeg\" alt=\"\" data-id=\"6741\" data-link=\"https:\/\/www.voilco-aster.fr\/blog-sejours-vacances\/?attachment_id=6741\" class=\"wp-image-6741\" srcset=\"https:\/\/www.voilco-aster.fr\/blog-sejours-vacances\/files\/2019\/08\/1875489C-A93D-4433-8395-DD35D45D18AC-800x600.jpeg 800w, https:\/\/www.voilco-aster.fr\/blog-sejours-vacances\/files\/2019\/08\/1875489C-A93D-4433-8395-DD35D45D18AC-300x225.jpeg 300w, https:\/\/www.voilco-aster.fr\/blog-sejours-vacances\/files\/2019\/08\/1875489C-A93D-4433-8395-DD35D45D18AC-768x576.jpeg 768w, https:\/\/www.voilco-aster.fr\/blog-sejours-vacances\/files\/2019\/08\/1875489C-A93D-4433-8395-DD35D45D18AC.jpeg 2048w\" sizes=\"auto, (max-width: 800px) 100vw, 800px\" \/><\/figure><\/li><li class=\"blocks-gallery-item\"><figure><img loading=\"lazy\" decoding=\"async\" width=\"800\" height=\"600\" src=\"https:\/\/www.voilco-aster.fr\/blog-sejours-vacances\/files\/2019\/08\/EAD4C16E-FDAE-42AF-A310-5FC5D3EA7736-800x600.jpeg\" alt=\"\" data-id=\"6742\" data-link=\"https:\/\/www.voilco-aster.fr\/blog-sejours-vacances\/?attachment_id=6742\" class=\"wp-image-6742\" srcset=\"https:\/\/www.voilco-aster.fr\/blog-sejours-vacances\/files\/2019\/08\/EAD4C16E-FDAE-42AF-A310-5FC5D3EA7736-800x600.jpeg 800w, https:\/\/www.voilco-aster.fr\/blog-sejours-vacances\/files\/2019\/08\/EAD4C16E-FDAE-42AF-A310-5FC5D3EA7736-300x225.jpeg 300w, https:\/\/www.voilco-aster.fr\/blog-sejours-vacances\/files\/2019\/08\/EAD4C16E-FDAE-42AF-A310-5FC5D3EA7736-768x576.jpeg 768w, https:\/\/www.voilco-aster.fr\/blog-sejours-vacances\/files\/2019\/08\/EAD4C16E-FDAE-42AF-A310-5FC5D3EA7736.jpeg 960w\" sizes=\"auto, (max-width: 800px) 100vw, 800px\" \/><\/figure><\/li><li class=\"blocks-gallery-item\"><figure><img loading=\"lazy\" decoding=\"async\" width=\"800\" height=\"600\" src=\"https:\/\/www.voilco-aster.fr\/blog-sejours-vacances\/files\/2019\/08\/8EB26479-D503-4DDE-B4D7-5A39A6D4F96C-800x600.jpeg\" alt=\"\" data-id=\"6743\" data-link=\"https:\/\/www.voilco-aster.fr\/blog-sejours-vacances\/?attachment_id=6743\" class=\"wp-image-6743\" srcset=\"https:\/\/www.voilco-aster.fr\/blog-sejours-vacances\/files\/2019\/08\/8EB26479-D503-4DDE-B4D7-5A39A6D4F96C-800x600.jpeg 800w, https:\/\/www.voilco-aster.fr\/blog-sejours-vacances\/files\/2019\/08\/8EB26479-D503-4DDE-B4D7-5A39A6D4F96C-300x225.jpeg 300w, https:\/\/www.voilco-aster.fr\/blog-sejours-vacances\/files\/2019\/08\/8EB26479-D503-4DDE-B4D7-5A39A6D4F96C-768x576.jpeg 768w, https:\/\/www.voilco-aster.fr\/blog-sejours-vacances\/files\/2019\/08\/8EB26479-D503-4DDE-B4D7-5A39A6D4F96C.jpeg 960w\" sizes=\"auto, (max-width: 800px) 100vw, 800px\" \/><\/figure><\/li><li class=\"blocks-gallery-item\"><figure><img loading=\"lazy\" decoding=\"async\" width=\"800\" height=\"600\" src=\"https:\/\/www.voilco-aster.fr\/blog-sejours-vacances\/files\/2019\/08\/B950DC6F-363B-4258-B82E-91AADA8D232E-800x600.jpeg\" alt=\"\" data-id=\"6744\" data-link=\"https:\/\/www.voilco-aster.fr\/blog-sejours-vacances\/?attachment_id=6744\" class=\"wp-image-6744\" srcset=\"https:\/\/www.voilco-aster.fr\/blog-sejours-vacances\/files\/2019\/08\/B950DC6F-363B-4258-B82E-91AADA8D232E-800x600.jpeg 800w, https:\/\/www.voilco-aster.fr\/blog-sejours-vacances\/files\/2019\/08\/B950DC6F-363B-4258-B82E-91AADA8D232E-300x225.jpeg 300w, https:\/\/www.voilco-aster.fr\/blog-sejours-vacances\/files\/2019\/08\/B950DC6F-363B-4258-B82E-91AADA8D232E-768x576.jpeg 768w, https:\/\/www.voilco-aster.fr\/blog-sejours-vacances\/files\/2019\/08\/B950DC6F-363B-4258-B82E-91AADA8D232E.jpeg 960w\" sizes=\"auto, (max-width: 800px) 100vw, 800px\" \/><\/figure><\/li><li class=\"blocks-gallery-item\"><figure><img loading=\"lazy\" decoding=\"async\" width=\"800\" height=\"600\" src=\"https:\/\/www.voilco-aster.fr\/blog-sejours-vacances\/files\/2019\/08\/EFA274E8-0C9D-4472-9D97-4F1227A37D56-800x600.jpeg\" alt=\"\" data-id=\"6745\" data-link=\"https:\/\/www.voilco-aster.fr\/blog-sejours-vacances\/?attachment_id=6745\" class=\"wp-image-6745\" srcset=\"https:\/\/www.voilco-aster.fr\/blog-sejours-vacances\/files\/2019\/08\/EFA274E8-0C9D-4472-9D97-4F1227A37D56-800x600.jpeg 800w, https:\/\/www.voilco-aster.fr\/blog-sejours-vacances\/files\/2019\/08\/EFA274E8-0C9D-4472-9D97-4F1227A37D56-300x225.jpeg 300w, https:\/\/www.voilco-aster.fr\/blog-sejours-vacances\/files\/2019\/08\/EFA274E8-0C9D-4472-9D97-4F1227A37D56-768x576.jpeg 768w, https:\/\/www.voilco-aster.fr\/blog-sejours-vacances\/files\/2019\/08\/EFA274E8-0C9D-4472-9D97-4F1227A37D56.jpeg 960w\" sizes=\"auto, (max-width: 800px) 100vw, 800px\" \/><\/figure><\/li><li class=\"blocks-gallery-item\"><figure><img loading=\"lazy\" decoding=\"async\" width=\"800\" height=\"600\" src=\"https:\/\/www.voilco-aster.fr\/blog-sejours-vacances\/files\/2019\/08\/30A12A2F-28B0-4C78-90C7-28F8CE79F677-800x600.jpeg\" alt=\"\" data-id=\"6746\" data-link=\"https:\/\/www.voilco-aster.fr\/blog-sejours-vacances\/?attachment_id=6746\" class=\"wp-image-6746\" srcset=\"https:\/\/www.voilco-aster.fr\/blog-sejours-vacances\/files\/2019\/08\/30A12A2F-28B0-4C78-90C7-28F8CE79F677-800x600.jpeg 800w, https:\/\/www.voilco-aster.fr\/blog-sejours-vacances\/files\/2019\/08\/30A12A2F-28B0-4C78-90C7-28F8CE79F677-300x225.jpeg 300w, https:\/\/www.voilco-aster.fr\/blog-sejours-vacances\/files\/2019\/08\/30A12A2F-28B0-4C78-90C7-28F8CE79F677-768x576.jpeg 768w, https:\/\/www.voilco-aster.fr\/blog-sejours-vacances\/files\/2019\/08\/30A12A2F-28B0-4C78-90C7-28F8CE79F677.jpeg 960w\" sizes=\"auto, (max-width: 800px) 100vw, 800px\" \/><\/figure><\/li><li class=\"blocks-gallery-item\"><figure><img loading=\"lazy\" decoding=\"async\" width=\"800\" height=\"600\" src=\"https:\/\/www.voilco-aster.fr\/blog-sejours-vacances\/files\/2019\/08\/B64785AE-ADFD-4EAD-9C31-2F83E9FA955A-800x600.jpeg\" alt=\"\" data-id=\"6747\" data-link=\"https:\/\/www.voilco-aster.fr\/blog-sejours-vacances\/?attachment_id=6747\" class=\"wp-image-6747\" srcset=\"https:\/\/www.voilco-aster.fr\/blog-sejours-vacances\/files\/2019\/08\/B64785AE-ADFD-4EAD-9C31-2F83E9FA955A-800x600.jpeg 800w, https:\/\/www.voilco-aster.fr\/blog-sejours-vacances\/files\/2019\/08\/B64785AE-ADFD-4EAD-9C31-2F83E9FA955A-300x225.jpeg 300w, https:\/\/www.voilco-aster.fr\/blog-sejours-vacances\/files\/2019\/08\/B64785AE-ADFD-4EAD-9C31-2F83E9FA955A-768x576.jpeg 768w, https:\/\/www.voilco-aster.fr\/blog-sejours-vacances\/files\/2019\/08\/B64785AE-ADFD-4EAD-9C31-2F83E9FA955A.jpeg 1440w\" sizes=\"auto, (max-width: 800px) 100vw, 800px\" \/><\/figure><\/li><li class=\"blocks-gallery-item\"><figure><img loading=\"lazy\" decoding=\"async\" width=\"800\" height=\"600\" src=\"https:\/\/www.voilco-aster.fr\/blog-sejours-vacances\/files\/2019\/08\/5897F86C-C0C2-45A4-B605-56DD94DAF14E-800x600.jpeg\" alt=\"\" data-id=\"6748\" data-link=\"https:\/\/www.voilco-aster.fr\/blog-sejours-vacances\/?attachment_id=6748\" class=\"wp-image-6748\" srcset=\"https:\/\/www.voilco-aster.fr\/blog-sejours-vacances\/files\/2019\/08\/5897F86C-C0C2-45A4-B605-56DD94DAF14E-800x600.jpeg 800w, https:\/\/www.voilco-aster.fr\/blog-sejours-vacances\/files\/2019\/08\/5897F86C-C0C2-45A4-B605-56DD94DAF14E-300x225.jpeg 300w, https:\/\/www.voilco-aster.fr\/blog-sejours-vacances\/files\/2019\/08\/5897F86C-C0C2-45A4-B605-56DD94DAF14E-768x576.jpeg 768w, https:\/\/www.voilco-aster.fr\/blog-sejours-vacances\/files\/2019\/08\/5897F86C-C0C2-45A4-B605-56DD94DAF14E.jpeg 1440w\" sizes=\"auto, (max-width: 800px) 100vw, 800px\" \/><\/figure><\/li><li class=\"blocks-gallery-item\"><figure><img loading=\"lazy\" decoding=\"async\" width=\"800\" height=\"600\" src=\"https:\/\/www.voilco-aster.fr\/blog-sejours-vacances\/files\/2019\/08\/9018AD01-56FC-4694-AE90-E410653F6DE8-800x600.jpeg\" alt=\"\" data-id=\"6749\" data-link=\"https:\/\/www.voilco-aster.fr\/blog-sejours-vacances\/?attachment_id=6749\" class=\"wp-image-6749\" srcset=\"https:\/\/www.voilco-aster.fr\/blog-sejours-vacances\/files\/2019\/08\/9018AD01-56FC-4694-AE90-E410653F6DE8-800x600.jpeg 800w, https:\/\/www.voilco-aster.fr\/blog-sejours-vacances\/files\/2019\/08\/9018AD01-56FC-4694-AE90-E410653F6DE8-300x225.jpeg 300w, https:\/\/www.voilco-aster.fr\/blog-sejours-vacances\/files\/2019\/08\/9018AD01-56FC-4694-AE90-E410653F6DE8-768x576.jpeg 768w, https:\/\/www.voilco-aster.fr\/blog-sejours-vacances\/files\/2019\/08\/9018AD01-56FC-4694-AE90-E410653F6DE8.jpeg 960w\" sizes=\"auto, (max-width: 800px) 100vw, 800px\" \/><\/figure><\/li><li class=\"blocks-gallery-item\"><figure><img loading=\"lazy\" decoding=\"async\" width=\"800\" height=\"600\" src=\"https:\/\/www.voilco-aster.fr\/blog-sejours-vacances\/files\/2019\/08\/C0CCCDAD-18EC-4E4F-81E8-E2459ED3A0BD-800x600.jpeg\" alt=\"\" data-id=\"6750\" data-link=\"https:\/\/www.voilco-aster.fr\/blog-sejours-vacances\/?attachment_id=6750\" class=\"wp-image-6750\" srcset=\"https:\/\/www.voilco-aster.fr\/blog-sejours-vacances\/files\/2019\/08\/C0CCCDAD-18EC-4E4F-81E8-E2459ED3A0BD-800x600.jpeg 800w, https:\/\/www.voilco-aster.fr\/blog-sejours-vacances\/files\/2019\/08\/C0CCCDAD-18EC-4E4F-81E8-E2459ED3A0BD-300x225.jpeg 300w, https:\/\/www.voilco-aster.fr\/blog-sejours-vacances\/files\/2019\/08\/C0CCCDAD-18EC-4E4F-81E8-E2459ED3A0BD-768x576.jpeg 768w, https:\/\/www.voilco-aster.fr\/blog-sejours-vacances\/files\/2019\/08\/C0CCCDAD-18EC-4E4F-81E8-E2459ED3A0BD.jpeg 960w\" sizes=\"auto, (max-width: 800px) 100vw, 800px\" \/><\/figure><\/li><li class=\"blocks-gallery-item\"><figure><img loading=\"lazy\" decoding=\"async\" width=\"800\" height=\"600\" src=\"https:\/\/www.voilco-aster.fr\/blog-sejours-vacances\/files\/2019\/08\/22F068DA-BA51-496A-9740-F64B275BAB39-800x600.jpeg\" alt=\"\" data-id=\"6751\" data-link=\"https:\/\/www.voilco-aster.fr\/blog-sejours-vacances\/?attachment_id=6751\" class=\"wp-image-6751\" srcset=\"https:\/\/www.voilco-aster.fr\/blog-sejours-vacances\/files\/2019\/08\/22F068DA-BA51-496A-9740-F64B275BAB39-800x600.jpeg 800w, https:\/\/www.voilco-aster.fr\/blog-sejours-vacances\/files\/2019\/08\/22F068DA-BA51-496A-9740-F64B275BAB39-300x225.jpeg 300w, https:\/\/www.voilco-aster.fr\/blog-sejours-vacances\/files\/2019\/08\/22F068DA-BA51-496A-9740-F64B275BAB39-768x576.jpeg 768w, https:\/\/www.voilco-aster.fr\/blog-sejours-vacances\/files\/2019\/08\/22F068DA-BA51-496A-9740-F64B275BAB39.jpeg 960w\" sizes=\"auto, (max-width: 800px) 100vw, 800px\" \/><\/figure><\/li><li class=\"blocks-gallery-item\"><figure><img loading=\"lazy\" decoding=\"async\" width=\"800\" height=\"600\" src=\"https:\/\/www.voilco-aster.fr\/blog-sejours-vacances\/files\/2019\/08\/E26BAF8A-6694-4B54-9029-DE8FC6E053DD-800x600.jpeg\" alt=\"\" data-id=\"6752\" data-link=\"https:\/\/www.voilco-aster.fr\/blog-sejours-vacances\/?attachment_id=6752\" class=\"wp-image-6752\" srcset=\"https:\/\/www.voilco-aster.fr\/blog-sejours-vacances\/files\/2019\/08\/E26BAF8A-6694-4B54-9029-DE8FC6E053DD-800x600.jpeg 800w, https:\/\/www.voilco-aster.fr\/blog-sejours-vacances\/files\/2019\/08\/E26BAF8A-6694-4B54-9029-DE8FC6E053DD-300x225.jpeg 300w, https:\/\/www.voilco-aster.fr\/blog-sejours-vacances\/files\/2019\/08\/E26BAF8A-6694-4B54-9029-DE8FC6E053DD-768x576.jpeg 768w, https:\/\/www.voilco-aster.fr\/blog-sejours-vacances\/files\/2019\/08\/E26BAF8A-6694-4B54-9029-DE8FC6E053DD.jpeg 960w\" sizes=\"auto, (max-width: 800px) 100vw, 800px\" \/><\/figure><\/li><li class=\"blocks-gallery-item\"><figure><img loading=\"lazy\" decoding=\"async\" width=\"800\" height=\"600\" src=\"https:\/\/www.voilco-aster.fr\/blog-sejours-vacances\/files\/2019\/08\/B45FC41D-3CBB-4A5F-9DDA-AE616776745F-800x600.jpeg\" alt=\"\" data-id=\"6753\" data-link=\"https:\/\/www.voilco-aster.fr\/blog-sejours-vacances\/?attachment_id=6753\" class=\"wp-image-6753\" srcset=\"https:\/\/www.voilco-aster.fr\/blog-sejours-vacances\/files\/2019\/08\/B45FC41D-3CBB-4A5F-9DDA-AE616776745F-800x600.jpeg 800w, https:\/\/www.voilco-aster.fr\/blog-sejours-vacances\/files\/2019\/08\/B45FC41D-3CBB-4A5F-9DDA-AE616776745F-300x225.jpeg 300w, https:\/\/www.voilco-aster.fr\/blog-sejours-vacances\/files\/2019\/08\/B45FC41D-3CBB-4A5F-9DDA-AE616776745F-768x576.jpeg 768w, https:\/\/www.voilco-aster.fr\/blog-sejours-vacances\/files\/2019\/08\/B45FC41D-3CBB-4A5F-9DDA-AE616776745F.jpeg 960w\" sizes=\"auto, (max-width: 800px) 100vw, 800px\" \/><\/figure><\/li><li class=\"blocks-gallery-item\"><figure><img loading=\"lazy\" decoding=\"async\" width=\"800\" height=\"600\" src=\"https:\/\/www.voilco-aster.fr\/blog-sejours-vacances\/files\/2019\/08\/77709D1E-B9E4-4E05-95A8-5FFD1097F426-800x600.jpeg\" alt=\"\" data-id=\"6754\" data-link=\"https:\/\/www.voilco-aster.fr\/blog-sejours-vacances\/?attachment_id=6754\" class=\"wp-image-6754\" srcset=\"https:\/\/www.voilco-aster.fr\/blog-sejours-vacances\/files\/2019\/08\/77709D1E-B9E4-4E05-95A8-5FFD1097F426-800x600.jpeg 800w, https:\/\/www.voilco-aster.fr\/blog-sejours-vacances\/files\/2019\/08\/77709D1E-B9E4-4E05-95A8-5FFD1097F426-300x225.jpeg 300w, https:\/\/www.voilco-aster.fr\/blog-sejours-vacances\/files\/2019\/08\/77709D1E-B9E4-4E05-95A8-5FFD1097F426-768x576.jpeg 768w, https:\/\/www.voilco-aster.fr\/blog-sejours-vacances\/files\/2019\/08\/77709D1E-B9E4-4E05-95A8-5FFD1097F426.jpeg 960w\" sizes=\"auto, (max-width: 800px) 100vw, 800px\" \/><\/figure><\/li><li class=\"blocks-gallery-item\"><figure><img loading=\"lazy\" decoding=\"async\" width=\"800\" height=\"600\" src=\"https:\/\/www.voilco-aster.fr\/blog-sejours-vacances\/files\/2019\/08\/806627DD-32AD-4F98-ACA7-3ADFC37DE2EB-800x600.jpeg\" alt=\"\" data-id=\"6755\" data-link=\"https:\/\/www.voilco-aster.fr\/blog-sejours-vacances\/?attachment_id=6755\" class=\"wp-image-6755\" srcset=\"https:\/\/www.voilco-aster.fr\/blog-sejours-vacances\/files\/2019\/08\/806627DD-32AD-4F98-ACA7-3ADFC37DE2EB-800x600.jpeg 800w, https:\/\/www.voilco-aster.fr\/blog-sejours-vacances\/files\/2019\/08\/806627DD-32AD-4F98-ACA7-3ADFC37DE2EB-300x225.jpeg 300w, https:\/\/www.voilco-aster.fr\/blog-sejours-vacances\/files\/2019\/08\/806627DD-32AD-4F98-ACA7-3ADFC37DE2EB-768x576.jpeg 768w, https:\/\/www.voilco-aster.fr\/blog-sejours-vacances\/files\/2019\/08\/806627DD-32AD-4F98-ACA7-3ADFC37DE2EB.jpeg 960w\" sizes=\"auto, (max-width: 800px) 100vw, 800px\" \/><\/figure><\/li><\/ul>\n","protected":false},"excerpt":{"rendered":"<p>Les 2 randos \u00e9tant parties, nous en profitons pour dormir plus longtemps. Les projets d\u2019animation avancent bien. Le projet Haribo pr\u00e9par\u00e9 par les grands de Viam et les petits de St Priest s\u2019annonce bien : ce sera une journ\u00e9e multi-sports. Le groupe chasse au tr\u00e9sor a pr\u00e9par\u00e9 les cartes et sait d\u00e9j\u00e0 o\u00f9 ils vont &hellip; <a href=\"https:\/\/www.voilco-aster.fr\/blog-sejours-vacances\/2019\/08\/16\/une-superbe-journee-2\/\" class=\"more-link\">Continuer la lecture de <span class=\"screen-reader-text\">Une superbe journ\u00e9e<\/span><\/a><\/p>\n","protected":false},"author":6,"featured_media":0,"comment_status":"open","ping_status":"closed","sticky":false,"template":"","format":"standard","meta":{"footnotes":""},"categories":[1],"tags":[],"class_list":["post-6726","post","type-post","status-publish","format-standard","hentry","category-sejours-ete"],"_links":{"self":[{"href":"https:\/\/www.voilco-aster.fr\/blog-sejours-vacances\/wp-json\/wp\/v2\/posts\/6726","targetHints":{"allow":["GET"]}}],"collection":[{"href":"https:\/\/www.voilco-aster.fr\/blog-sejours-vacances\/wp-json\/wp\/v2\/posts"}],"about":[{"href":"https:\/\/www.voilco-aster.fr\/blog-sejours-vacances\/wp-json\/wp\/v2\/types\/post"}],"author":[{"embeddable":true,"href":"https:\/\/www.voilco-aster.fr\/blog-sejours-vacances\/wp-json\/wp\/v2\/users\/6"}],"replies":[{"embeddable":true,"href":"https:\/\/www.voilco-aster.fr\/blog-sejours-vacances\/wp-json\/wp\/v2\/comments?post=6726"}],"version-history":[{"count":3,"href":"https:\/\/www.voilco-aster.fr\/blog-sejours-vacances\/wp-json\/wp\/v2\/posts\/6726\/revisions"}],"predecessor-version":[{"id":6795,"href":"https:\/\/www.voilco-aster.fr\/blog-sejours-vacances\/wp-json\/wp\/v2\/posts\/6726\/revisions\/6795"}],"wp:attachment":[{"href":"https:\/\/www.voilco-aster.fr\/blog-sejours-vacances\/wp-json\/wp\/v2\/media?parent=6726"}],"wp:term":[{"taxonomy":"category","embeddable":true,"href":"https:\/\/www.voilco-aster.fr\/blog-sejours-vacances\/wp-json\/wp\/v2\/categories?post=6726"},{"taxonomy":"post_tag","embeddable":true,"href":"https:\/\/www.voilco-aster.fr\/blog-sejours-vacances\/wp-json\/wp\/v2\/tags?post=6726"}],"curies":[{"name":"wp","href":"https:\/\/api.w.org\/{rel}","templated":true}]}}