{"id":6802,"date":"2019-08-17T23:45:30","date_gmt":"2019-08-17T22:45:30","guid":{"rendered":"https:\/\/www.voilco-aster.fr\/blog-sejours-vacances\/?p=6802"},"modified":"2019-08-18T11:52:07","modified_gmt":"2019-08-18T10:52:07","slug":"olympiades-a-viam-3","status":"publish","type":"post","link":"https:\/\/www.voilco-aster.fr\/blog-sejours-vacances\/2019\/08\/17\/olympiades-a-viam-3\/","title":{"rendered":"Olympiades \u00e0 Viam"},"content":{"rendered":"<p>Journ\u00e9e olympiade pour les enfants de la presqu\u2019\u00eele ! Ils ont d\u00fb se surpasser dans toutes les \u00e9preuves, tournoi de foot, badminton, ping-pong, ultimate, slack-line et enfin relais !<\/p>\n<p>Tout \u00e7a accompagn\u00e9 des arbitres et de Jules C\u00e9sar qui ont men\u00e9 toute cette journ\u00e9e.<\/p>\n<p>Nos randonneurs sont bien rentr\u00e9s de leur voyage o\u00f9 ils ont effectu\u00e9 38 Km depuis leur d\u00e9part jeudi. Encore une grande journ\u00e9e qui s\u2019ach\u00e8ve et ce n\u2019est pas la derni\u00e8re !<\/p>\n<p><img loading=\"lazy\" decoding=\"async\" class=\"size-full\" src=\"https:\/\/www.voilco-aster.fr\/blog-sejours-vacances\/files\/2019\/08\/img_1412-1.jpg\" width=\"3264\" height=\"2448\" \/><img loading=\"lazy\" decoding=\"async\" class=\"size-full\" src=\"https:\/\/www.voilco-aster.fr\/blog-sejours-vacances\/files\/2019\/08\/img_1411-1.jpg\" width=\"3264\" height=\"2448\" \/><img loading=\"lazy\" decoding=\"async\" class=\"size-full\" src=\"https:\/\/www.voilco-aster.fr\/blog-sejours-vacances\/files\/2019\/08\/img_1410-1.jpg\" width=\"3264\" height=\"2448\" \/><img loading=\"lazy\" decoding=\"async\" class=\"size-full\" src=\"https:\/\/www.voilco-aster.fr\/blog-sejours-vacances\/files\/2019\/08\/img_1409-1.jpg\" width=\"3264\" height=\"2448\" \/><\/p>\n","protected":false},"excerpt":{"rendered":"<p>Journ\u00e9e olympiade pour les enfants de la presqu\u2019\u00eele ! Ils ont d\u00fb se surpasser dans toutes les \u00e9preuves, tournoi de foot, badminton, ping-pong, ultimate, slack-line et enfin relais ! Tout \u00e7a accompagn\u00e9 des arbitres et de Jules C\u00e9sar qui ont men\u00e9 toute cette journ\u00e9e. Nos randonneurs sont bien rentr\u00e9s de leur voyage o\u00f9 ils ont &hellip; <a href=\"https:\/\/www.voilco-aster.fr\/blog-sejours-vacances\/2019\/08\/17\/olympiades-a-viam-3\/\" class=\"more-link\">Continuer la lecture de <span class=\"screen-reader-text\">Olympiades \u00e0 Viam<\/span><\/a><\/p>\n","protected":false},"author":3,"featured_media":0,"comment_status":"open","ping_status":"closed","sticky":false,"template":"","format":"standard","meta":{"footnotes":""},"categories":[6],"tags":[],"class_list":["post-6802","post","type-post","status-publish","format-standard","hentry","category-sejours-11-14-ans"],"_links":{"self":[{"href":"https:\/\/www.voilco-aster.fr\/blog-sejours-vacances\/wp-json\/wp\/v2\/posts\/6802","targetHints":{"allow":["GET"]}}],"collection":[{"href":"https:\/\/www.voilco-aster.fr\/blog-sejours-vacances\/wp-json\/wp\/v2\/posts"}],"about":[{"href":"https:\/\/www.voilco-aster.fr\/blog-sejours-vacances\/wp-json\/wp\/v2\/types\/post"}],"author":[{"embeddable":true,"href":"https:\/\/www.voilco-aster.fr\/blog-sejours-vacances\/wp-json\/wp\/v2\/users\/3"}],"replies":[{"embeddable":true,"href":"https:\/\/www.voilco-aster.fr\/blog-sejours-vacances\/wp-json\/wp\/v2\/comments?post=6802"}],"version-history":[{"count":2,"href":"https:\/\/www.voilco-aster.fr\/blog-sejours-vacances\/wp-json\/wp\/v2\/posts\/6802\/revisions"}],"predecessor-version":[{"id":6804,"href":"https:\/\/www.voilco-aster.fr\/blog-sejours-vacances\/wp-json\/wp\/v2\/posts\/6802\/revisions\/6804"}],"wp:attachment":[{"href":"https:\/\/www.voilco-aster.fr\/blog-sejours-vacances\/wp-json\/wp\/v2\/media?parent=6802"}],"wp:term":[{"taxonomy":"category","embeddable":true,"href":"https:\/\/www.voilco-aster.fr\/blog-sejours-vacances\/wp-json\/wp\/v2\/categories?post=6802"},{"taxonomy":"post_tag","embeddable":true,"href":"https:\/\/www.voilco-aster.fr\/blog-sejours-vacances\/wp-json\/wp\/v2\/tags?post=6802"}],"curies":[{"name":"wp","href":"https:\/\/api.w.org\/{rel}","templated":true}]}}