{"id":6850,"date":"2019-08-18T18:19:31","date_gmt":"2019-08-18T17:19:31","guid":{"rendered":"https:\/\/www.voilco-aster.fr\/blog-sejours-vacances\/?p=6850"},"modified":"2019-08-19T17:39:02","modified_gmt":"2019-08-19T16:39:02","slug":"les-randonneurs-sont-rentres-hier","status":"publish","type":"post","link":"https:\/\/www.voilco-aster.fr\/blog-sejours-vacances\/2019\/08\/18\/les-randonneurs-sont-rentres-hier\/","title":{"rendered":"Les randonneurs sont rentr\u00e9s hier"},"content":{"rendered":"\n<p>Apr\u00e8s 3 jours de rando o\u00f9 il ont mont\u00e9 les tentes, pr\u00e9par\u00e9 le feu. Ils ont v\u00e9cu pendant 3 jours comme des aventuriers. <\/p>\n\n\n\n<p>Ils auront plein de souvenirs \u00e0 vous raconter. <\/p>\n\n\n\n<ul class=\"wp-block-gallery columns-3 is-cropped wp-block-gallery-1 is-layout-flex wp-block-gallery-is-layout-flex\"><li class=\"blocks-gallery-item\"><figure><img loading=\"lazy\" decoding=\"async\" width=\"800\" height=\"600\" src=\"https:\/\/www.voilco-aster.fr\/blog-sejours-vacances\/files\/2019\/08\/8C09AA4C-4C3F-4FFC-BCFF-68DD7F03FF7C-800x600.jpeg\" alt=\"\" data-id=\"6851\" data-link=\"https:\/\/www.voilco-aster.fr\/blog-sejours-vacances\/?attachment_id=6851\" class=\"wp-image-6851\" srcset=\"https:\/\/www.voilco-aster.fr\/blog-sejours-vacances\/files\/2019\/08\/8C09AA4C-4C3F-4FFC-BCFF-68DD7F03FF7C-800x600.jpeg 800w, https:\/\/www.voilco-aster.fr\/blog-sejours-vacances\/files\/2019\/08\/8C09AA4C-4C3F-4FFC-BCFF-68DD7F03FF7C-300x225.jpeg 300w, https:\/\/www.voilco-aster.fr\/blog-sejours-vacances\/files\/2019\/08\/8C09AA4C-4C3F-4FFC-BCFF-68DD7F03FF7C-768x576.jpeg 768w\" sizes=\"auto, (max-width: 800px) 100vw, 800px\" \/><\/figure><\/li><li class=\"blocks-gallery-item\"><figure><img loading=\"lazy\" decoding=\"async\" width=\"800\" height=\"600\" src=\"https:\/\/www.voilco-aster.fr\/blog-sejours-vacances\/files\/2019\/08\/52D804AF-6E0D-41B5-BFF3-80F5BFD688A6-800x600.jpeg\" alt=\"\" data-id=\"6852\" data-link=\"https:\/\/www.voilco-aster.fr\/blog-sejours-vacances\/?attachment_id=6852\" class=\"wp-image-6852\" srcset=\"https:\/\/www.voilco-aster.fr\/blog-sejours-vacances\/files\/2019\/08\/52D804AF-6E0D-41B5-BFF3-80F5BFD688A6-800x600.jpeg 800w, https:\/\/www.voilco-aster.fr\/blog-sejours-vacances\/files\/2019\/08\/52D804AF-6E0D-41B5-BFF3-80F5BFD688A6-300x225.jpeg 300w, https:\/\/www.voilco-aster.fr\/blog-sejours-vacances\/files\/2019\/08\/52D804AF-6E0D-41B5-BFF3-80F5BFD688A6-768x576.jpeg 768w, https:\/\/www.voilco-aster.fr\/blog-sejours-vacances\/files\/2019\/08\/52D804AF-6E0D-41B5-BFF3-80F5BFD688A6.jpeg 2048w\" sizes=\"auto, (max-width: 800px) 100vw, 800px\" \/><\/figure><\/li><li class=\"blocks-gallery-item\"><figure><img loading=\"lazy\" decoding=\"async\" width=\"800\" height=\"600\" src=\"https:\/\/www.voilco-aster.fr\/blog-sejours-vacances\/files\/2019\/08\/F37E6B4D-862C-436E-A0BA-F5B4411A3ECE-800x600.jpeg\" alt=\"\" data-id=\"6853\" data-link=\"https:\/\/www.voilco-aster.fr\/blog-sejours-vacances\/?attachment_id=6853\" class=\"wp-image-6853\" srcset=\"https:\/\/www.voilco-aster.fr\/blog-sejours-vacances\/files\/2019\/08\/F37E6B4D-862C-436E-A0BA-F5B4411A3ECE-800x600.jpeg 800w, https:\/\/www.voilco-aster.fr\/blog-sejours-vacances\/files\/2019\/08\/F37E6B4D-862C-436E-A0BA-F5B4411A3ECE-300x225.jpeg 300w, https:\/\/www.voilco-aster.fr\/blog-sejours-vacances\/files\/2019\/08\/F37E6B4D-862C-436E-A0BA-F5B4411A3ECE-768x576.jpeg 768w, https:\/\/www.voilco-aster.fr\/blog-sejours-vacances\/files\/2019\/08\/F37E6B4D-862C-436E-A0BA-F5B4411A3ECE.jpeg 2048w\" sizes=\"auto, (max-width: 800px) 100vw, 800px\" \/><\/figure><\/li><li class=\"blocks-gallery-item\"><figure><img loading=\"lazy\" decoding=\"async\" width=\"800\" height=\"600\" src=\"https:\/\/www.voilco-aster.fr\/blog-sejours-vacances\/files\/2019\/08\/9C8F0DCE-F706-4E29-9097-A0B4F9618991-800x600.jpeg\" alt=\"\" data-id=\"6854\" data-link=\"https:\/\/www.voilco-aster.fr\/blog-sejours-vacances\/?attachment_id=6854\" class=\"wp-image-6854\" srcset=\"https:\/\/www.voilco-aster.fr\/blog-sejours-vacances\/files\/2019\/08\/9C8F0DCE-F706-4E29-9097-A0B4F9618991-800x600.jpeg 800w, https:\/\/www.voilco-aster.fr\/blog-sejours-vacances\/files\/2019\/08\/9C8F0DCE-F706-4E29-9097-A0B4F9618991-300x225.jpeg 300w, https:\/\/www.voilco-aster.fr\/blog-sejours-vacances\/files\/2019\/08\/9C8F0DCE-F706-4E29-9097-A0B4F9618991-768x576.jpeg 768w, https:\/\/www.voilco-aster.fr\/blog-sejours-vacances\/files\/2019\/08\/9C8F0DCE-F706-4E29-9097-A0B4F9618991.jpeg 2048w\" sizes=\"auto, (max-width: 800px) 100vw, 800px\" \/><\/figure><\/li><li class=\"blocks-gallery-item\"><figure><img loading=\"lazy\" decoding=\"async\" width=\"800\" height=\"600\" src=\"https:\/\/www.voilco-aster.fr\/blog-sejours-vacances\/files\/2019\/08\/A057978B-0E97-4DC3-B885-706608D1F6B4-800x600.jpeg\" alt=\"\" data-id=\"6855\" data-link=\"https:\/\/www.voilco-aster.fr\/blog-sejours-vacances\/?attachment_id=6855\" class=\"wp-image-6855\" srcset=\"https:\/\/www.voilco-aster.fr\/blog-sejours-vacances\/files\/2019\/08\/A057978B-0E97-4DC3-B885-706608D1F6B4-800x600.jpeg 800w, https:\/\/www.voilco-aster.fr\/blog-sejours-vacances\/files\/2019\/08\/A057978B-0E97-4DC3-B885-706608D1F6B4-300x225.jpeg 300w, https:\/\/www.voilco-aster.fr\/blog-sejours-vacances\/files\/2019\/08\/A057978B-0E97-4DC3-B885-706608D1F6B4-768x576.jpeg 768w, https:\/\/www.voilco-aster.fr\/blog-sejours-vacances\/files\/2019\/08\/A057978B-0E97-4DC3-B885-706608D1F6B4.jpeg 2048w\" sizes=\"auto, (max-width: 800px) 100vw, 800px\" \/><\/figure><\/li><li class=\"blocks-gallery-item\"><figure><img loading=\"lazy\" decoding=\"async\" width=\"450\" height=\"800\" src=\"https:\/\/www.voilco-aster.fr\/blog-sejours-vacances\/files\/2019\/08\/2D87946D-A9C1-41F8-ACEE-3D45C553A39D-450x800.jpeg\" alt=\"\" data-id=\"6856\" data-link=\"https:\/\/www.voilco-aster.fr\/blog-sejours-vacances\/?attachment_id=6856\" class=\"wp-image-6856\" srcset=\"https:\/\/www.voilco-aster.fr\/blog-sejours-vacances\/files\/2019\/08\/2D87946D-A9C1-41F8-ACEE-3D45C553A39D-450x800.jpeg 450w, https:\/\/www.voilco-aster.fr\/blog-sejours-vacances\/files\/2019\/08\/2D87946D-A9C1-41F8-ACEE-3D45C553A39D-169x300.jpeg 169w, https:\/\/www.voilco-aster.fr\/blog-sejours-vacances\/files\/2019\/08\/2D87946D-A9C1-41F8-ACEE-3D45C553A39D.jpeg 750w\" sizes=\"auto, (max-width: 450px) 100vw, 450px\" \/><\/figure><\/li><li class=\"blocks-gallery-item\"><figure><img loading=\"lazy\" decoding=\"async\" width=\"450\" height=\"800\" src=\"https:\/\/www.voilco-aster.fr\/blog-sejours-vacances\/files\/2019\/08\/499BDB15-F54E-45AE-92DD-9A7E4149F48A-450x800.jpeg\" alt=\"\" data-id=\"6857\" data-link=\"https:\/\/www.voilco-aster.fr\/blog-sejours-vacances\/?attachment_id=6857\" class=\"wp-image-6857\" srcset=\"https:\/\/www.voilco-aster.fr\/blog-sejours-vacances\/files\/2019\/08\/499BDB15-F54E-45AE-92DD-9A7E4149F48A-450x800.jpeg 450w, https:\/\/www.voilco-aster.fr\/blog-sejours-vacances\/files\/2019\/08\/499BDB15-F54E-45AE-92DD-9A7E4149F48A-169x300.jpeg 169w, https:\/\/www.voilco-aster.fr\/blog-sejours-vacances\/files\/2019\/08\/499BDB15-F54E-45AE-92DD-9A7E4149F48A.jpeg 750w\" sizes=\"auto, (max-width: 450px) 100vw, 450px\" \/><\/figure><\/li><li class=\"blocks-gallery-item\"><figure><img loading=\"lazy\" decoding=\"async\" width=\"450\" height=\"800\" src=\"https:\/\/www.voilco-aster.fr\/blog-sejours-vacances\/files\/2019\/08\/56C32F07-424E-4553-9A4D-AED31BDCB142-450x800.jpeg\" alt=\"\" data-id=\"6858\" data-link=\"https:\/\/www.voilco-aster.fr\/blog-sejours-vacances\/?attachment_id=6858\" class=\"wp-image-6858\" srcset=\"https:\/\/www.voilco-aster.fr\/blog-sejours-vacances\/files\/2019\/08\/56C32F07-424E-4553-9A4D-AED31BDCB142-450x800.jpeg 450w, https:\/\/www.voilco-aster.fr\/blog-sejours-vacances\/files\/2019\/08\/56C32F07-424E-4553-9A4D-AED31BDCB142-169x300.jpeg 169w, https:\/\/www.voilco-aster.fr\/blog-sejours-vacances\/files\/2019\/08\/56C32F07-424E-4553-9A4D-AED31BDCB142.jpeg 750w\" sizes=\"auto, (max-width: 450px) 100vw, 450px\" \/><\/figure><\/li><li class=\"blocks-gallery-item\"><figure><img loading=\"lazy\" decoding=\"async\" width=\"450\" height=\"800\" src=\"https:\/\/www.voilco-aster.fr\/blog-sejours-vacances\/files\/2019\/08\/F75E3129-D65A-4DAA-BD88-14BEDA909B30-450x800.jpeg\" alt=\"\" data-id=\"6859\" data-link=\"https:\/\/www.voilco-aster.fr\/blog-sejours-vacances\/?attachment_id=6859\" class=\"wp-image-6859\" srcset=\"https:\/\/www.voilco-aster.fr\/blog-sejours-vacances\/files\/2019\/08\/F75E3129-D65A-4DAA-BD88-14BEDA909B30-450x800.jpeg 450w, https:\/\/www.voilco-aster.fr\/blog-sejours-vacances\/files\/2019\/08\/F75E3129-D65A-4DAA-BD88-14BEDA909B30-169x300.jpeg 169w, https:\/\/www.voilco-aster.fr\/blog-sejours-vacances\/files\/2019\/08\/F75E3129-D65A-4DAA-BD88-14BEDA909B30.jpeg 750w\" sizes=\"auto, (max-width: 450px) 100vw, 450px\" \/><\/figure><\/li><li class=\"blocks-gallery-item\"><figure><img loading=\"lazy\" decoding=\"async\" width=\"450\" height=\"800\" src=\"https:\/\/www.voilco-aster.fr\/blog-sejours-vacances\/files\/2019\/08\/ED1CD063-2ABE-4B6D-9F39-D6B1E16BBCB4-450x800.jpeg\" alt=\"\" data-id=\"6860\" data-link=\"https:\/\/www.voilco-aster.fr\/blog-sejours-vacances\/?attachment_id=6860\" class=\"wp-image-6860\" srcset=\"https:\/\/www.voilco-aster.fr\/blog-sejours-vacances\/files\/2019\/08\/ED1CD063-2ABE-4B6D-9F39-D6B1E16BBCB4-450x800.jpeg 450w, https:\/\/www.voilco-aster.fr\/blog-sejours-vacances\/files\/2019\/08\/ED1CD063-2ABE-4B6D-9F39-D6B1E16BBCB4-169x300.jpeg 169w, https:\/\/www.voilco-aster.fr\/blog-sejours-vacances\/files\/2019\/08\/ED1CD063-2ABE-4B6D-9F39-D6B1E16BBCB4.jpeg 750w\" sizes=\"auto, (max-width: 450px) 100vw, 450px\" \/><\/figure><\/li><li class=\"blocks-gallery-item\"><figure><img loading=\"lazy\" decoding=\"async\" width=\"450\" height=\"800\" src=\"https:\/\/www.voilco-aster.fr\/blog-sejours-vacances\/files\/2019\/08\/F7133CBF-EA99-4402-9C66-4FB5A4CE73E5-450x800.jpeg\" alt=\"\" data-id=\"6861\" data-link=\"https:\/\/www.voilco-aster.fr\/blog-sejours-vacances\/?attachment_id=6861\" class=\"wp-image-6861\" srcset=\"https:\/\/www.voilco-aster.fr\/blog-sejours-vacances\/files\/2019\/08\/F7133CBF-EA99-4402-9C66-4FB5A4CE73E5-450x800.jpeg 450w, https:\/\/www.voilco-aster.fr\/blog-sejours-vacances\/files\/2019\/08\/F7133CBF-EA99-4402-9C66-4FB5A4CE73E5-169x300.jpeg 169w, https:\/\/www.voilco-aster.fr\/blog-sejours-vacances\/files\/2019\/08\/F7133CBF-EA99-4402-9C66-4FB5A4CE73E5.jpeg 750w\" sizes=\"auto, (max-width: 450px) 100vw, 450px\" \/><\/figure><\/li><li class=\"blocks-gallery-item\"><figure><img loading=\"lazy\" decoding=\"async\" width=\"450\" height=\"800\" src=\"https:\/\/www.voilco-aster.fr\/blog-sejours-vacances\/files\/2019\/08\/C8D727D4-C9F9-4BB8-98AE-6CEAB0C4F172-450x800.jpeg\" alt=\"\" data-id=\"6862\" data-link=\"https:\/\/www.voilco-aster.fr\/blog-sejours-vacances\/?attachment_id=6862\" class=\"wp-image-6862\" srcset=\"https:\/\/www.voilco-aster.fr\/blog-sejours-vacances\/files\/2019\/08\/C8D727D4-C9F9-4BB8-98AE-6CEAB0C4F172-450x800.jpeg 450w, https:\/\/www.voilco-aster.fr\/blog-sejours-vacances\/files\/2019\/08\/C8D727D4-C9F9-4BB8-98AE-6CEAB0C4F172-169x300.jpeg 169w, https:\/\/www.voilco-aster.fr\/blog-sejours-vacances\/files\/2019\/08\/C8D727D4-C9F9-4BB8-98AE-6CEAB0C4F172.jpeg 750w\" sizes=\"auto, (max-width: 450px) 100vw, 450px\" \/><\/figure><\/li><li class=\"blocks-gallery-item\"><figure><img loading=\"lazy\" decoding=\"async\" width=\"800\" height=\"600\" src=\"https:\/\/www.voilco-aster.fr\/blog-sejours-vacances\/files\/2019\/08\/D6FC229C-4C14-4260-9111-2F6BCCFBCD8C-800x600.jpeg\" alt=\"\" data-id=\"6863\" data-link=\"https:\/\/www.voilco-aster.fr\/blog-sejours-vacances\/?attachment_id=6863\" class=\"wp-image-6863\" srcset=\"https:\/\/www.voilco-aster.fr\/blog-sejours-vacances\/files\/2019\/08\/D6FC229C-4C14-4260-9111-2F6BCCFBCD8C-800x600.jpeg 800w, https:\/\/www.voilco-aster.fr\/blog-sejours-vacances\/files\/2019\/08\/D6FC229C-4C14-4260-9111-2F6BCCFBCD8C-300x225.jpeg 300w, https:\/\/www.voilco-aster.fr\/blog-sejours-vacances\/files\/2019\/08\/D6FC229C-4C14-4260-9111-2F6BCCFBCD8C-768x576.jpeg 768w, https:\/\/www.voilco-aster.fr\/blog-sejours-vacances\/files\/2019\/08\/D6FC229C-4C14-4260-9111-2F6BCCFBCD8C.jpeg 2048w\" sizes=\"auto, (max-width: 800px) 100vw, 800px\" \/><\/figure><\/li><li class=\"blocks-gallery-item\"><figure><img loading=\"lazy\" decoding=\"async\" width=\"800\" height=\"600\" src=\"https:\/\/www.voilco-aster.fr\/blog-sejours-vacances\/files\/2019\/08\/738D7ADD-C839-492B-8CA8-918C71394F3D-800x600.jpeg\" alt=\"\" data-id=\"6864\" data-link=\"https:\/\/www.voilco-aster.fr\/blog-sejours-vacances\/?attachment_id=6864\" class=\"wp-image-6864\" srcset=\"https:\/\/www.voilco-aster.fr\/blog-sejours-vacances\/files\/2019\/08\/738D7ADD-C839-492B-8CA8-918C71394F3D-800x600.jpeg 800w, https:\/\/www.voilco-aster.fr\/blog-sejours-vacances\/files\/2019\/08\/738D7ADD-C839-492B-8CA8-918C71394F3D-300x225.jpeg 300w, https:\/\/www.voilco-aster.fr\/blog-sejours-vacances\/files\/2019\/08\/738D7ADD-C839-492B-8CA8-918C71394F3D-768x576.jpeg 768w, https:\/\/www.voilco-aster.fr\/blog-sejours-vacances\/files\/2019\/08\/738D7ADD-C839-492B-8CA8-918C71394F3D.jpeg 2048w\" sizes=\"auto, (max-width: 800px) 100vw, 800px\" \/><\/figure><\/li><li class=\"blocks-gallery-item\"><figure><img loading=\"lazy\" decoding=\"async\" width=\"800\" height=\"600\" src=\"https:\/\/www.voilco-aster.fr\/blog-sejours-vacances\/files\/2019\/08\/D9AACD0F-9F07-418E-B7E2-88259D777E95-800x600.jpeg\" alt=\"\" data-id=\"6865\" data-link=\"https:\/\/www.voilco-aster.fr\/blog-sejours-vacances\/?attachment_id=6865\" class=\"wp-image-6865\" srcset=\"https:\/\/www.voilco-aster.fr\/blog-sejours-vacances\/files\/2019\/08\/D9AACD0F-9F07-418E-B7E2-88259D777E95-800x600.jpeg 800w, https:\/\/www.voilco-aster.fr\/blog-sejours-vacances\/files\/2019\/08\/D9AACD0F-9F07-418E-B7E2-88259D777E95-300x225.jpeg 300w, https:\/\/www.voilco-aster.fr\/blog-sejours-vacances\/files\/2019\/08\/D9AACD0F-9F07-418E-B7E2-88259D777E95-768x576.jpeg 768w, https:\/\/www.voilco-aster.fr\/blog-sejours-vacances\/files\/2019\/08\/D9AACD0F-9F07-418E-B7E2-88259D777E95.jpeg 2048w\" sizes=\"auto, (max-width: 800px) 100vw, 800px\" \/><\/figure><\/li><li class=\"blocks-gallery-item\"><figure><img loading=\"lazy\" decoding=\"async\" width=\"800\" height=\"600\" src=\"https:\/\/www.voilco-aster.fr\/blog-sejours-vacances\/files\/2019\/08\/1C4A0F87-F8F2-4E5B-BD7F-D5ECA25C2642-800x600.jpeg\" alt=\"\" data-id=\"6866\" data-link=\"https:\/\/www.voilco-aster.fr\/blog-sejours-vacances\/?attachment_id=6866\" class=\"wp-image-6866\" srcset=\"https:\/\/www.voilco-aster.fr\/blog-sejours-vacances\/files\/2019\/08\/1C4A0F87-F8F2-4E5B-BD7F-D5ECA25C2642-800x600.jpeg 800w, https:\/\/www.voilco-aster.fr\/blog-sejours-vacances\/files\/2019\/08\/1C4A0F87-F8F2-4E5B-BD7F-D5ECA25C2642-300x225.jpeg 300w, https:\/\/www.voilco-aster.fr\/blog-sejours-vacances\/files\/2019\/08\/1C4A0F87-F8F2-4E5B-BD7F-D5ECA25C2642-768x576.jpeg 768w, https:\/\/www.voilco-aster.fr\/blog-sejours-vacances\/files\/2019\/08\/1C4A0F87-F8F2-4E5B-BD7F-D5ECA25C2642.jpeg 2048w\" sizes=\"auto, (max-width: 800px) 100vw, 800px\" \/><\/figure><\/li><li class=\"blocks-gallery-item\"><figure><img loading=\"lazy\" decoding=\"async\" width=\"800\" height=\"600\" src=\"https:\/\/www.voilco-aster.fr\/blog-sejours-vacances\/files\/2019\/08\/15E2EC2E-1D43-443D-97F5-63A715E0A71E-800x600.jpeg\" alt=\"\" data-id=\"6867\" data-link=\"https:\/\/www.voilco-aster.fr\/blog-sejours-vacances\/?attachment_id=6867\" class=\"wp-image-6867\" srcset=\"https:\/\/www.voilco-aster.fr\/blog-sejours-vacances\/files\/2019\/08\/15E2EC2E-1D43-443D-97F5-63A715E0A71E-800x600.jpeg 800w, https:\/\/www.voilco-aster.fr\/blog-sejours-vacances\/files\/2019\/08\/15E2EC2E-1D43-443D-97F5-63A715E0A71E-300x225.jpeg 300w, https:\/\/www.voilco-aster.fr\/blog-sejours-vacances\/files\/2019\/08\/15E2EC2E-1D43-443D-97F5-63A715E0A71E-768x576.jpeg 768w, https:\/\/www.voilco-aster.fr\/blog-sejours-vacances\/files\/2019\/08\/15E2EC2E-1D43-443D-97F5-63A715E0A71E.jpeg 2048w\" sizes=\"auto, (max-width: 800px) 100vw, 800px\" \/><\/figure><\/li><li class=\"blocks-gallery-item\"><figure><img loading=\"lazy\" decoding=\"async\" width=\"800\" height=\"600\" src=\"https:\/\/www.voilco-aster.fr\/blog-sejours-vacances\/files\/2019\/08\/4BEB75ED-2C37-4DD9-B71C-8237AEFCC9A8-800x600.jpeg\" alt=\"\" data-id=\"6868\" data-link=\"https:\/\/www.voilco-aster.fr\/blog-sejours-vacances\/?attachment_id=6868\" class=\"wp-image-6868\" srcset=\"https:\/\/www.voilco-aster.fr\/blog-sejours-vacances\/files\/2019\/08\/4BEB75ED-2C37-4DD9-B71C-8237AEFCC9A8-800x600.jpeg 800w, https:\/\/www.voilco-aster.fr\/blog-sejours-vacances\/files\/2019\/08\/4BEB75ED-2C37-4DD9-B71C-8237AEFCC9A8-300x225.jpeg 300w, https:\/\/www.voilco-aster.fr\/blog-sejours-vacances\/files\/2019\/08\/4BEB75ED-2C37-4DD9-B71C-8237AEFCC9A8-768x576.jpeg 768w, https:\/\/www.voilco-aster.fr\/blog-sejours-vacances\/files\/2019\/08\/4BEB75ED-2C37-4DD9-B71C-8237AEFCC9A8.jpeg 2048w\" sizes=\"auto, (max-width: 800px) 100vw, 800px\" \/><\/figure><\/li><li class=\"blocks-gallery-item\"><figure><img loading=\"lazy\" decoding=\"async\" width=\"800\" height=\"600\" src=\"https:\/\/www.voilco-aster.fr\/blog-sejours-vacances\/files\/2019\/08\/246FEC93-DFAD-49CF-8562-C3DAF612FACC-800x600.jpeg\" alt=\"\" data-id=\"6869\" data-link=\"https:\/\/www.voilco-aster.fr\/blog-sejours-vacances\/?attachment_id=6869\" class=\"wp-image-6869\" srcset=\"https:\/\/www.voilco-aster.fr\/blog-sejours-vacances\/files\/2019\/08\/246FEC93-DFAD-49CF-8562-C3DAF612FACC-800x600.jpeg 800w, https:\/\/www.voilco-aster.fr\/blog-sejours-vacances\/files\/2019\/08\/246FEC93-DFAD-49CF-8562-C3DAF612FACC-300x225.jpeg 300w, https:\/\/www.voilco-aster.fr\/blog-sejours-vacances\/files\/2019\/08\/246FEC93-DFAD-49CF-8562-C3DAF612FACC-768x576.jpeg 768w, https:\/\/www.voilco-aster.fr\/blog-sejours-vacances\/files\/2019\/08\/246FEC93-DFAD-49CF-8562-C3DAF612FACC.jpeg 2048w\" sizes=\"auto, (max-width: 800px) 100vw, 800px\" \/><\/figure><\/li><li class=\"blocks-gallery-item\"><figure><img loading=\"lazy\" decoding=\"async\" width=\"800\" height=\"600\" src=\"https:\/\/www.voilco-aster.fr\/blog-sejours-vacances\/files\/2019\/08\/FA535339-F605-4D28-87F3-8EA744479E5D-800x600.jpeg\" alt=\"\" data-id=\"6870\" data-link=\"https:\/\/www.voilco-aster.fr\/blog-sejours-vacances\/?attachment_id=6870\" class=\"wp-image-6870\" srcset=\"https:\/\/www.voilco-aster.fr\/blog-sejours-vacances\/files\/2019\/08\/FA535339-F605-4D28-87F3-8EA744479E5D-800x600.jpeg 800w, https:\/\/www.voilco-aster.fr\/blog-sejours-vacances\/files\/2019\/08\/FA535339-F605-4D28-87F3-8EA744479E5D-300x225.jpeg 300w, https:\/\/www.voilco-aster.fr\/blog-sejours-vacances\/files\/2019\/08\/FA535339-F605-4D28-87F3-8EA744479E5D-768x576.jpeg 768w, https:\/\/www.voilco-aster.fr\/blog-sejours-vacances\/files\/2019\/08\/FA535339-F605-4D28-87F3-8EA744479E5D.jpeg 2048w\" sizes=\"auto, (max-width: 800px) 100vw, 800px\" \/><\/figure><\/li><li class=\"blocks-gallery-item\"><figure><img loading=\"lazy\" decoding=\"async\" width=\"600\" height=\"800\" src=\"https:\/\/www.voilco-aster.fr\/blog-sejours-vacances\/files\/2019\/08\/1D171258-55C7-4AD6-A0D1-5222B276C137-600x800.jpeg\" alt=\"\" data-id=\"6871\" data-link=\"https:\/\/www.voilco-aster.fr\/blog-sejours-vacances\/?attachment_id=6871\" class=\"wp-image-6871\" srcset=\"https:\/\/www.voilco-aster.fr\/blog-sejours-vacances\/files\/2019\/08\/1D171258-55C7-4AD6-A0D1-5222B276C137-600x800.jpeg 600w, https:\/\/www.voilco-aster.fr\/blog-sejours-vacances\/files\/2019\/08\/1D171258-55C7-4AD6-A0D1-5222B276C137-225x300.jpeg 225w, https:\/\/www.voilco-aster.fr\/blog-sejours-vacances\/files\/2019\/08\/1D171258-55C7-4AD6-A0D1-5222B276C137-768x1024.jpeg 768w, https:\/\/www.voilco-aster.fr\/blog-sejours-vacances\/files\/2019\/08\/1D171258-55C7-4AD6-A0D1-5222B276C137.jpeg 1536w\" sizes=\"auto, (max-width: 600px) 100vw, 600px\" \/><\/figure><\/li><li class=\"blocks-gallery-item\"><figure><img loading=\"lazy\" decoding=\"async\" width=\"800\" height=\"600\" src=\"https:\/\/www.voilco-aster.fr\/blog-sejours-vacances\/files\/2019\/08\/E634FF77-3C0B-477E-AAB1-D972553313BF-800x600.jpeg\" alt=\"\" data-id=\"6872\" data-link=\"https:\/\/www.voilco-aster.fr\/blog-sejours-vacances\/?attachment_id=6872\" class=\"wp-image-6872\" srcset=\"https:\/\/www.voilco-aster.fr\/blog-sejours-vacances\/files\/2019\/08\/E634FF77-3C0B-477E-AAB1-D972553313BF-800x600.jpeg 800w, https:\/\/www.voilco-aster.fr\/blog-sejours-vacances\/files\/2019\/08\/E634FF77-3C0B-477E-AAB1-D972553313BF-300x225.jpeg 300w, https:\/\/www.voilco-aster.fr\/blog-sejours-vacances\/files\/2019\/08\/E634FF77-3C0B-477E-AAB1-D972553313BF-768x576.jpeg 768w, https:\/\/www.voilco-aster.fr\/blog-sejours-vacances\/files\/2019\/08\/E634FF77-3C0B-477E-AAB1-D972553313BF.jpeg 2048w\" sizes=\"auto, (max-width: 800px) 100vw, 800px\" \/><\/figure><\/li><li class=\"blocks-gallery-item\"><figure><img loading=\"lazy\" decoding=\"async\" width=\"800\" height=\"600\" src=\"https:\/\/www.voilco-aster.fr\/blog-sejours-vacances\/files\/2019\/08\/901E87AC-60D6-401F-8773-690A18635E6E-800x600.jpeg\" alt=\"\" data-id=\"6873\" data-link=\"https:\/\/www.voilco-aster.fr\/blog-sejours-vacances\/?attachment_id=6873\" class=\"wp-image-6873\" srcset=\"https:\/\/www.voilco-aster.fr\/blog-sejours-vacances\/files\/2019\/08\/901E87AC-60D6-401F-8773-690A18635E6E-800x600.jpeg 800w, https:\/\/www.voilco-aster.fr\/blog-sejours-vacances\/files\/2019\/08\/901E87AC-60D6-401F-8773-690A18635E6E-300x225.jpeg 300w, https:\/\/www.voilco-aster.fr\/blog-sejours-vacances\/files\/2019\/08\/901E87AC-60D6-401F-8773-690A18635E6E-768x576.jpeg 768w, https:\/\/www.voilco-aster.fr\/blog-sejours-vacances\/files\/2019\/08\/901E87AC-60D6-401F-8773-690A18635E6E.jpeg 2048w\" sizes=\"auto, (max-width: 800px) 100vw, 800px\" \/><\/figure><\/li><li class=\"blocks-gallery-item\"><figure><img loading=\"lazy\" decoding=\"async\" width=\"800\" height=\"600\" src=\"https:\/\/www.voilco-aster.fr\/blog-sejours-vacances\/files\/2019\/08\/28C7C771-ED82-40AD-BD76-996F0B4B954F-800x600.jpeg\" alt=\"\" data-id=\"6874\" data-link=\"https:\/\/www.voilco-aster.fr\/blog-sejours-vacances\/?attachment_id=6874\" class=\"wp-image-6874\" srcset=\"https:\/\/www.voilco-aster.fr\/blog-sejours-vacances\/files\/2019\/08\/28C7C771-ED82-40AD-BD76-996F0B4B954F-800x600.jpeg 800w, https:\/\/www.voilco-aster.fr\/blog-sejours-vacances\/files\/2019\/08\/28C7C771-ED82-40AD-BD76-996F0B4B954F-300x225.jpeg 300w, https:\/\/www.voilco-aster.fr\/blog-sejours-vacances\/files\/2019\/08\/28C7C771-ED82-40AD-BD76-996F0B4B954F-768x576.jpeg 768w, https:\/\/www.voilco-aster.fr\/blog-sejours-vacances\/files\/2019\/08\/28C7C771-ED82-40AD-BD76-996F0B4B954F.jpeg 2048w\" sizes=\"auto, (max-width: 800px) 100vw, 800px\" \/><\/figure><\/li><li class=\"blocks-gallery-item\"><figure><img loading=\"lazy\" decoding=\"async\" width=\"800\" height=\"600\" src=\"https:\/\/www.voilco-aster.fr\/blog-sejours-vacances\/files\/2019\/08\/E6198A9D-EB09-4609-B6F5-7A2A415C42CF-800x600.jpeg\" alt=\"\" data-id=\"6875\" data-link=\"https:\/\/www.voilco-aster.fr\/blog-sejours-vacances\/?attachment_id=6875\" class=\"wp-image-6875\" srcset=\"https:\/\/www.voilco-aster.fr\/blog-sejours-vacances\/files\/2019\/08\/E6198A9D-EB09-4609-B6F5-7A2A415C42CF-800x600.jpeg 800w, https:\/\/www.voilco-aster.fr\/blog-sejours-vacances\/files\/2019\/08\/E6198A9D-EB09-4609-B6F5-7A2A415C42CF-300x225.jpeg 300w, https:\/\/www.voilco-aster.fr\/blog-sejours-vacances\/files\/2019\/08\/E6198A9D-EB09-4609-B6F5-7A2A415C42CF-768x576.jpeg 768w, https:\/\/www.voilco-aster.fr\/blog-sejours-vacances\/files\/2019\/08\/E6198A9D-EB09-4609-B6F5-7A2A415C42CF.jpeg 2048w\" sizes=\"auto, (max-width: 800px) 100vw, 800px\" \/><\/figure><\/li><\/ul>\n","protected":false},"excerpt":{"rendered":"<p>Apr\u00e8s 3 jours de rando o\u00f9 il ont mont\u00e9 les tentes, pr\u00e9par\u00e9 le feu. Ils ont v\u00e9cu pendant 3 jours comme des aventuriers. Ils auront plein de souvenirs \u00e0 vous raconter.<\/p>\n","protected":false},"author":6,"featured_media":0,"comment_status":"open","ping_status":"closed","sticky":false,"template":"","format":"standard","meta":{"footnotes":""},"categories":[1],"tags":[],"class_list":["post-6850","post","type-post","status-publish","format-standard","hentry","category-sejours-ete"],"_links":{"self":[{"href":"https:\/\/www.voilco-aster.fr\/blog-sejours-vacances\/wp-json\/wp\/v2\/posts\/6850","targetHints":{"allow":["GET"]}}],"collection":[{"href":"https:\/\/www.voilco-aster.fr\/blog-sejours-vacances\/wp-json\/wp\/v2\/posts"}],"about":[{"href":"https:\/\/www.voilco-aster.fr\/blog-sejours-vacances\/wp-json\/wp\/v2\/types\/post"}],"author":[{"embeddable":true,"href":"https:\/\/www.voilco-aster.fr\/blog-sejours-vacances\/wp-json\/wp\/v2\/users\/6"}],"replies":[{"embeddable":true,"href":"https:\/\/www.voilco-aster.fr\/blog-sejours-vacances\/wp-json\/wp\/v2\/comments?post=6850"}],"version-history":[{"count":2,"href":"https:\/\/www.voilco-aster.fr\/blog-sejours-vacances\/wp-json\/wp\/v2\/posts\/6850\/revisions"}],"predecessor-version":[{"id":6878,"href":"https:\/\/www.voilco-aster.fr\/blog-sejours-vacances\/wp-json\/wp\/v2\/posts\/6850\/revisions\/6878"}],"wp:attachment":[{"href":"https:\/\/www.voilco-aster.fr\/blog-sejours-vacances\/wp-json\/wp\/v2\/media?parent=6850"}],"wp:term":[{"taxonomy":"category","embeddable":true,"href":"https:\/\/www.voilco-aster.fr\/blog-sejours-vacances\/wp-json\/wp\/v2\/categories?post=6850"},{"taxonomy":"post_tag","embeddable":true,"href":"https:\/\/www.voilco-aster.fr\/blog-sejours-vacances\/wp-json\/wp\/v2\/tags?post=6850"}],"curies":[{"name":"wp","href":"https:\/\/api.w.org\/{rel}","templated":true}]}}