{"id":6881,"date":"2019-08-21T17:51:15","date_gmt":"2019-08-21T16:51:15","guid":{"rendered":"https:\/\/www.voilco-aster.fr\/blog-sejours-vacances\/?p=6881"},"modified":"2019-08-22T20:16:51","modified_gmt":"2019-08-22T19:16:51","slug":"voila-cest-fini-2","status":"publish","type":"post","link":"https:\/\/www.voilco-aster.fr\/blog-sejours-vacances\/2019\/08\/21\/voila-cest-fini-2\/","title":{"rendered":"Voil\u00e0 c\u2019est fini"},"content":{"rendered":"\n<p>Les enfants ont exprim\u00e9 hier soir au dernier forum leurs sentiments sur leurs vacances qui sont plut\u00f4t positives. Ils sont partis ce matin de leur centre le coeur plein de souvenirs et d\u2019amiti\u00e9 mais les yeux remplis de larmes. Vous nous manquez d\u00e9j\u00e0. <\/p>\n\n\n\n<p>Vos enfants ont \u00e9t\u00e9 pendant ces s\u00e9jours parfaitement eux m\u00eames avec des jours bien et d\u2019autres moins bien. Dans l\u2019ensemble, nous avons v\u00e9cu 21 jours g\u00e9niaux : on a ri, on a pleur\u00e9 et d\u00e8s fois on a fait les gros yeux. <\/p>\n\n\n\n<p>Cela restera \u00e0 jamais grav\u00e9 dans leur m\u00e9moire. <\/p>\n\n\n\n<p>Aujourd\u2019hui est paru l\u2019article sur notre journal locale La Montagne car un journaliste \u00e9tait pr\u00e9sent lors du final du projet Haribo avec les grands et les petits.<\/p>\n\n\n\n<figure class=\"wp-block-image\"><img loading=\"lazy\" decoding=\"async\" width=\"693\" height=\"800\" src=\"https:\/\/www.voilco-aster.fr\/blog-sejours-vacances\/files\/2019\/08\/B5810E0B-0F75-470E-AE0C-2317F16DDB7C-693x800.jpeg\" alt=\"\" class=\"wp-image-6882\" srcset=\"https:\/\/www.voilco-aster.fr\/blog-sejours-vacances\/files\/2019\/08\/B5810E0B-0F75-470E-AE0C-2317F16DDB7C-693x800.jpeg 693w, https:\/\/www.voilco-aster.fr\/blog-sejours-vacances\/files\/2019\/08\/B5810E0B-0F75-470E-AE0C-2317F16DDB7C-260x300.jpeg 260w, https:\/\/www.voilco-aster.fr\/blog-sejours-vacances\/files\/2019\/08\/B5810E0B-0F75-470E-AE0C-2317F16DDB7C-768x887.jpeg 768w, https:\/\/www.voilco-aster.fr\/blog-sejours-vacances\/files\/2019\/08\/B5810E0B-0F75-470E-AE0C-2317F16DDB7C.jpeg 1675w\" sizes=\"auto, (max-width: 693px) 100vw, 693px\" \/><\/figure>\n\n\n\n<p> <\/p>\n","protected":false},"excerpt":{"rendered":"<p>Les enfants ont exprim\u00e9 hier soir au dernier forum leurs sentiments sur leurs vacances qui sont plut\u00f4t positives. Ils sont partis ce matin de leur centre le coeur plein de souvenirs et d\u2019amiti\u00e9 mais les yeux remplis de larmes. Vous nous manquez d\u00e9j\u00e0. Vos enfants ont \u00e9t\u00e9 pendant ces s\u00e9jours parfaitement eux m\u00eames avec des &hellip; <a href=\"https:\/\/www.voilco-aster.fr\/blog-sejours-vacances\/2019\/08\/21\/voila-cest-fini-2\/\" class=\"more-link\">Continuer la lecture de <span class=\"screen-reader-text\">Voil\u00e0 c\u2019est fini<\/span><\/a><\/p>\n","protected":false},"author":6,"featured_media":0,"comment_status":"open","ping_status":"closed","sticky":false,"template":"","format":"standard","meta":{"footnotes":""},"categories":[1],"tags":[],"class_list":["post-6881","post","type-post","status-publish","format-standard","hentry","category-sejours-ete"],"_links":{"self":[{"href":"https:\/\/www.voilco-aster.fr\/blog-sejours-vacances\/wp-json\/wp\/v2\/posts\/6881","targetHints":{"allow":["GET"]}}],"collection":[{"href":"https:\/\/www.voilco-aster.fr\/blog-sejours-vacances\/wp-json\/wp\/v2\/posts"}],"about":[{"href":"https:\/\/www.voilco-aster.fr\/blog-sejours-vacances\/wp-json\/wp\/v2\/types\/post"}],"author":[{"embeddable":true,"href":"https:\/\/www.voilco-aster.fr\/blog-sejours-vacances\/wp-json\/wp\/v2\/users\/6"}],"replies":[{"embeddable":true,"href":"https:\/\/www.voilco-aster.fr\/blog-sejours-vacances\/wp-json\/wp\/v2\/comments?post=6881"}],"version-history":[{"count":2,"href":"https:\/\/www.voilco-aster.fr\/blog-sejours-vacances\/wp-json\/wp\/v2\/posts\/6881\/revisions"}],"predecessor-version":[{"id":6884,"href":"https:\/\/www.voilco-aster.fr\/blog-sejours-vacances\/wp-json\/wp\/v2\/posts\/6881\/revisions\/6884"}],"wp:attachment":[{"href":"https:\/\/www.voilco-aster.fr\/blog-sejours-vacances\/wp-json\/wp\/v2\/media?parent=6881"}],"wp:term":[{"taxonomy":"category","embeddable":true,"href":"https:\/\/www.voilco-aster.fr\/blog-sejours-vacances\/wp-json\/wp\/v2\/categories?post=6881"},{"taxonomy":"post_tag","embeddable":true,"href":"https:\/\/www.voilco-aster.fr\/blog-sejours-vacances\/wp-json\/wp\/v2\/tags?post=6881"}],"curies":[{"name":"wp","href":"https:\/\/api.w.org\/{rel}","templated":true}]}}