{"id":6905,"date":"2020-07-11T23:31:15","date_gmt":"2020-07-11T22:31:15","guid":{"rendered":"https:\/\/www.voilco-aster.fr\/blog-sejours-vacances\/?p=6905"},"modified":"2020-07-11T23:31:16","modified_gmt":"2020-07-11T22:31:16","slug":"premiere-journee-sur-la-presquile-de-viam","status":"publish","type":"post","link":"https:\/\/www.voilco-aster.fr\/blog-sejours-vacances\/2020\/07\/11\/premiere-journee-sur-la-presquile-de-viam\/","title":{"rendered":"Premi\u00e8re journ\u00e9e sur la presqu\u2019\u00eele de Viam !"},"content":{"rendered":"<p>Bonjour les parents !<\/p>\n<p>Cette premi\u00e8re journ\u00e9e \u00e9tait top ! Les activit\u00e9s sont g\u00e9niales et on s&rsquo;est fait plein de nouveaux amis !<\/p>\n<p>Les tentes sont super et les repas aussi.<\/p>\n<p>Voici quelques photos pour illustrer cette journ\u00e9e.<\/p>\n<p>Bonne soir\u00e9e et \u00e0 bient\u00f4t pour de prochaines nouvelles !<\/p>\n<p>Sign\u00e9 Justine et Julie<\/p>\n<p><img loading=\"lazy\" decoding=\"async\" src=\"https:\/\/www.voilco-aster.fr\/blog-sejours-vacances\/files\/2020\/07\/e9367439-e942-4905-a34c-2713577961eb.jpg\" class=\"size-full wp-image-6898\" width=\"1599\" height=\"1200\" srcset=\"https:\/\/www.voilco-aster.fr\/blog-sejours-vacances\/files\/2020\/07\/e9367439-e942-4905-a34c-2713577961eb.jpg 1599w, https:\/\/www.voilco-aster.fr\/blog-sejours-vacances\/files\/2020\/07\/e9367439-e942-4905-a34c-2713577961eb-300x225.jpg 300w, https:\/\/www.voilco-aster.fr\/blog-sejours-vacances\/files\/2020\/07\/e9367439-e942-4905-a34c-2713577961eb-800x600.jpg 800w, https:\/\/www.voilco-aster.fr\/blog-sejours-vacances\/files\/2020\/07\/e9367439-e942-4905-a34c-2713577961eb-768x576.jpg 768w, https:\/\/www.voilco-aster.fr\/blog-sejours-vacances\/files\/2020\/07\/e9367439-e942-4905-a34c-2713577961eb-1536x1153.jpg 1536w\" sizes=\"auto, (max-width: 1599px) 100vw, 1599px\" \/><img loading=\"lazy\" decoding=\"async\" src=\"https:\/\/www.voilco-aster.fr\/blog-sejours-vacances\/files\/2020\/07\/b30cf64a-32df-44c0-9130-b668b76d5b60.jpg\" class=\"size-full wp-image-6897\" width=\"1600\" height=\"1200\" srcset=\"https:\/\/www.voilco-aster.fr\/blog-sejours-vacances\/files\/2020\/07\/b30cf64a-32df-44c0-9130-b668b76d5b60.jpg 1600w, https:\/\/www.voilco-aster.fr\/blog-sejours-vacances\/files\/2020\/07\/b30cf64a-32df-44c0-9130-b668b76d5b60-300x225.jpg 300w, https:\/\/www.voilco-aster.fr\/blog-sejours-vacances\/files\/2020\/07\/b30cf64a-32df-44c0-9130-b668b76d5b60-800x600.jpg 800w, https:\/\/www.voilco-aster.fr\/blog-sejours-vacances\/files\/2020\/07\/b30cf64a-32df-44c0-9130-b668b76d5b60-768x576.jpg 768w, https:\/\/www.voilco-aster.fr\/blog-sejours-vacances\/files\/2020\/07\/b30cf64a-32df-44c0-9130-b668b76d5b60-1536x1152.jpg 1536w\" sizes=\"auto, (max-width: 1600px) 100vw, 1600px\" \/><img loading=\"lazy\" decoding=\"async\" src=\"https:\/\/www.voilco-aster.fr\/blog-sejours-vacances\/files\/2020\/07\/f0d1a8e5-816f-4ab9-b537-a9d7795c241b.jpg\" class=\"size-full wp-image-6899\" width=\"1599\" height=\"1200\" srcset=\"https:\/\/www.voilco-aster.fr\/blog-sejours-vacances\/files\/2020\/07\/f0d1a8e5-816f-4ab9-b537-a9d7795c241b.jpg 1599w, https:\/\/www.voilco-aster.fr\/blog-sejours-vacances\/files\/2020\/07\/f0d1a8e5-816f-4ab9-b537-a9d7795c241b-300x225.jpg 300w, https:\/\/www.voilco-aster.fr\/blog-sejours-vacances\/files\/2020\/07\/f0d1a8e5-816f-4ab9-b537-a9d7795c241b-800x600.jpg 800w, https:\/\/www.voilco-aster.fr\/blog-sejours-vacances\/files\/2020\/07\/f0d1a8e5-816f-4ab9-b537-a9d7795c241b-768x576.jpg 768w, https:\/\/www.voilco-aster.fr\/blog-sejours-vacances\/files\/2020\/07\/f0d1a8e5-816f-4ab9-b537-a9d7795c241b-1536x1153.jpg 1536w\" sizes=\"auto, (max-width: 1599px) 100vw, 1599px\" \/><img loading=\"lazy\" decoding=\"async\" src=\"https:\/\/www.voilco-aster.fr\/blog-sejours-vacances\/files\/2020\/07\/c05fafee-d22e-4697-a924-8b4058320ca4.jpg\" class=\"size-full wp-image-6901\" width=\"1599\" height=\"1200\" srcset=\"https:\/\/www.voilco-aster.fr\/blog-sejours-vacances\/files\/2020\/07\/c05fafee-d22e-4697-a924-8b4058320ca4.jpg 1599w, https:\/\/www.voilco-aster.fr\/blog-sejours-vacances\/files\/2020\/07\/c05fafee-d22e-4697-a924-8b4058320ca4-300x225.jpg 300w, https:\/\/www.voilco-aster.fr\/blog-sejours-vacances\/files\/2020\/07\/c05fafee-d22e-4697-a924-8b4058320ca4-800x600.jpg 800w, https:\/\/www.voilco-aster.fr\/blog-sejours-vacances\/files\/2020\/07\/c05fafee-d22e-4697-a924-8b4058320ca4-768x576.jpg 768w, https:\/\/www.voilco-aster.fr\/blog-sejours-vacances\/files\/2020\/07\/c05fafee-d22e-4697-a924-8b4058320ca4-1536x1153.jpg 1536w\" sizes=\"auto, (max-width: 1599px) 100vw, 1599px\" \/><img loading=\"lazy\" decoding=\"async\" src=\"https:\/\/www.voilco-aster.fr\/blog-sejours-vacances\/files\/2020\/07\/f54ecde7-b965-490d-8305-a1f32e3ae348.jpg\" class=\"size-full wp-image-6895\" width=\"1599\" height=\"1200\" srcset=\"https:\/\/www.voilco-aster.fr\/blog-sejours-vacances\/files\/2020\/07\/f54ecde7-b965-490d-8305-a1f32e3ae348.jpg 1599w, https:\/\/www.voilco-aster.fr\/blog-sejours-vacances\/files\/2020\/07\/f54ecde7-b965-490d-8305-a1f32e3ae348-300x225.jpg 300w, https:\/\/www.voilco-aster.fr\/blog-sejours-vacances\/files\/2020\/07\/f54ecde7-b965-490d-8305-a1f32e3ae348-800x600.jpg 800w, https:\/\/www.voilco-aster.fr\/blog-sejours-vacances\/files\/2020\/07\/f54ecde7-b965-490d-8305-a1f32e3ae348-768x576.jpg 768w, https:\/\/www.voilco-aster.fr\/blog-sejours-vacances\/files\/2020\/07\/f54ecde7-b965-490d-8305-a1f32e3ae348-1536x1153.jpg 1536w\" sizes=\"auto, (max-width: 1599px) 100vw, 1599px\" \/><img loading=\"lazy\" decoding=\"async\" src=\"https:\/\/www.voilco-aster.fr\/blog-sejours-vacances\/files\/2020\/07\/36dc36e5-66ca-4cbc-b6da-6a05c4a68315.jpg\" class=\"size-full wp-image-6903\" width=\"1599\" height=\"1200\" srcset=\"https:\/\/www.voilco-aster.fr\/blog-sejours-vacances\/files\/2020\/07\/36dc36e5-66ca-4cbc-b6da-6a05c4a68315.jpg 1599w, https:\/\/www.voilco-aster.fr\/blog-sejours-vacances\/files\/2020\/07\/36dc36e5-66ca-4cbc-b6da-6a05c4a68315-300x225.jpg 300w, https:\/\/www.voilco-aster.fr\/blog-sejours-vacances\/files\/2020\/07\/36dc36e5-66ca-4cbc-b6da-6a05c4a68315-800x600.jpg 800w, https:\/\/www.voilco-aster.fr\/blog-sejours-vacances\/files\/2020\/07\/36dc36e5-66ca-4cbc-b6da-6a05c4a68315-768x576.jpg 768w, https:\/\/www.voilco-aster.fr\/blog-sejours-vacances\/files\/2020\/07\/36dc36e5-66ca-4cbc-b6da-6a05c4a68315-1536x1153.jpg 1536w\" sizes=\"auto, (max-width: 1599px) 100vw, 1599px\" \/><img loading=\"lazy\" decoding=\"async\" src=\"https:\/\/www.voilco-aster.fr\/blog-sejours-vacances\/files\/2020\/07\/90cd599d-a01a-4687-8836-00ef5745363e.jpg\" class=\"size-full wp-image-6902\" width=\"1599\" height=\"1200\" srcset=\"https:\/\/www.voilco-aster.fr\/blog-sejours-vacances\/files\/2020\/07\/90cd599d-a01a-4687-8836-00ef5745363e.jpg 1599w, https:\/\/www.voilco-aster.fr\/blog-sejours-vacances\/files\/2020\/07\/90cd599d-a01a-4687-8836-00ef5745363e-300x225.jpg 300w, https:\/\/www.voilco-aster.fr\/blog-sejours-vacances\/files\/2020\/07\/90cd599d-a01a-4687-8836-00ef5745363e-800x600.jpg 800w, https:\/\/www.voilco-aster.fr\/blog-sejours-vacances\/files\/2020\/07\/90cd599d-a01a-4687-8836-00ef5745363e-768x576.jpg 768w, https:\/\/www.voilco-aster.fr\/blog-sejours-vacances\/files\/2020\/07\/90cd599d-a01a-4687-8836-00ef5745363e-1536x1153.jpg 1536w\" sizes=\"auto, (max-width: 1599px) 100vw, 1599px\" \/><img loading=\"lazy\" decoding=\"async\" src=\"https:\/\/www.voilco-aster.fr\/blog-sejours-vacances\/files\/2020\/07\/09a30c70-85cb-4d88-942e-c29ff02d728b-1.jpg\" class=\"size-full wp-image-6904\" width=\"1599\" height=\"1200\" srcset=\"https:\/\/www.voilco-aster.fr\/blog-sejours-vacances\/files\/2020\/07\/09a30c70-85cb-4d88-942e-c29ff02d728b-1.jpg 1599w, https:\/\/www.voilco-aster.fr\/blog-sejours-vacances\/files\/2020\/07\/09a30c70-85cb-4d88-942e-c29ff02d728b-1-300x225.jpg 300w, https:\/\/www.voilco-aster.fr\/blog-sejours-vacances\/files\/2020\/07\/09a30c70-85cb-4d88-942e-c29ff02d728b-1-800x600.jpg 800w, https:\/\/www.voilco-aster.fr\/blog-sejours-vacances\/files\/2020\/07\/09a30c70-85cb-4d88-942e-c29ff02d728b-1-768x576.jpg 768w, https:\/\/www.voilco-aster.fr\/blog-sejours-vacances\/files\/2020\/07\/09a30c70-85cb-4d88-942e-c29ff02d728b-1-1536x1153.jpg 1536w\" sizes=\"auto, (max-width: 1599px) 100vw, 1599px\" \/><img loading=\"lazy\" decoding=\"async\" src=\"https:\/\/www.voilco-aster.fr\/blog-sejours-vacances\/files\/2020\/07\/6d16c96c-8cb6-4520-9918-e03e657fd3fa.jpg\" class=\"size-full wp-image-6900\" width=\"1599\" height=\"1200\" srcset=\"https:\/\/www.voilco-aster.fr\/blog-sejours-vacances\/files\/2020\/07\/6d16c96c-8cb6-4520-9918-e03e657fd3fa.jpg 1599w, https:\/\/www.voilco-aster.fr\/blog-sejours-vacances\/files\/2020\/07\/6d16c96c-8cb6-4520-9918-e03e657fd3fa-300x225.jpg 300w, https:\/\/www.voilco-aster.fr\/blog-sejours-vacances\/files\/2020\/07\/6d16c96c-8cb6-4520-9918-e03e657fd3fa-800x600.jpg 800w, https:\/\/www.voilco-aster.fr\/blog-sejours-vacances\/files\/2020\/07\/6d16c96c-8cb6-4520-9918-e03e657fd3fa-768x576.jpg 768w, https:\/\/www.voilco-aster.fr\/blog-sejours-vacances\/files\/2020\/07\/6d16c96c-8cb6-4520-9918-e03e657fd3fa-1536x1153.jpg 1536w\" sizes=\"auto, (max-width: 1599px) 100vw, 1599px\" \/><\/p>\n","protected":false},"excerpt":{"rendered":"<p>Bonjour les parents ! Cette premi\u00e8re journ\u00e9e \u00e9tait top ! Les activit\u00e9s sont g\u00e9niales et on s&rsquo;est fait plein de nouveaux amis ! Les tentes sont super et les repas aussi. Voici quelques photos pour illustrer cette journ\u00e9e. Bonne soir\u00e9e et \u00e0 bient\u00f4t pour de prochaines nouvelles ! Sign\u00e9 Justine et Julie<\/p>\n","protected":false},"author":3,"featured_media":0,"comment_status":"open","ping_status":"closed","sticky":false,"template":"","format":"standard","meta":{"footnotes":""},"categories":[1],"tags":[],"class_list":["post-6905","post","type-post","status-publish","format-standard","hentry","category-sejours-ete"],"_links":{"self":[{"href":"https:\/\/www.voilco-aster.fr\/blog-sejours-vacances\/wp-json\/wp\/v2\/posts\/6905","targetHints":{"allow":["GET"]}}],"collection":[{"href":"https:\/\/www.voilco-aster.fr\/blog-sejours-vacances\/wp-json\/wp\/v2\/posts"}],"about":[{"href":"https:\/\/www.voilco-aster.fr\/blog-sejours-vacances\/wp-json\/wp\/v2\/types\/post"}],"author":[{"embeddable":true,"href":"https:\/\/www.voilco-aster.fr\/blog-sejours-vacances\/wp-json\/wp\/v2\/users\/3"}],"replies":[{"embeddable":true,"href":"https:\/\/www.voilco-aster.fr\/blog-sejours-vacances\/wp-json\/wp\/v2\/comments?post=6905"}],"version-history":[{"count":1,"href":"https:\/\/www.voilco-aster.fr\/blog-sejours-vacances\/wp-json\/wp\/v2\/posts\/6905\/revisions"}],"predecessor-version":[{"id":6906,"href":"https:\/\/www.voilco-aster.fr\/blog-sejours-vacances\/wp-json\/wp\/v2\/posts\/6905\/revisions\/6906"}],"wp:attachment":[{"href":"https:\/\/www.voilco-aster.fr\/blog-sejours-vacances\/wp-json\/wp\/v2\/media?parent=6905"}],"wp:term":[{"taxonomy":"category","embeddable":true,"href":"https:\/\/www.voilco-aster.fr\/blog-sejours-vacances\/wp-json\/wp\/v2\/categories?post=6905"},{"taxonomy":"post_tag","embeddable":true,"href":"https:\/\/www.voilco-aster.fr\/blog-sejours-vacances\/wp-json\/wp\/v2\/tags?post=6905"}],"curies":[{"name":"wp","href":"https:\/\/api.w.org\/{rel}","templated":true}]}}