{"id":6930,"date":"2020-07-13T23:35:16","date_gmt":"2020-07-13T22:35:16","guid":{"rendered":"https:\/\/www.voilco-aster.fr\/blog-sejours-vacances\/?p=6930"},"modified":"2020-07-13T23:35:16","modified_gmt":"2020-07-13T22:35:16","slug":"des-nouvelles-de-la-colo","status":"publish","type":"post","link":"https:\/\/www.voilco-aster.fr\/blog-sejours-vacances\/2020\/07\/13\/des-nouvelles-de-la-colo\/","title":{"rendered":"Des nouvelles de la colo !"},"content":{"rendered":"<p>Bonjour,les parents !<\/p>\n<p>Ce matin nous avons pr\u00e9par\u00e9 des projets d&rsquo;animation.<\/p>\n<p>Un groupe d&rsquo;enfant pr\u00e9pare une randonn\u00e9, un autre organise des olympiades et un dernier pr\u00e9pare un spectacle.<\/p>\n<p>Cette apr\u00e8s-midi, nous avons fait du cano\u00eb-kayak et nous nous sommes baign\u00e9s.<\/p>\n<p>\u00c0 bient\u00f4t pour de prochaines nouvelles !<\/p>\n<p>Sign\u00e9 Bastien et Martin.<\/p>\n<p><img loading=\"lazy\" decoding=\"async\" src=\"https:\/\/www.voilco-aster.fr\/blog-sejours-vacances\/files\/2020\/07\/ad5069aa-9677-4d5f-a815-662a9b505917.jpg\" class=\"size-full wp-image-6926\" width=\"1600\" height=\"1200\" srcset=\"https:\/\/www.voilco-aster.fr\/blog-sejours-vacances\/files\/2020\/07\/ad5069aa-9677-4d5f-a815-662a9b505917.jpg 1600w, https:\/\/www.voilco-aster.fr\/blog-sejours-vacances\/files\/2020\/07\/ad5069aa-9677-4d5f-a815-662a9b505917-300x225.jpg 300w, https:\/\/www.voilco-aster.fr\/blog-sejours-vacances\/files\/2020\/07\/ad5069aa-9677-4d5f-a815-662a9b505917-800x600.jpg 800w, https:\/\/www.voilco-aster.fr\/blog-sejours-vacances\/files\/2020\/07\/ad5069aa-9677-4d5f-a815-662a9b505917-768x576.jpg 768w, https:\/\/www.voilco-aster.fr\/blog-sejours-vacances\/files\/2020\/07\/ad5069aa-9677-4d5f-a815-662a9b505917-1536x1152.jpg 1536w\" sizes=\"auto, (max-width: 1600px) 100vw, 1600px\" \/><img loading=\"lazy\" decoding=\"async\" src=\"https:\/\/www.voilco-aster.fr\/blog-sejours-vacances\/files\/2020\/07\/cf24c222-d2a7-44ad-accd-8b36da021836.jpg\" class=\"size-full wp-image-6927\" width=\"1600\" height=\"1200\" srcset=\"https:\/\/www.voilco-aster.fr\/blog-sejours-vacances\/files\/2020\/07\/cf24c222-d2a7-44ad-accd-8b36da021836.jpg 1600w, https:\/\/www.voilco-aster.fr\/blog-sejours-vacances\/files\/2020\/07\/cf24c222-d2a7-44ad-accd-8b36da021836-300x225.jpg 300w, https:\/\/www.voilco-aster.fr\/blog-sejours-vacances\/files\/2020\/07\/cf24c222-d2a7-44ad-accd-8b36da021836-800x600.jpg 800w, https:\/\/www.voilco-aster.fr\/blog-sejours-vacances\/files\/2020\/07\/cf24c222-d2a7-44ad-accd-8b36da021836-768x576.jpg 768w, https:\/\/www.voilco-aster.fr\/blog-sejours-vacances\/files\/2020\/07\/cf24c222-d2a7-44ad-accd-8b36da021836-1536x1152.jpg 1536w\" sizes=\"auto, (max-width: 1600px) 100vw, 1600px\" \/><img loading=\"lazy\" decoding=\"async\" src=\"https:\/\/www.voilco-aster.fr\/blog-sejours-vacances\/files\/2020\/07\/52bf77f9-25a7-48b3-b224-d37a29743a37.jpg\" class=\"size-full wp-image-6919\" width=\"1024\" height=\"768\" srcset=\"https:\/\/www.voilco-aster.fr\/blog-sejours-vacances\/files\/2020\/07\/52bf77f9-25a7-48b3-b224-d37a29743a37.jpg 1024w, https:\/\/www.voilco-aster.fr\/blog-sejours-vacances\/files\/2020\/07\/52bf77f9-25a7-48b3-b224-d37a29743a37-300x225.jpg 300w, https:\/\/www.voilco-aster.fr\/blog-sejours-vacances\/files\/2020\/07\/52bf77f9-25a7-48b3-b224-d37a29743a37-800x600.jpg 800w, https:\/\/www.voilco-aster.fr\/blog-sejours-vacances\/files\/2020\/07\/52bf77f9-25a7-48b3-b224-d37a29743a37-768x576.jpg 768w\" sizes=\"auto, (max-width: 1024px) 100vw, 1024px\" \/><img loading=\"lazy\" decoding=\"async\" src=\"https:\/\/www.voilco-aster.fr\/blog-sejours-vacances\/files\/2020\/07\/63830fca-a21f-4f87-abee-a25db93b91a0-1.jpg\" class=\"size-full wp-image-6929\" width=\"1024\" height=\"768\" srcset=\"https:\/\/www.voilco-aster.fr\/blog-sejours-vacances\/files\/2020\/07\/63830fca-a21f-4f87-abee-a25db93b91a0-1.jpg 1024w, https:\/\/www.voilco-aster.fr\/blog-sejours-vacances\/files\/2020\/07\/63830fca-a21f-4f87-abee-a25db93b91a0-1-300x225.jpg 300w, https:\/\/www.voilco-aster.fr\/blog-sejours-vacances\/files\/2020\/07\/63830fca-a21f-4f87-abee-a25db93b91a0-1-800x600.jpg 800w, https:\/\/www.voilco-aster.fr\/blog-sejours-vacances\/files\/2020\/07\/63830fca-a21f-4f87-abee-a25db93b91a0-1-768x576.jpg 768w\" sizes=\"auto, (max-width: 1024px) 100vw, 1024px\" \/><img loading=\"lazy\" decoding=\"async\" src=\"https:\/\/www.voilco-aster.fr\/blog-sejours-vacances\/files\/2020\/07\/0f650682-dc0d-403a-9608-acdca2b1d176.jpg\" class=\"size-full wp-image-6925\" width=\"1024\" height=\"768\" srcset=\"https:\/\/www.voilco-aster.fr\/blog-sejours-vacances\/files\/2020\/07\/0f650682-dc0d-403a-9608-acdca2b1d176.jpg 1024w, https:\/\/www.voilco-aster.fr\/blog-sejours-vacances\/files\/2020\/07\/0f650682-dc0d-403a-9608-acdca2b1d176-300x225.jpg 300w, https:\/\/www.voilco-aster.fr\/blog-sejours-vacances\/files\/2020\/07\/0f650682-dc0d-403a-9608-acdca2b1d176-800x600.jpg 800w, https:\/\/www.voilco-aster.fr\/blog-sejours-vacances\/files\/2020\/07\/0f650682-dc0d-403a-9608-acdca2b1d176-768x576.jpg 768w\" sizes=\"auto, (max-width: 1024px) 100vw, 1024px\" \/><img loading=\"lazy\" decoding=\"async\" src=\"https:\/\/www.voilco-aster.fr\/blog-sejours-vacances\/files\/2020\/07\/e9b610b7-ab7a-45e6-831c-82eb5dd83bf0.jpg\" class=\"size-full wp-image-6923\" width=\"768\" height=\"1024\" srcset=\"https:\/\/www.voilco-aster.fr\/blog-sejours-vacances\/files\/2020\/07\/e9b610b7-ab7a-45e6-831c-82eb5dd83bf0.jpg 768w, https:\/\/www.voilco-aster.fr\/blog-sejours-vacances\/files\/2020\/07\/e9b610b7-ab7a-45e6-831c-82eb5dd83bf0-225x300.jpg 225w, https:\/\/www.voilco-aster.fr\/blog-sejours-vacances\/files\/2020\/07\/e9b610b7-ab7a-45e6-831c-82eb5dd83bf0-600x800.jpg 600w\" sizes=\"auto, (max-width: 768px) 100vw, 768px\" \/><img loading=\"lazy\" decoding=\"async\" src=\"https:\/\/www.voilco-aster.fr\/blog-sejours-vacances\/files\/2020\/07\/e22eeec3-d188-45cd-973f-7728b36af509.jpg\" class=\"size-full wp-image-6922\" width=\"768\" height=\"1024\" srcset=\"https:\/\/www.voilco-aster.fr\/blog-sejours-vacances\/files\/2020\/07\/e22eeec3-d188-45cd-973f-7728b36af509.jpg 768w, https:\/\/www.voilco-aster.fr\/blog-sejours-vacances\/files\/2020\/07\/e22eeec3-d188-45cd-973f-7728b36af509-225x300.jpg 225w, https:\/\/www.voilco-aster.fr\/blog-sejours-vacances\/files\/2020\/07\/e22eeec3-d188-45cd-973f-7728b36af509-600x800.jpg 600w\" sizes=\"auto, (max-width: 768px) 100vw, 768px\" \/><img loading=\"lazy\" decoding=\"async\" src=\"https:\/\/www.voilco-aster.fr\/blog-sejours-vacances\/files\/2020\/07\/39ed217a-bc95-4e51-85c0-774bc9a8cb41-1.jpg\" class=\"size-full wp-image-6928\" width=\"1024\" height=\"768\" srcset=\"https:\/\/www.voilco-aster.fr\/blog-sejours-vacances\/files\/2020\/07\/39ed217a-bc95-4e51-85c0-774bc9a8cb41-1.jpg 1024w, https:\/\/www.voilco-aster.fr\/blog-sejours-vacances\/files\/2020\/07\/39ed217a-bc95-4e51-85c0-774bc9a8cb41-1-300x225.jpg 300w, https:\/\/www.voilco-aster.fr\/blog-sejours-vacances\/files\/2020\/07\/39ed217a-bc95-4e51-85c0-774bc9a8cb41-1-800x600.jpg 800w, https:\/\/www.voilco-aster.fr\/blog-sejours-vacances\/files\/2020\/07\/39ed217a-bc95-4e51-85c0-774bc9a8cb41-1-768x576.jpg 768w\" sizes=\"auto, (max-width: 1024px) 100vw, 1024px\" \/><img loading=\"lazy\" decoding=\"async\" src=\"https:\/\/www.voilco-aster.fr\/blog-sejours-vacances\/files\/2020\/07\/b8b32aa3-3a1d-4630-8745-8f520428188d.jpg\" class=\"size-full wp-image-6920\" width=\"1599\" height=\"777\" srcset=\"https:\/\/www.voilco-aster.fr\/blog-sejours-vacances\/files\/2020\/07\/b8b32aa3-3a1d-4630-8745-8f520428188d.jpg 1599w, https:\/\/www.voilco-aster.fr\/blog-sejours-vacances\/files\/2020\/07\/b8b32aa3-3a1d-4630-8745-8f520428188d-300x146.jpg 300w, https:\/\/www.voilco-aster.fr\/blog-sejours-vacances\/files\/2020\/07\/b8b32aa3-3a1d-4630-8745-8f520428188d-800x389.jpg 800w, https:\/\/www.voilco-aster.fr\/blog-sejours-vacances\/files\/2020\/07\/b8b32aa3-3a1d-4630-8745-8f520428188d-768x373.jpg 768w, https:\/\/www.voilco-aster.fr\/blog-sejours-vacances\/files\/2020\/07\/b8b32aa3-3a1d-4630-8745-8f520428188d-1536x746.jpg 1536w\" sizes=\"auto, (max-width: 1599px) 100vw, 1599px\" \/><img loading=\"lazy\" decoding=\"async\" src=\"https:\/\/www.voilco-aster.fr\/blog-sejours-vacances\/files\/2020\/07\/2d51f886-ebcb-46a3-bf14-3883910a5a42.jpg\" class=\"size-full wp-image-6918\" width=\"1599\" height=\"777\" srcset=\"https:\/\/www.voilco-aster.fr\/blog-sejours-vacances\/files\/2020\/07\/2d51f886-ebcb-46a3-bf14-3883910a5a42.jpg 1599w, https:\/\/www.voilco-aster.fr\/blog-sejours-vacances\/files\/2020\/07\/2d51f886-ebcb-46a3-bf14-3883910a5a42-300x146.jpg 300w, https:\/\/www.voilco-aster.fr\/blog-sejours-vacances\/files\/2020\/07\/2d51f886-ebcb-46a3-bf14-3883910a5a42-800x389.jpg 800w, https:\/\/www.voilco-aster.fr\/blog-sejours-vacances\/files\/2020\/07\/2d51f886-ebcb-46a3-bf14-3883910a5a42-768x373.jpg 768w, https:\/\/www.voilco-aster.fr\/blog-sejours-vacances\/files\/2020\/07\/2d51f886-ebcb-46a3-bf14-3883910a5a42-1536x746.jpg 1536w\" sizes=\"auto, (max-width: 1599px) 100vw, 1599px\" \/><\/p>\n","protected":false},"excerpt":{"rendered":"<p>Bonjour,les parents ! Ce matin nous avons pr\u00e9par\u00e9 des projets d&rsquo;animation. Un groupe d&rsquo;enfant pr\u00e9pare une randonn\u00e9, un autre organise des olympiades et un dernier pr\u00e9pare un spectacle. Cette apr\u00e8s-midi, nous avons fait du cano\u00eb-kayak et nous nous sommes baign\u00e9s. \u00c0 bient\u00f4t pour de prochaines nouvelles ! Sign\u00e9 Bastien et Martin.<\/p>\n","protected":false},"author":3,"featured_media":0,"comment_status":"open","ping_status":"closed","sticky":false,"template":"","format":"standard","meta":{"footnotes":""},"categories":[1],"tags":[],"class_list":["post-6930","post","type-post","status-publish","format-standard","hentry","category-sejours-ete"],"_links":{"self":[{"href":"https:\/\/www.voilco-aster.fr\/blog-sejours-vacances\/wp-json\/wp\/v2\/posts\/6930","targetHints":{"allow":["GET"]}}],"collection":[{"href":"https:\/\/www.voilco-aster.fr\/blog-sejours-vacances\/wp-json\/wp\/v2\/posts"}],"about":[{"href":"https:\/\/www.voilco-aster.fr\/blog-sejours-vacances\/wp-json\/wp\/v2\/types\/post"}],"author":[{"embeddable":true,"href":"https:\/\/www.voilco-aster.fr\/blog-sejours-vacances\/wp-json\/wp\/v2\/users\/3"}],"replies":[{"embeddable":true,"href":"https:\/\/www.voilco-aster.fr\/blog-sejours-vacances\/wp-json\/wp\/v2\/comments?post=6930"}],"version-history":[{"count":1,"href":"https:\/\/www.voilco-aster.fr\/blog-sejours-vacances\/wp-json\/wp\/v2\/posts\/6930\/revisions"}],"predecessor-version":[{"id":6931,"href":"https:\/\/www.voilco-aster.fr\/blog-sejours-vacances\/wp-json\/wp\/v2\/posts\/6930\/revisions\/6931"}],"wp:attachment":[{"href":"https:\/\/www.voilco-aster.fr\/blog-sejours-vacances\/wp-json\/wp\/v2\/media?parent=6930"}],"wp:term":[{"taxonomy":"category","embeddable":true,"href":"https:\/\/www.voilco-aster.fr\/blog-sejours-vacances\/wp-json\/wp\/v2\/categories?post=6930"},{"taxonomy":"post_tag","embeddable":true,"href":"https:\/\/www.voilco-aster.fr\/blog-sejours-vacances\/wp-json\/wp\/v2\/tags?post=6930"}],"curies":[{"name":"wp","href":"https:\/\/api.w.org\/{rel}","templated":true}]}}