{"id":6946,"date":"2020-07-19T22:20:11","date_gmt":"2020-07-19T21:20:11","guid":{"rendered":"https:\/\/www.voilco-aster.fr\/blog-sejours-vacances\/?p=6946"},"modified":"2020-07-19T22:20:12","modified_gmt":"2020-07-19T21:20:12","slug":"debut-de-colo-a-viam","status":"publish","type":"post","link":"https:\/\/www.voilco-aster.fr\/blog-sejours-vacances\/2020\/07\/19\/debut-de-colo-a-viam\/","title":{"rendered":"D\u00e9but de colo \u00e0 Viam !"},"content":{"rendered":"<p>Bonjour les parents !<\/p>\n<p>Ce matin, le groupe des petits ont fait du land art et des jeux d&rsquo;expression.<\/p>\n<p>Le groupe des plus grands ont fait du Canoe-Kayak.<\/p>\n<p>Cette apr\u00e8s-midi, baignade au programme !<\/p>\n<p>Les lasagnes pr\u00e9par\u00e9es par notre cuisinier \u00e9taient d\u00e9licieuses !<\/p>\n<p>\u00c0 bient\u00f4t pour de prochaines nouvelles !<\/p>\n<p>Sign\u00e9 Bastien et Julie<\/p>\n<p><img loading=\"lazy\" decoding=\"async\" src=\"https:\/\/www.voilco-aster.fr\/blog-sejours-vacances\/files\/2020\/07\/7b45cad5-9fe2-4e13-9065-2ff2b940bff6.jpg\" class=\"size-full wp-image-6944\" width=\"1599\" height=\"788\" srcset=\"https:\/\/www.voilco-aster.fr\/blog-sejours-vacances\/files\/2020\/07\/7b45cad5-9fe2-4e13-9065-2ff2b940bff6.jpg 1599w, https:\/\/www.voilco-aster.fr\/blog-sejours-vacances\/files\/2020\/07\/7b45cad5-9fe2-4e13-9065-2ff2b940bff6-300x148.jpg 300w, https:\/\/www.voilco-aster.fr\/blog-sejours-vacances\/files\/2020\/07\/7b45cad5-9fe2-4e13-9065-2ff2b940bff6-800x394.jpg 800w, https:\/\/www.voilco-aster.fr\/blog-sejours-vacances\/files\/2020\/07\/7b45cad5-9fe2-4e13-9065-2ff2b940bff6-768x378.jpg 768w, https:\/\/www.voilco-aster.fr\/blog-sejours-vacances\/files\/2020\/07\/7b45cad5-9fe2-4e13-9065-2ff2b940bff6-1536x757.jpg 1536w\" sizes=\"auto, (max-width: 1599px) 100vw, 1599px\" \/><img loading=\"lazy\" decoding=\"async\" src=\"https:\/\/www.voilco-aster.fr\/blog-sejours-vacances\/files\/2020\/07\/cfe22151-758f-4e97-a071-28d5389048d5.jpg\" class=\"size-full wp-image-6945\" width=\"1599\" height=\"1200\" srcset=\"https:\/\/www.voilco-aster.fr\/blog-sejours-vacances\/files\/2020\/07\/cfe22151-758f-4e97-a071-28d5389048d5.jpg 1599w, https:\/\/www.voilco-aster.fr\/blog-sejours-vacances\/files\/2020\/07\/cfe22151-758f-4e97-a071-28d5389048d5-300x225.jpg 300w, https:\/\/www.voilco-aster.fr\/blog-sejours-vacances\/files\/2020\/07\/cfe22151-758f-4e97-a071-28d5389048d5-800x600.jpg 800w, https:\/\/www.voilco-aster.fr\/blog-sejours-vacances\/files\/2020\/07\/cfe22151-758f-4e97-a071-28d5389048d5-768x576.jpg 768w, https:\/\/www.voilco-aster.fr\/blog-sejours-vacances\/files\/2020\/07\/cfe22151-758f-4e97-a071-28d5389048d5-1536x1153.jpg 1536w\" sizes=\"auto, (max-width: 1599px) 100vw, 1599px\" \/><\/p>\n","protected":false},"excerpt":{"rendered":"<p>Bonjour les parents ! Ce matin, le groupe des petits ont fait du land art et des jeux d&rsquo;expression. Le groupe des plus grands ont fait du Canoe-Kayak. Cette apr\u00e8s-midi, baignade au programme ! Les lasagnes pr\u00e9par\u00e9es par notre cuisinier \u00e9taient d\u00e9licieuses ! \u00c0 bient\u00f4t pour de prochaines nouvelles ! Sign\u00e9 Bastien et Julie<\/p>\n","protected":false},"author":3,"featured_media":0,"comment_status":"open","ping_status":"closed","sticky":false,"template":"","format":"standard","meta":{"footnotes":""},"categories":[1],"tags":[],"class_list":["post-6946","post","type-post","status-publish","format-standard","hentry","category-sejours-ete"],"_links":{"self":[{"href":"https:\/\/www.voilco-aster.fr\/blog-sejours-vacances\/wp-json\/wp\/v2\/posts\/6946","targetHints":{"allow":["GET"]}}],"collection":[{"href":"https:\/\/www.voilco-aster.fr\/blog-sejours-vacances\/wp-json\/wp\/v2\/posts"}],"about":[{"href":"https:\/\/www.voilco-aster.fr\/blog-sejours-vacances\/wp-json\/wp\/v2\/types\/post"}],"author":[{"embeddable":true,"href":"https:\/\/www.voilco-aster.fr\/blog-sejours-vacances\/wp-json\/wp\/v2\/users\/3"}],"replies":[{"embeddable":true,"href":"https:\/\/www.voilco-aster.fr\/blog-sejours-vacances\/wp-json\/wp\/v2\/comments?post=6946"}],"version-history":[{"count":1,"href":"https:\/\/www.voilco-aster.fr\/blog-sejours-vacances\/wp-json\/wp\/v2\/posts\/6946\/revisions"}],"predecessor-version":[{"id":6947,"href":"https:\/\/www.voilco-aster.fr\/blog-sejours-vacances\/wp-json\/wp\/v2\/posts\/6946\/revisions\/6947"}],"wp:attachment":[{"href":"https:\/\/www.voilco-aster.fr\/blog-sejours-vacances\/wp-json\/wp\/v2\/media?parent=6946"}],"wp:term":[{"taxonomy":"category","embeddable":true,"href":"https:\/\/www.voilco-aster.fr\/blog-sejours-vacances\/wp-json\/wp\/v2\/categories?post=6946"},{"taxonomy":"post_tag","embeddable":true,"href":"https:\/\/www.voilco-aster.fr\/blog-sejours-vacances\/wp-json\/wp\/v2\/tags?post=6946"}],"curies":[{"name":"wp","href":"https:\/\/api.w.org\/{rel}","templated":true}]}}