{"id":6962,"date":"2020-07-21T00:33:34","date_gmt":"2020-07-20T23:33:34","guid":{"rendered":"https:\/\/www.voilco-aster.fr\/blog-sejours-vacances\/?p=6962"},"modified":"2020-07-21T00:33:34","modified_gmt":"2020-07-20T23:33:34","slug":"les-projets-danimation-sont-lances","status":"publish","type":"post","link":"https:\/\/www.voilco-aster.fr\/blog-sejours-vacances\/2020\/07\/21\/les-projets-danimation-sont-lances\/","title":{"rendered":"Les projets d\u2019animation sont lanc\u00e9s !"},"content":{"rendered":"<p>Bonjour les parents !<\/p>\n<p>Aujourd&rsquo;hui, nouvelles aventures sur la presque \u00eele :<\/p>\n<p>&#8211; Projets d&rsquo;animation de randonn\u00e9e, de bricolage, de chasse au tr\u00e9sor et d&rsquo;expression !<\/p>\n<p>&#8211; Des activit\u00e9s nautiques et aquatiques : Voile pour certain et baignade pour d&rsquo;autre.<\/p>\n<p>\u00c0 bient\u00f4t pour de prochaines nouvelles !<\/p>\n<p>Sign\u00e9 Zo\u00e9 et Martin<\/p>\n<p><img loading=\"lazy\" decoding=\"async\" src=\"https:\/\/www.voilco-aster.fr\/blog-sejours-vacances\/files\/2020\/07\/b4b5f54c-cf17-41f5-af92-bd309bbc2dcd-1.jpg\" class=\"size-full wp-image-6956\" width=\"768\" height=\"1024\" srcset=\"https:\/\/www.voilco-aster.fr\/blog-sejours-vacances\/files\/2020\/07\/b4b5f54c-cf17-41f5-af92-bd309bbc2dcd-1.jpg 768w, https:\/\/www.voilco-aster.fr\/blog-sejours-vacances\/files\/2020\/07\/b4b5f54c-cf17-41f5-af92-bd309bbc2dcd-1-225x300.jpg 225w, https:\/\/www.voilco-aster.fr\/blog-sejours-vacances\/files\/2020\/07\/b4b5f54c-cf17-41f5-af92-bd309bbc2dcd-1-600x800.jpg 600w\" sizes=\"auto, (max-width: 768px) 100vw, 768px\" \/><img loading=\"lazy\" decoding=\"async\" src=\"https:\/\/www.voilco-aster.fr\/blog-sejours-vacances\/files\/2020\/07\/f5228b96-c6f0-4d53-83ef-b4e8c047d1f1-1.jpg\" class=\"size-full wp-image-6957\" width=\"768\" height=\"1024\" srcset=\"https:\/\/www.voilco-aster.fr\/blog-sejours-vacances\/files\/2020\/07\/f5228b96-c6f0-4d53-83ef-b4e8c047d1f1-1.jpg 768w, https:\/\/www.voilco-aster.fr\/blog-sejours-vacances\/files\/2020\/07\/f5228b96-c6f0-4d53-83ef-b4e8c047d1f1-1-225x300.jpg 225w, https:\/\/www.voilco-aster.fr\/blog-sejours-vacances\/files\/2020\/07\/f5228b96-c6f0-4d53-83ef-b4e8c047d1f1-1-600x800.jpg 600w\" sizes=\"auto, (max-width: 768px) 100vw, 768px\" \/><img loading=\"lazy\" decoding=\"async\" src=\"https:\/\/www.voilco-aster.fr\/blog-sejours-vacances\/files\/2020\/07\/d6b8cb0e-1d3f-4a0d-aaf8-e55fedbd7664-1.jpg\" class=\"size-full wp-image-6958\" width=\"1024\" height=\"768\" srcset=\"https:\/\/www.voilco-aster.fr\/blog-sejours-vacances\/files\/2020\/07\/d6b8cb0e-1d3f-4a0d-aaf8-e55fedbd7664-1.jpg 1024w, https:\/\/www.voilco-aster.fr\/blog-sejours-vacances\/files\/2020\/07\/d6b8cb0e-1d3f-4a0d-aaf8-e55fedbd7664-1-300x225.jpg 300w, https:\/\/www.voilco-aster.fr\/blog-sejours-vacances\/files\/2020\/07\/d6b8cb0e-1d3f-4a0d-aaf8-e55fedbd7664-1-800x600.jpg 800w, https:\/\/www.voilco-aster.fr\/blog-sejours-vacances\/files\/2020\/07\/d6b8cb0e-1d3f-4a0d-aaf8-e55fedbd7664-1-768x576.jpg 768w\" sizes=\"auto, (max-width: 1024px) 100vw, 1024px\" \/><img loading=\"lazy\" decoding=\"async\" src=\"https:\/\/www.voilco-aster.fr\/blog-sejours-vacances\/files\/2020\/07\/4f9eff91-30d1-4338-8945-f18aa5deb6ea-1.jpg\" class=\"size-full wp-image-6961\" width=\"768\" height=\"1024\" srcset=\"https:\/\/www.voilco-aster.fr\/blog-sejours-vacances\/files\/2020\/07\/4f9eff91-30d1-4338-8945-f18aa5deb6ea-1.jpg 768w, https:\/\/www.voilco-aster.fr\/blog-sejours-vacances\/files\/2020\/07\/4f9eff91-30d1-4338-8945-f18aa5deb6ea-1-225x300.jpg 225w, https:\/\/www.voilco-aster.fr\/blog-sejours-vacances\/files\/2020\/07\/4f9eff91-30d1-4338-8945-f18aa5deb6ea-1-600x800.jpg 600w\" sizes=\"auto, (max-width: 768px) 100vw, 768px\" \/><img loading=\"lazy\" decoding=\"async\" src=\"https:\/\/www.voilco-aster.fr\/blog-sejours-vacances\/files\/2020\/07\/82003d7a-9873-4de3-aba3-195cfaa41ced-1.jpg\" class=\"size-full wp-image-6960\" width=\"1024\" height=\"768\" srcset=\"https:\/\/www.voilco-aster.fr\/blog-sejours-vacances\/files\/2020\/07\/82003d7a-9873-4de3-aba3-195cfaa41ced-1.jpg 1024w, https:\/\/www.voilco-aster.fr\/blog-sejours-vacances\/files\/2020\/07\/82003d7a-9873-4de3-aba3-195cfaa41ced-1-300x225.jpg 300w, https:\/\/www.voilco-aster.fr\/blog-sejours-vacances\/files\/2020\/07\/82003d7a-9873-4de3-aba3-195cfaa41ced-1-800x600.jpg 800w, https:\/\/www.voilco-aster.fr\/blog-sejours-vacances\/files\/2020\/07\/82003d7a-9873-4de3-aba3-195cfaa41ced-1-768x576.jpg 768w\" sizes=\"auto, (max-width: 1024px) 100vw, 1024px\" \/><img loading=\"lazy\" decoding=\"async\" src=\"https:\/\/www.voilco-aster.fr\/blog-sejours-vacances\/files\/2020\/07\/76351268-95c6-428a-922e-f413b90684d4-1.jpg\" class=\"size-full wp-image-6959\" width=\"1599\" height=\"1200\" srcset=\"https:\/\/www.voilco-aster.fr\/blog-sejours-vacances\/files\/2020\/07\/76351268-95c6-428a-922e-f413b90684d4-1.jpg 1599w, https:\/\/www.voilco-aster.fr\/blog-sejours-vacances\/files\/2020\/07\/76351268-95c6-428a-922e-f413b90684d4-1-300x225.jpg 300w, https:\/\/www.voilco-aster.fr\/blog-sejours-vacances\/files\/2020\/07\/76351268-95c6-428a-922e-f413b90684d4-1-800x600.jpg 800w, https:\/\/www.voilco-aster.fr\/blog-sejours-vacances\/files\/2020\/07\/76351268-95c6-428a-922e-f413b90684d4-1-768x576.jpg 768w, https:\/\/www.voilco-aster.fr\/blog-sejours-vacances\/files\/2020\/07\/76351268-95c6-428a-922e-f413b90684d4-1-1536x1153.jpg 1536w\" sizes=\"auto, (max-width: 1599px) 100vw, 1599px\" \/><img loading=\"lazy\" decoding=\"async\" src=\"https:\/\/www.voilco-aster.fr\/blog-sejours-vacances\/files\/2020\/07\/img_2071-scaled.jpg\" class=\"size-full wp-image-6949\" width=\"2560\" height=\"1920\" srcset=\"https:\/\/www.voilco-aster.fr\/blog-sejours-vacances\/files\/2020\/07\/img_2071-scaled.jpg 2560w, https:\/\/www.voilco-aster.fr\/blog-sejours-vacances\/files\/2020\/07\/img_2071-300x225.jpg 300w, https:\/\/www.voilco-aster.fr\/blog-sejours-vacances\/files\/2020\/07\/img_2071-800x600.jpg 800w, https:\/\/www.voilco-aster.fr\/blog-sejours-vacances\/files\/2020\/07\/img_2071-768x576.jpg 768w, https:\/\/www.voilco-aster.fr\/blog-sejours-vacances\/files\/2020\/07\/img_2071-1536x1152.jpg 1536w, https:\/\/www.voilco-aster.fr\/blog-sejours-vacances\/files\/2020\/07\/img_2071-2048x1536.jpg 2048w\" sizes=\"auto, (max-width: 2560px) 100vw, 2560px\" \/><img loading=\"lazy\" decoding=\"async\" src=\"https:\/\/www.voilco-aster.fr\/blog-sejours-vacances\/files\/2020\/07\/img_2069-scaled.jpg\" class=\"size-full wp-image-6952\" width=\"2560\" height=\"1920\" srcset=\"https:\/\/www.voilco-aster.fr\/blog-sejours-vacances\/files\/2020\/07\/img_2069-scaled.jpg 2560w, https:\/\/www.voilco-aster.fr\/blog-sejours-vacances\/files\/2020\/07\/img_2069-300x225.jpg 300w, https:\/\/www.voilco-aster.fr\/blog-sejours-vacances\/files\/2020\/07\/img_2069-800x600.jpg 800w, https:\/\/www.voilco-aster.fr\/blog-sejours-vacances\/files\/2020\/07\/img_2069-768x576.jpg 768w, https:\/\/www.voilco-aster.fr\/blog-sejours-vacances\/files\/2020\/07\/img_2069-1536x1152.jpg 1536w, https:\/\/www.voilco-aster.fr\/blog-sejours-vacances\/files\/2020\/07\/img_2069-2048x1536.jpg 2048w\" sizes=\"auto, (max-width: 2560px) 100vw, 2560px\" \/><\/p>\n","protected":false},"excerpt":{"rendered":"<p>Bonjour les parents ! Aujourd&rsquo;hui, nouvelles aventures sur la presque \u00eele : &#8211; Projets d&rsquo;animation de randonn\u00e9e, de bricolage, de chasse au tr\u00e9sor et d&rsquo;expression ! &#8211; Des activit\u00e9s nautiques et aquatiques : Voile pour certain et baignade pour d&rsquo;autre. \u00c0 bient\u00f4t pour de prochaines nouvelles ! Sign\u00e9 Zo\u00e9 et Martin<\/p>\n","protected":false},"author":3,"featured_media":0,"comment_status":"open","ping_status":"closed","sticky":false,"template":"","format":"standard","meta":{"footnotes":""},"categories":[1],"tags":[],"class_list":["post-6962","post","type-post","status-publish","format-standard","hentry","category-sejours-ete"],"_links":{"self":[{"href":"https:\/\/www.voilco-aster.fr\/blog-sejours-vacances\/wp-json\/wp\/v2\/posts\/6962","targetHints":{"allow":["GET"]}}],"collection":[{"href":"https:\/\/www.voilco-aster.fr\/blog-sejours-vacances\/wp-json\/wp\/v2\/posts"}],"about":[{"href":"https:\/\/www.voilco-aster.fr\/blog-sejours-vacances\/wp-json\/wp\/v2\/types\/post"}],"author":[{"embeddable":true,"href":"https:\/\/www.voilco-aster.fr\/blog-sejours-vacances\/wp-json\/wp\/v2\/users\/3"}],"replies":[{"embeddable":true,"href":"https:\/\/www.voilco-aster.fr\/blog-sejours-vacances\/wp-json\/wp\/v2\/comments?post=6962"}],"version-history":[{"count":1,"href":"https:\/\/www.voilco-aster.fr\/blog-sejours-vacances\/wp-json\/wp\/v2\/posts\/6962\/revisions"}],"predecessor-version":[{"id":6963,"href":"https:\/\/www.voilco-aster.fr\/blog-sejours-vacances\/wp-json\/wp\/v2\/posts\/6962\/revisions\/6963"}],"wp:attachment":[{"href":"https:\/\/www.voilco-aster.fr\/blog-sejours-vacances\/wp-json\/wp\/v2\/media?parent=6962"}],"wp:term":[{"taxonomy":"category","embeddable":true,"href":"https:\/\/www.voilco-aster.fr\/blog-sejours-vacances\/wp-json\/wp\/v2\/categories?post=6962"},{"taxonomy":"post_tag","embeddable":true,"href":"https:\/\/www.voilco-aster.fr\/blog-sejours-vacances\/wp-json\/wp\/v2\/tags?post=6962"}],"curies":[{"name":"wp","href":"https:\/\/api.w.org\/{rel}","templated":true}]}}