{"id":6972,"date":"2020-07-23T00:31:40","date_gmt":"2020-07-22T23:31:40","guid":{"rendered":"https:\/\/www.voilco-aster.fr\/blog-sejours-vacances\/?p=6972"},"modified":"2020-07-23T00:31:40","modified_gmt":"2020-07-22T23:31:40","slug":"des-nouvelles-de-la-colo-2","status":"publish","type":"post","link":"https:\/\/www.voilco-aster.fr\/blog-sejours-vacances\/2020\/07\/23\/des-nouvelles-de-la-colo-2\/","title":{"rendered":"Des nouvelles de la colo"},"content":{"rendered":"<p>Bonjour les parents !<\/p>\n<p>Les projets d&rsquo;animation arrivent \u00e0 leur terme.<\/p>\n<p>Un groupe est parti ce matin faire une randonn\u00e9e en cano\u00eb kayak sur une \u00eele.<\/p>\n<p>Une autre pr\u00e9pare une chasse au tr\u00e9sor pour le reste du groupe.<\/p>\n<p>Certains enfants se sont lanc\u00e9s dans la construction d&rsquo;une grande fus\u00e9e en bois dans un projet bricolage.<\/p>\n<p>Et d&rsquo;autres pr\u00e9parent un spectacle de th\u00e9\u00e2tre.<\/p>\n<p>L&rsquo;ensemble des enfants pr\u00e9parent la grande soir\u00e9e \u00e0 th\u00e8me de demain soir qui viendra cl\u00f4turer le s\u00e9jour.<\/p>\n<p>Voici quelques photos de la colo !<\/p>\n<p>\u00c0 bient\u00f4t !<\/p>\n<p><img loading=\"lazy\" decoding=\"async\" src=\"https:\/\/www.voilco-aster.fr\/blog-sejours-vacances\/files\/2020\/07\/img_2085-scaled.jpg\" class=\"size-full wp-image-6971\" width=\"2560\" height=\"1920\" srcset=\"https:\/\/www.voilco-aster.fr\/blog-sejours-vacances\/files\/2020\/07\/img_2085-scaled.jpg 2560w, https:\/\/www.voilco-aster.fr\/blog-sejours-vacances\/files\/2020\/07\/img_2085-300x225.jpg 300w, https:\/\/www.voilco-aster.fr\/blog-sejours-vacances\/files\/2020\/07\/img_2085-800x600.jpg 800w, https:\/\/www.voilco-aster.fr\/blog-sejours-vacances\/files\/2020\/07\/img_2085-768x576.jpg 768w, https:\/\/www.voilco-aster.fr\/blog-sejours-vacances\/files\/2020\/07\/img_2085-1536x1152.jpg 1536w, https:\/\/www.voilco-aster.fr\/blog-sejours-vacances\/files\/2020\/07\/img_2085-2048x1536.jpg 2048w\" sizes=\"auto, (max-width: 2560px) 100vw, 2560px\" \/><img loading=\"lazy\" decoding=\"async\" src=\"https:\/\/www.voilco-aster.fr\/blog-sejours-vacances\/files\/2020\/07\/5101354a-74e9-4181-9dce-b4e5cfa36b3d.jpg\" class=\"size-full wp-image-6969\" width=\"1600\" height=\"900\" srcset=\"https:\/\/www.voilco-aster.fr\/blog-sejours-vacances\/files\/2020\/07\/5101354a-74e9-4181-9dce-b4e5cfa36b3d.jpg 1600w, https:\/\/www.voilco-aster.fr\/blog-sejours-vacances\/files\/2020\/07\/5101354a-74e9-4181-9dce-b4e5cfa36b3d-300x169.jpg 300w, https:\/\/www.voilco-aster.fr\/blog-sejours-vacances\/files\/2020\/07\/5101354a-74e9-4181-9dce-b4e5cfa36b3d-800x450.jpg 800w, https:\/\/www.voilco-aster.fr\/blog-sejours-vacances\/files\/2020\/07\/5101354a-74e9-4181-9dce-b4e5cfa36b3d-768x432.jpg 768w, https:\/\/www.voilco-aster.fr\/blog-sejours-vacances\/files\/2020\/07\/5101354a-74e9-4181-9dce-b4e5cfa36b3d-1536x864.jpg 1536w\" sizes=\"auto, (max-width: 1600px) 100vw, 1600px\" \/><img loading=\"lazy\" decoding=\"async\" src=\"https:\/\/www.voilco-aster.fr\/blog-sejours-vacances\/files\/2020\/07\/b932a664-0352-4787-aec5-eec0a30e821d.jpg\" class=\"size-full wp-image-6968\" width=\"1600\" height=\"900\" srcset=\"https:\/\/www.voilco-aster.fr\/blog-sejours-vacances\/files\/2020\/07\/b932a664-0352-4787-aec5-eec0a30e821d.jpg 1600w, https:\/\/www.voilco-aster.fr\/blog-sejours-vacances\/files\/2020\/07\/b932a664-0352-4787-aec5-eec0a30e821d-300x169.jpg 300w, https:\/\/www.voilco-aster.fr\/blog-sejours-vacances\/files\/2020\/07\/b932a664-0352-4787-aec5-eec0a30e821d-800x450.jpg 800w, https:\/\/www.voilco-aster.fr\/blog-sejours-vacances\/files\/2020\/07\/b932a664-0352-4787-aec5-eec0a30e821d-768x432.jpg 768w, https:\/\/www.voilco-aster.fr\/blog-sejours-vacances\/files\/2020\/07\/b932a664-0352-4787-aec5-eec0a30e821d-1536x864.jpg 1536w\" sizes=\"auto, (max-width: 1600px) 100vw, 1600px\" \/><img loading=\"lazy\" decoding=\"async\" src=\"https:\/\/www.voilco-aster.fr\/blog-sejours-vacances\/files\/2020\/07\/0ea5ad34-1613-4978-96d3-b17d29ba97ba.jpg\" class=\"size-full wp-image-6967\" width=\"1600\" height=\"900\" srcset=\"https:\/\/www.voilco-aster.fr\/blog-sejours-vacances\/files\/2020\/07\/0ea5ad34-1613-4978-96d3-b17d29ba97ba.jpg 1600w, https:\/\/www.voilco-aster.fr\/blog-sejours-vacances\/files\/2020\/07\/0ea5ad34-1613-4978-96d3-b17d29ba97ba-300x169.jpg 300w, https:\/\/www.voilco-aster.fr\/blog-sejours-vacances\/files\/2020\/07\/0ea5ad34-1613-4978-96d3-b17d29ba97ba-800x450.jpg 800w, https:\/\/www.voilco-aster.fr\/blog-sejours-vacances\/files\/2020\/07\/0ea5ad34-1613-4978-96d3-b17d29ba97ba-768x432.jpg 768w, https:\/\/www.voilco-aster.fr\/blog-sejours-vacances\/files\/2020\/07\/0ea5ad34-1613-4978-96d3-b17d29ba97ba-1536x864.jpg 1536w\" sizes=\"auto, (max-width: 1600px) 100vw, 1600px\" \/><img loading=\"lazy\" decoding=\"async\" src=\"https:\/\/www.voilco-aster.fr\/blog-sejours-vacances\/files\/2020\/07\/img_2092-scaled.jpg\" class=\"size-full wp-image-6970\" width=\"1920\" height=\"2560\" srcset=\"https:\/\/www.voilco-aster.fr\/blog-sejours-vacances\/files\/2020\/07\/img_2092-scaled.jpg 1920w, https:\/\/www.voilco-aster.fr\/blog-sejours-vacances\/files\/2020\/07\/img_2092-225x300.jpg 225w, https:\/\/www.voilco-aster.fr\/blog-sejours-vacances\/files\/2020\/07\/img_2092-600x800.jpg 600w, https:\/\/www.voilco-aster.fr\/blog-sejours-vacances\/files\/2020\/07\/img_2092-768x1024.jpg 768w, https:\/\/www.voilco-aster.fr\/blog-sejours-vacances\/files\/2020\/07\/img_2092-1152x1536.jpg 1152w, https:\/\/www.voilco-aster.fr\/blog-sejours-vacances\/files\/2020\/07\/img_2092-1536x2048.jpg 1536w\" sizes=\"auto, (max-width: 1920px) 100vw, 1920px\" \/><img loading=\"lazy\" decoding=\"async\" src=\"https:\/\/www.voilco-aster.fr\/blog-sejours-vacances\/files\/2020\/07\/img_2094-scaled.jpg\" class=\"size-full wp-image-6965\" width=\"2560\" height=\"1920\" srcset=\"https:\/\/www.voilco-aster.fr\/blog-sejours-vacances\/files\/2020\/07\/img_2094-scaled.jpg 2560w, https:\/\/www.voilco-aster.fr\/blog-sejours-vacances\/files\/2020\/07\/img_2094-300x225.jpg 300w, https:\/\/www.voilco-aster.fr\/blog-sejours-vacances\/files\/2020\/07\/img_2094-800x600.jpg 800w, https:\/\/www.voilco-aster.fr\/blog-sejours-vacances\/files\/2020\/07\/img_2094-768x576.jpg 768w, https:\/\/www.voilco-aster.fr\/blog-sejours-vacances\/files\/2020\/07\/img_2094-1536x1152.jpg 1536w, https:\/\/www.voilco-aster.fr\/blog-sejours-vacances\/files\/2020\/07\/img_2094-2048x1536.jpg 2048w\" sizes=\"auto, (max-width: 2560px) 100vw, 2560px\" \/><img loading=\"lazy\" decoding=\"async\" src=\"https:\/\/www.voilco-aster.fr\/blog-sejours-vacances\/files\/2020\/07\/6989388a-74e8-4240-9114-a53d348e02fe.jpg\" class=\"size-full wp-image-6964\" width=\"1024\" height=\"768\" srcset=\"https:\/\/www.voilco-aster.fr\/blog-sejours-vacances\/files\/2020\/07\/6989388a-74e8-4240-9114-a53d348e02fe.jpg 1024w, https:\/\/www.voilco-aster.fr\/blog-sejours-vacances\/files\/2020\/07\/6989388a-74e8-4240-9114-a53d348e02fe-300x225.jpg 300w, https:\/\/www.voilco-aster.fr\/blog-sejours-vacances\/files\/2020\/07\/6989388a-74e8-4240-9114-a53d348e02fe-800x600.jpg 800w, https:\/\/www.voilco-aster.fr\/blog-sejours-vacances\/files\/2020\/07\/6989388a-74e8-4240-9114-a53d348e02fe-768x576.jpg 768w\" sizes=\"auto, (max-width: 1024px) 100vw, 1024px\" \/><img loading=\"lazy\" decoding=\"async\" src=\"https:\/\/www.voilco-aster.fr\/blog-sejours-vacances\/files\/2020\/07\/20982101-53b0-4f26-af4c-c0793c526ccd.jpg\" class=\"size-full wp-image-6966\" width=\"1024\" height=\"768\" srcset=\"https:\/\/www.voilco-aster.fr\/blog-sejours-vacances\/files\/2020\/07\/20982101-53b0-4f26-af4c-c0793c526ccd.jpg 1024w, https:\/\/www.voilco-aster.fr\/blog-sejours-vacances\/files\/2020\/07\/20982101-53b0-4f26-af4c-c0793c526ccd-300x225.jpg 300w, https:\/\/www.voilco-aster.fr\/blog-sejours-vacances\/files\/2020\/07\/20982101-53b0-4f26-af4c-c0793c526ccd-800x600.jpg 800w, https:\/\/www.voilco-aster.fr\/blog-sejours-vacances\/files\/2020\/07\/20982101-53b0-4f26-af4c-c0793c526ccd-768x576.jpg 768w\" sizes=\"auto, (max-width: 1024px) 100vw, 1024px\" \/><\/p>\n","protected":false},"excerpt":{"rendered":"<p>Bonjour les parents ! Les projets d&rsquo;animation arrivent \u00e0 leur terme. Un groupe est parti ce matin faire une randonn\u00e9e en cano\u00eb kayak sur une \u00eele. Une autre pr\u00e9pare une chasse au tr\u00e9sor pour le reste du groupe. Certains enfants se sont lanc\u00e9s dans la construction d&rsquo;une grande fus\u00e9e en bois dans un projet bricolage. &hellip; <a href=\"https:\/\/www.voilco-aster.fr\/blog-sejours-vacances\/2020\/07\/23\/des-nouvelles-de-la-colo-2\/\" class=\"more-link\">Continuer la lecture de <span class=\"screen-reader-text\">Des nouvelles de la colo<\/span><\/a><\/p>\n","protected":false},"author":3,"featured_media":0,"comment_status":"open","ping_status":"closed","sticky":false,"template":"","format":"standard","meta":{"footnotes":""},"categories":[1],"tags":[],"class_list":["post-6972","post","type-post","status-publish","format-standard","hentry","category-sejours-ete"],"_links":{"self":[{"href":"https:\/\/www.voilco-aster.fr\/blog-sejours-vacances\/wp-json\/wp\/v2\/posts\/6972","targetHints":{"allow":["GET"]}}],"collection":[{"href":"https:\/\/www.voilco-aster.fr\/blog-sejours-vacances\/wp-json\/wp\/v2\/posts"}],"about":[{"href":"https:\/\/www.voilco-aster.fr\/blog-sejours-vacances\/wp-json\/wp\/v2\/types\/post"}],"author":[{"embeddable":true,"href":"https:\/\/www.voilco-aster.fr\/blog-sejours-vacances\/wp-json\/wp\/v2\/users\/3"}],"replies":[{"embeddable":true,"href":"https:\/\/www.voilco-aster.fr\/blog-sejours-vacances\/wp-json\/wp\/v2\/comments?post=6972"}],"version-history":[{"count":1,"href":"https:\/\/www.voilco-aster.fr\/blog-sejours-vacances\/wp-json\/wp\/v2\/posts\/6972\/revisions"}],"predecessor-version":[{"id":6973,"href":"https:\/\/www.voilco-aster.fr\/blog-sejours-vacances\/wp-json\/wp\/v2\/posts\/6972\/revisions\/6973"}],"wp:attachment":[{"href":"https:\/\/www.voilco-aster.fr\/blog-sejours-vacances\/wp-json\/wp\/v2\/media?parent=6972"}],"wp:term":[{"taxonomy":"category","embeddable":true,"href":"https:\/\/www.voilco-aster.fr\/blog-sejours-vacances\/wp-json\/wp\/v2\/categories?post=6972"},{"taxonomy":"post_tag","embeddable":true,"href":"https:\/\/www.voilco-aster.fr\/blog-sejours-vacances\/wp-json\/wp\/v2\/tags?post=6972"}],"curies":[{"name":"wp","href":"https:\/\/api.w.org\/{rel}","templated":true}]}}