{"id":6979,"date":"2020-07-27T19:01:34","date_gmt":"2020-07-27T18:01:34","guid":{"rendered":"https:\/\/www.voilco-aster.fr\/blog-sejours-vacances\/?p=6979"},"modified":"2020-07-27T19:15:59","modified_gmt":"2020-07-27T18:15:59","slug":"le-sejour-ados-debute-a-saint-priest-de-gimel","status":"publish","type":"post","link":"https:\/\/www.voilco-aster.fr\/blog-sejours-vacances\/2020\/07\/27\/le-sejour-ados-debute-a-saint-priest-de-gimel\/","title":{"rendered":"Le s\u00e9jour ados d\u00e9bute \u00e0 Saint Priest de Gimel"},"content":{"rendered":"\n<p>Le s\u00e9jour ados a commenc\u00e9 samedi !<\/p>\n\n\n\n<figure class=\"wp-block-image size-large\"><img loading=\"lazy\" decoding=\"async\" width=\"1295\" height=\"971\" src=\"https:\/\/www.voilco-aster.fr\/blog-sejours-vacances\/files\/2020\/07\/img_1038.jpg\" alt=\"\" class=\"wp-image-6977\" srcset=\"https:\/\/www.voilco-aster.fr\/blog-sejours-vacances\/files\/2020\/07\/img_1038.jpg 1295w, https:\/\/www.voilco-aster.fr\/blog-sejours-vacances\/files\/2020\/07\/img_1038-300x225.jpg 300w, https:\/\/www.voilco-aster.fr\/blog-sejours-vacances\/files\/2020\/07\/img_1038-800x600.jpg 800w, https:\/\/www.voilco-aster.fr\/blog-sejours-vacances\/files\/2020\/07\/img_1038-768x576.jpg 768w\" sizes=\"auto, (max-width: 1295px) 100vw, 1295px\" \/><\/figure>\n\n\n\n<figure class=\"wp-block-image size-large\"><img loading=\"lazy\" decoding=\"async\" width=\"915\" height=\"686\" src=\"https:\/\/www.voilco-aster.fr\/blog-sejours-vacances\/files\/2020\/07\/img_1039.jpg\" alt=\"\" class=\"wp-image-6976\" srcset=\"https:\/\/www.voilco-aster.fr\/blog-sejours-vacances\/files\/2020\/07\/img_1039.jpg 915w, https:\/\/www.voilco-aster.fr\/blog-sejours-vacances\/files\/2020\/07\/img_1039-300x225.jpg 300w, https:\/\/www.voilco-aster.fr\/blog-sejours-vacances\/files\/2020\/07\/img_1039-800x600.jpg 800w, https:\/\/www.voilco-aster.fr\/blog-sejours-vacances\/files\/2020\/07\/img_1039-768x576.jpg 768w\" sizes=\"auto, (max-width: 915px) 100vw, 915px\" \/><\/figure>\n\n\n\n<figure class=\"wp-block-image size-large\"><img loading=\"lazy\" decoding=\"async\" width=\"1200\" height=\"1600\" src=\"https:\/\/www.voilco-aster.fr\/blog-sejours-vacances\/files\/2020\/07\/img_1041.jpg\" alt=\"\" class=\"wp-image-6978\" srcset=\"https:\/\/www.voilco-aster.fr\/blog-sejours-vacances\/files\/2020\/07\/img_1041.jpg 1200w, https:\/\/www.voilco-aster.fr\/blog-sejours-vacances\/files\/2020\/07\/img_1041-225x300.jpg 225w, https:\/\/www.voilco-aster.fr\/blog-sejours-vacances\/files\/2020\/07\/img_1041-600x800.jpg 600w, https:\/\/www.voilco-aster.fr\/blog-sejours-vacances\/files\/2020\/07\/img_1041-768x1024.jpg 768w, https:\/\/www.voilco-aster.fr\/blog-sejours-vacances\/files\/2020\/07\/img_1041-1152x1536.jpg 1152w\" sizes=\"auto, (max-width: 1200px) 100vw, 1200px\" \/><\/figure>\n","protected":false},"excerpt":{"rendered":"<p>Le s\u00e9jour ados a commenc\u00e9 samedi !<\/p>\n","protected":false},"author":1,"featured_media":0,"comment_status":"open","ping_status":"closed","sticky":false,"template":"","format":"standard","meta":{"footnotes":""},"categories":[1],"tags":[],"class_list":["post-6979","post","type-post","status-publish","format-standard","hentry","category-sejours-ete"],"_links":{"self":[{"href":"https:\/\/www.voilco-aster.fr\/blog-sejours-vacances\/wp-json\/wp\/v2\/posts\/6979","targetHints":{"allow":["GET"]}}],"collection":[{"href":"https:\/\/www.voilco-aster.fr\/blog-sejours-vacances\/wp-json\/wp\/v2\/posts"}],"about":[{"href":"https:\/\/www.voilco-aster.fr\/blog-sejours-vacances\/wp-json\/wp\/v2\/types\/post"}],"author":[{"embeddable":true,"href":"https:\/\/www.voilco-aster.fr\/blog-sejours-vacances\/wp-json\/wp\/v2\/users\/1"}],"replies":[{"embeddable":true,"href":"https:\/\/www.voilco-aster.fr\/blog-sejours-vacances\/wp-json\/wp\/v2\/comments?post=6979"}],"version-history":[{"count":2,"href":"https:\/\/www.voilco-aster.fr\/blog-sejours-vacances\/wp-json\/wp\/v2\/posts\/6979\/revisions"}],"predecessor-version":[{"id":6981,"href":"https:\/\/www.voilco-aster.fr\/blog-sejours-vacances\/wp-json\/wp\/v2\/posts\/6979\/revisions\/6981"}],"wp:attachment":[{"href":"https:\/\/www.voilco-aster.fr\/blog-sejours-vacances\/wp-json\/wp\/v2\/media?parent=6979"}],"wp:term":[{"taxonomy":"category","embeddable":true,"href":"https:\/\/www.voilco-aster.fr\/blog-sejours-vacances\/wp-json\/wp\/v2\/categories?post=6979"},{"taxonomy":"post_tag","embeddable":true,"href":"https:\/\/www.voilco-aster.fr\/blog-sejours-vacances\/wp-json\/wp\/v2\/tags?post=6979"}],"curies":[{"name":"wp","href":"https:\/\/api.w.org\/{rel}","templated":true}]}}